{"id":44988,"date":"2014-11-11T09:37:57","date_gmt":"2014-11-11T12:37:57","guid":{"rendered":"http:\/\/aconteceunovale.com.br\/portal\/?p=44988"},"modified":"2014-11-11T19:32:17","modified_gmt":"2014-11-11T22:32:17","slug":"bombeiros-procuram-por-terceira-vitima-do-acidente-aereo-na-divisa-de-minas-com-a-bahia","status":"publish","type":"post","link":"https:\/\/aconteceunovale.com.br\/portal\/?p=44988","title":{"rendered":"Bombeiros procuram por terceira v\u00edtima do acidente a\u00e9reo na divisa de Minas com a Bahia"},"content":{"rendered":"<h4><strong><em>Avi\u00e3o teria decolado de Salvador e caiu na tarde desta segunda-feira. Informa\u00e7\u00e3o foi confirmada pela Aeron\u00e1utica.<\/em><\/strong><\/h4>\n<div id=\"fb-root\"><\/div>\n<p>\t\t\t\t<script>(function(d, s, id) {\n\t\t\t\t  var js, fjs = d.getElementsByTagName(s)[0];\n\t\t\t\t  if (d.getElementById(id)) return;\n\t\t\t\t  js = d.createElement(s); js.id = id;\n\t\t\t\t  js.src = \"\/\/connect.facebook.net\/pt_BR\/sdk.js#xfbml=1&appId=691575364226355&version=v2.0\";\n\t\t\t\t  fjs.parentNode.insertBefore(js, fjs);\n\t\t\t\t}(document, 'script', 'facebook-jssdk'));<\/script><\/p>\n<div class=\"fb-like\" data-href=\"https:\/\/www.facebook.com\/aconteceunovale\" data-layout=\"button_count\" data-action=\"like\" data-show-faces=\"true\" data-share=\"true\"><\/div>\n<p><\/br><\/p>\n<p>O Corpo de Bombeiros de Te\u00f3filo Otoni realiza buscas por uma terceira v\u00edtima do <a href=\"http:\/\/aconteceunovale.com.br\/portal\/?p=44922\" target=\"_blank\">acidente a\u00e9reo ocorrido na tarde de segunda-feira, 10 de novembro, em uma fazenda perto da cidade de Bandeira, no Vale do Jequitinhonha<\/a>. Duas v\u00edtimas foram encontradas ainda ontem, entre elas est\u00e1 Lucas Henrique Felix Lima, de 21 anos. A aeronave de pequeno porte teria decolado de Salvador e teria como destino a cidade de Belo Horizonte.<\/p>\n<p><img decoding=\"async\" src=\"http:\/\/aconteceunovale.com.br\/portal\/wp-content\/uploads\/2014\/11\/aviao_cai_em_bandeira.jpg\" alt=\"\" \/><em>Avi\u00e3o caiu em uma fazenda pr\u00f3ximo ao munic\u00edpio de Bandeira (Foto: Moabe Pereira)<\/em><br \/>\n<\/br><\/p>\n<p>Equipes do Corpo de Bombeiros, Pol\u00edcia Civil e Pol\u00edcia Militar vasculham a regi\u00e3o conhecida como Mata do Passarinho, na divisa de Minas Gerais com o estado da Bahia, em busca do terceiro ocupante do avi\u00e3o, que est\u00e1 desaparecido. De acordo com a Pol\u00edcia Militar, o avi\u00e3o bateu em uma serra e estaria chovendo no momento. Moradores da regi\u00e3o relataram que teriam ouvido um estrondo, semelhante a uma explos\u00e3o.<\/p>\n<p><img decoding=\"async\" src=\"http:\/\/aconteceunovale.com.br\/portal\/wp-content\/uploads\/2014\/11\/vitima_acidente_bandeira.jpg\" alt=\"\" \/><em>O Jovem Lucas Henrique Felix Lima morreu no local \u2013 Foto: Reprodu\u00e7\u00e3o<\/em><br \/>\n<\/br><\/p>\n<h4>LEIA MAIS [+]<\/h4>\n<p><a href=\"http:\/\/aconteceunovale.com.br\/portal\/?p=45066\" target=\"_blank\">&#8211; V\u00edtimas de acidente a\u00e9reo no Vale do Jequitinhonha s\u00e3o identificadas<\/a><br \/>\n<a href=\"http:\/\/aconteceunovale.com.br\/portal\/?p=45013\" target=\"_blank\">&#8211; Corpo da terceira v\u00edtima de queda de avi\u00e3o \u00e9 encontrado em Bandeira<\/a><br \/>\n<a href=\"http:\/\/aconteceunovale.com.br\/portal\/?p=44988\" target=\"_blank\">&#8211; Bombeiros procuram por terceira v\u00edtima do acidente a\u00e9reo na divisa de Minas com a Bahia<\/a><br \/>\n<a href=\"http:\/\/aconteceunovale.com.br\/portal\/?p=44970\" target=\"_blank\">&#8211; Duas pessoas morrem em queda de avi\u00e3o no Vale do Jequitinhonha<\/a><br \/>\n<a href=\"http:\/\/aconteceunovale.com.br\/portal\/?p=44922\" target=\"_blank\">&#8211; Avi\u00e3o cai no Vale do Jequitinhonha e deixa pelo menos dois mortos<\/a><\/p>\n<h4>Avi\u00e3o decolou de Salvador<\/h4>\n<p>De acordo com a assessoria da Aeron\u00e1utica, o avi\u00e3o de matr\u00edcula PT-WVM partiu do aeroporto de Salvador e tinha como destino a cidade de Belo Horizonte. Uma equipe do Terceiro Servi\u00e7o Regional de Investiga\u00e7\u00e3o e Preven\u00e7\u00e3o de Acidentes Aeron\u00e1uticos (SERIPA III), sediado no Rio de Janeiro, foi enviado ao local da queda. Eles v\u00e3o iniciar as investiga\u00e7\u00f5es para entender quais os fatores que contribu\u00edram para o acidente.<\/p>\n<p>A Aeron\u00e1utica n\u00e3o soube informar o hor\u00e1rio no qual o avi\u00e3o decolou, mas afirmou que um sinal de alerta foi emitido pela aeronave \u00e0s 13h e, a partir da\u00ed, come\u00e7aram-se as buscas que resultaram no resgate de dois corpos.<\/p>\n<p>De acordo com o Centro de Investiga\u00e7\u00e3o e Preven\u00e7\u00e3o de Acidentes Aeron\u00e1uticos (CENIPA), informa\u00e7\u00f5es n\u00e3o confirmadas apontam que tr\u00eas pessoas estavam no avi\u00e3o, no momento da decolagem.<\/p>\n<p><img decoding=\"async\" src=\"http:\/\/aconteceunovale.com.br\/portal\/wp-content\/uploads\/2014\/11\/acidente_areo_bandeira_nova_1.jpg\" alt=\"\" \/><em>Avi\u00e3o caiu em uma fazenda pr\u00f3ximo ao munic\u00edpio de Bandeira (Foto: Internauta\/WhatsApp)<\/em><\/p>\n","protected":false},"excerpt":{"rendered":"<p>Avi\u00e3o teria decolado de Salvador e caiu na tarde desta segunda-feira. Informa\u00e7\u00e3o foi confirmada pela Aeron\u00e1utica. O Corpo de Bombeiros de Te\u00f3filo Otoni realiza buscas por uma terceira v\u00edtima do acidente a\u00e9reo ocorrido na tarde de segunda-feira, 10 de novembro, em uma fazenda perto da cidade de Bandeira, no Vale do Jequitinhonha. Duas v\u00edtimas foram [&hellip;]<\/p>\n","protected":false},"author":1,"featured_media":44989,"comment_status":"open","ping_status":"closed","sticky":false,"template":"","format":"standard","meta":{"amp_status":"","footnotes":""},"categories":[120],"tags":[22477,22478,22518,22473,22508,22509,22474,22472,22504,22505,22506,22507,353,194,22540,22539,22541,22537,22536,22514,22511,22512,22510,22581,22582,22529,22517,22538,22519,22520,22521,22522,22516,22475,22476,21177,1104,6531,22515,22513],"class_list":["post-44988","post","type-post","status-publish","format-standard","has-post-thumbnail","hentry","category-jequi","tag-acidente-com-aviao-em-bandeira","tag-acidente-com-aviao-no-vale-do-jequitinhonha","tag-acidente-com-lucas-henrique-lima","tag-aviao-cai-em-bandeira","tag-aviao-cai-na-divisa-da-bahia-com-minas-gerais","tag-aviao-cai-na-divisa-de-minas-gerais-com-a-bahia","tag-aviao-cai-no-vale-do-jequitinhonha","tag-aviao-cai-no-vale-do-jequitinhonha-e-deixa-pelo-menos-dois-mortos","tag-aviao-de-recife","tag-aviao-de-recife-cai-em-minas-gerais","tag-aviao-de-recife-cai-no-vale-do-jequitinhonha","tag-aviao-do-recife-cai-no-vale-do-jequitinhonha","tag-bandeira","tag-belo-horizonte","tag-bombeiros-procuram-por-terceira-vitima-do-acidente-aereo-em-bandeira","tag-bombeiros-procuram-por-terceira-vitima-do-acidente-aereo-na-divisa-de-minas-com-a-bahia","tag-bombeiros-procuram-por-terceira-vitima-do-acidente-aereo-no-vale-do-jequitinhonha","tag-cenipa","tag-centro-de-investigacao-e-prevencao-de-acidentes-aeronauticos","tag-ceripa-iii","tag-fotos-do-acidente-com-aviao-em-bandeira","tag-fotos-do-acidente-com-aviao-na-divisa-de-minas-com-a-bahia","tag-fotos-do-acidente-com-aviao-no-vale-do-jequitinhonha","tag-ivys-brandao-moreno","tag-ivys-monte-costa","tag-lucas-henrique-felix-lima","tag-lucas-henrique-lima","tag-mata-do-passarinho","tag-morre-lucas-henrique-lima","tag-morre-o-piloto-lucas-henrique-lima","tag-morte-do-piloto-de-salvador-lucas-henrique-lima","tag-piloto-de-salvador","tag-pt-wvn-modelo-a36-bonanza","tag-queda-de-aviao-em-bandeira","tag-queda-de-aviao-no-vale-do-jequitinhonha","tag-recife","tag-rio-de-janeiro","tag-salvador","tag-seripa-iii","tag-terceiro-servico-regional-de-investigacao-e-prevencao-de-acidentes-aeronauticos"],"_links":{"self":[{"href":"https:\/\/aconteceunovale.com.br\/portal\/index.php?rest_route=\/wp\/v2\/posts\/44988","targetHints":{"allow":["GET"]}}],"collection":[{"href":"https:\/\/aconteceunovale.com.br\/portal\/index.php?rest_route=\/wp\/v2\/posts"}],"about":[{"href":"https:\/\/aconteceunovale.com.br\/portal\/index.php?rest_route=\/wp\/v2\/types\/post"}],"author":[{"embeddable":true,"href":"https:\/\/aconteceunovale.com.br\/portal\/index.php?rest_route=\/wp\/v2\/users\/1"}],"replies":[{"embeddable":true,"href":"https:\/\/aconteceunovale.com.br\/portal\/index.php?rest_route=%2Fwp%2Fv2%2Fcomments&post=44988"}],"version-history":[{"count":0,"href":"https:\/\/aconteceunovale.com.br\/portal\/index.php?rest_route=\/wp\/v2\/posts\/44988\/revisions"}],"wp:featuredmedia":[{"embeddable":true,"href":"https:\/\/aconteceunovale.com.br\/portal\/index.php?rest_route=\/wp\/v2\/media\/44989"}],"wp:attachment":[{"href":"https:\/\/aconteceunovale.com.br\/portal\/index.php?rest_route=%2Fwp%2Fv2%2Fmedia&parent=44988"}],"wp:term":[{"taxonomy":"category","embeddable":true,"href":"https:\/\/aconteceunovale.com.br\/portal\/index.php?rest_route=%2Fwp%2Fv2%2Fcategories&post=44988"},{"taxonomy":"post_tag","embeddable":true,"href":"https:\/\/aconteceunovale.com.br\/portal\/index.php?rest_route=%2Fwp%2Fv2%2Ftags&post=44988"}],"curies":[{"name":"wp","href":"https:\/\/api.w.org\/{rel}","templated":true}]}}