{"id":44961,"date":"2014-11-10T21:38:50","date_gmt":"2014-11-11T00:38:50","guid":{"rendered":"http:\/\/aconteceunovale.com.br\/portal\/?p=44961"},"modified":"2014-11-10T21:39:29","modified_gmt":"2014-11-11T00:39:29","slug":"chuva-com-granizo-e-ventos-fortes-provoca-estragos-em-diamantina","status":"publish","type":"post","link":"https:\/\/aconteceunovale.com.br\/portal\/?p=44961","title":{"rendered":"Chuva com granizo e ventos fortes provoca estragos em Diamantina"},"content":{"rendered":"<div id=\"fb-root\"><\/div>\n<p>\t\t\t\t<script>(function(d, s, id) {\n\t\t\t\t  var js, fjs = d.getElementsByTagName(s)[0];\n\t\t\t\t  if (d.getElementById(id)) return;\n\t\t\t\t  js = d.createElement(s); js.id = id;\n\t\t\t\t  js.src = \"\/\/connect.facebook.net\/pt_BR\/sdk.js#xfbml=1&appId=691575364226355&version=v2.0\";\n\t\t\t\t  fjs.parentNode.insertBefore(js, fjs);\n\t\t\t\t}(document, 'script', 'facebook-jssdk'));<\/script><\/p>\n<div class=\"fb-like\" data-href=\"https:\/\/www.facebook.com\/aconteceunovale\" data-layout=\"button_count\" data-action=\"like\" data-show-faces=\"true\" data-share=\"true\"><\/div>\n<p><\/br><\/p>\n<p>Um temporal provocou estragos na tarde desta segunda-feira, 10 de novembro, em v\u00e1rios pontos da cidade de Diamantina, no Vale do Jequitinhonha. <\/p>\n<p>A chuva com ventos fortes e granizo caiu por poucos minutos, mas foi o suficiente para derrubar \u00e1rvores e alagar v\u00e1rios pontos da cidade, deixando lama espalhada e provocando preju\u00edzos em resid\u00eancias e estabelecimentos comerciais.<\/p>\n<p>Na Pra\u00e7a Bras\u00edlia, uma \u00e1rvore de grande porte foi arrancada pela raiz. De acordo com informa\u00e7\u00f5es de moradores, algumas casas foram destelhadas e antenas foram arrancadas pelo vento. <\/p>\n<p><img decoding=\"async\" src=\"http:\/\/aconteceunovale.com.br\/portal\/wp-content\/uploads\/2014\/11\/temporal_dtna_10_2.jpg\" alt=\"\" \/><em><strong>Foto e informa\u00e7\u00f5es da p\u00e1gina Jornal Diamantina.<\/strong><\/em><\/p>\n","protected":false},"excerpt":{"rendered":"<p>Um temporal provocou estragos na tarde desta segunda-feira, 10 de novembro, em v\u00e1rios pontos da cidade de Diamantina, no Vale do Jequitinhonha. A chuva com ventos fortes e granizo caiu por poucos minutos, mas foi o suficiente para derrubar \u00e1rvores e alagar v\u00e1rios pontos da cidade, deixando lama espalhada e provocando preju\u00edzos em resid\u00eancias e [&hellip;]<\/p>\n","protected":false},"author":1,"featured_media":44962,"comment_status":"open","ping_status":"closed","sticky":false,"template":"","format":"standard","meta":{"amp_status":"","footnotes":""},"categories":[120],"tags":[22523,22524,198,22526,22525],"class_list":["post-44961","post","type-post","status-publish","format-standard","has-post-thumbnail","hentry","category-jequi","tag-chuva-com-granizo-e-ventos-fortes-provoca-estragos-em-diamantina","tag-chuva-em-diamantina","tag-diamantina","tag-estragos-da-chuva-em-diamantina","tag-temporal-em-diamantina"],"_links":{"self":[{"href":"https:\/\/aconteceunovale.com.br\/portal\/index.php?rest_route=\/wp\/v2\/posts\/44961","targetHints":{"allow":["GET"]}}],"collection":[{"href":"https:\/\/aconteceunovale.com.br\/portal\/index.php?rest_route=\/wp\/v2\/posts"}],"about":[{"href":"https:\/\/aconteceunovale.com.br\/portal\/index.php?rest_route=\/wp\/v2\/types\/post"}],"author":[{"embeddable":true,"href":"https:\/\/aconteceunovale.com.br\/portal\/index.php?rest_route=\/wp\/v2\/users\/1"}],"replies":[{"embeddable":true,"href":"https:\/\/aconteceunovale.com.br\/portal\/index.php?rest_route=%2Fwp%2Fv2%2Fcomments&post=44961"}],"version-history":[{"count":0,"href":"https:\/\/aconteceunovale.com.br\/portal\/index.php?rest_route=\/wp\/v2\/posts\/44961\/revisions"}],"wp:featuredmedia":[{"embeddable":true,"href":"https:\/\/aconteceunovale.com.br\/portal\/index.php?rest_route=\/wp\/v2\/media\/44962"}],"wp:attachment":[{"href":"https:\/\/aconteceunovale.com.br\/portal\/index.php?rest_route=%2Fwp%2Fv2%2Fmedia&parent=44961"}],"wp:term":[{"taxonomy":"category","embeddable":true,"href":"https:\/\/aconteceunovale.com.br\/portal\/index.php?rest_route=%2Fwp%2Fv2%2Fcategories&post=44961"},{"taxonomy":"post_tag","embeddable":true,"href":"https:\/\/aconteceunovale.com.br\/portal\/index.php?rest_route=%2Fwp%2Fv2%2Ftags&post=44961"}],"curies":[{"name":"wp","href":"https:\/\/api.w.org\/{rel}","templated":true}]}}