{"id":44937,"date":"2014-11-10T19:07:56","date_gmt":"2014-11-10T22:07:56","guid":{"rendered":"http:\/\/aconteceunovale.com.br\/portal\/?p=44937"},"modified":"2014-11-10T19:08:21","modified_gmt":"2014-11-10T22:08:21","slug":"presidio-de-aguas-formosas-firma-parceria-para-trabalho-de-presos-em-fabrica-de-blocos","status":"publish","type":"post","link":"https:\/\/aconteceunovale.com.br\/portal\/?p=44937","title":{"rendered":"Pres\u00eddio de \u00c1guas Formosas firma parceria para trabalho de presos em f\u00e1brica de blocos"},"content":{"rendered":"<h4><strong><em>Acordo prev\u00ea a fabrica\u00e7\u00e3o de blocos de concreto, fabricados pelos detentos, que ser\u00e3o utilizados no cal\u00e7amento de ruas da cidade<\/em><\/strong><\/h4>\n<div id=\"fb-root\"><\/div>\n<p>\t\t\t\t<script>(function(d, s, id) {\n\t\t\t\t  var js, fjs = d.getElementsByTagName(s)[0];\n\t\t\t\t  if (d.getElementById(id)) return;\n\t\t\t\t  js = d.createElement(s); js.id = id;\n\t\t\t\t  js.src = \"\/\/connect.facebook.net\/pt_BR\/sdk.js#xfbml=1&appId=691575364226355&version=v2.0\";\n\t\t\t\t  fjs.parentNode.insertBefore(js, fjs);\n\t\t\t\t}(document, 'script', 'facebook-jssdk'));<\/script><\/p>\n<div class=\"fb-like\" data-href=\"https:\/\/www.facebook.com\/aconteceunovale\" data-layout=\"button_count\" data-action=\"like\" data-show-faces=\"true\" data-share=\"true\"><\/div>\n<p><\/br><\/p>\n<p>O Pres\u00eddio de \u00c1guas Formosas, situado no Vale do Mucuri, tem 15 presos produzindo diariamente cerca de 800 blocos de concreto, que ser\u00e3o utilizados no cal\u00e7amento de ruas da cidade. A produ\u00e7\u00e3o ocorre em uma f\u00e1brica de blocos de concreto da Prefeitura, cujas atividades iniciaram neste m\u00eas, gra\u00e7as \u00e0 assinatura de um Termo de Coopera\u00e7\u00e3o T\u00e9cnica (TCT), com dura\u00e7\u00e3o inicial de 24 meses, podendo ser prorrogado. A produ\u00e7\u00e3o das pe\u00e7as funciona fora da unidade prisional com m\u00e3o de obra de detentos do regime fechado e semiaberto, selecionados por uma comiss\u00e3o multidisciplinar do pres\u00eddio e as sa\u00eddas s\u00e3o autorizadas pelo Poder Judici\u00e1rio.<\/p>\n<p><img decoding=\"async\" src=\"http:\/\/aconteceunovale.com.br\/portal\/wp-content\/uploads\/2014\/11\/presos_aguas_formosas_1.jpg\" alt=\"\" \/><em>Presos produzem cerca de 800 blocos de concreto por dia &#8211; Foto: Saulo Galv\u00e3o\/Ag\u00eancia Minas<\/em><br \/>\n<\/br><\/p>\n<p>O diretor-geral da unidade, Marc\u00edlio Pinheiro de Brito, explica que as vagas ser\u00e3o mantidas durante os dois anos do Termo, mesmo que haja progress\u00e3o de pena ou desligamento por algum motivo. \u201cNovos presos poder\u00e3o ser escolhidos pela Comiss\u00e3o T\u00e9cnica de Classifica\u00e7\u00e3o (CTC) da unidade e ainda h\u00e1 a possibilidade de cria\u00e7\u00e3o de novas vagas.\u201d A CTC \u00e9 um \u00f3rg\u00e3o colegiado, determinado pela Lei de Execu\u00e7\u00e3o penal (Lep), respons\u00e1vel pela elabora\u00e7\u00e3o do plano de ressocializa\u00e7\u00e3o do indiv\u00edduo privado de liberdade e respons\u00e1vel por avalia\u00e7\u00f5es quanto \u00e0 evolu\u00e7\u00e3o e execu\u00e7\u00e3o da pena.<\/p>\n<p>\u201cA rela\u00e7\u00e3o custo-benef\u00edcio \u00e9 muito vantajosa em diversos aspectos, al\u00e9m dos inumer\u00e1veis fatores sociais, como a integra\u00e7\u00e3o dos presos na sociedade e a produ\u00e7\u00e3o de um bem que ser\u00e1 utilizado para melhorias da cidade\u201d, destaca o prefeito de \u00c1guas Formosas, Carlos Souza, conhecido como Carlinhos. A meta de produ\u00e7\u00e3o dos blocos de concreto \u00e9 chegar a 1.000 pe\u00e7as por dia. \u201cEsta parceira foi poss\u00edvel pelo bom relacionamento com a Promotoria de Justi\u00e7a e a dire\u00e7\u00e3o-geral do Pres\u00eddio de \u00c1guas Formosas\u201d, revela o prefeito.<\/p>\n<p><img decoding=\"async\" src=\"http:\/\/aconteceunovale.com.br\/portal\/wp-content\/uploads\/2014\/11\/presos_aguas_formosas_2.jpg\" alt=\"\" \/><em>Presos produzem cerca de 800 blocos de concreto por dia &#8211; Foto: Saulo Galv\u00e3o\/Ag\u00eancia Minas<\/em><br \/>\n<\/br><\/p>\n<p>A parceria tem o objetivo de contribuir na profissionaliza\u00e7\u00e3o dos presos e consequentemente no processo de ressocializa\u00e7\u00e3o. \u201cVamos estreitar os la\u00e7os entre os entes da administra\u00e7\u00e3o p\u00fablica, buscando criar novas oportunidades de inser\u00e7\u00e3o dos detentos, e egressos do sistema prisional\u201d explica o diretor-geral, Marc\u00edlio Pinheiro Brito.<\/p>\n<p>Pelo trabalho, os detentos ter\u00e3o direito \u00e0 remi\u00e7\u00e3o de pena, ou seja, a cada tr\u00eas dias de trabalho menos um na senten\u00e7a e tamb\u00e9m remunera\u00e7\u00e3o. A f\u00e1brica funciona de segunda a sexta-feira, das 8h \u00e0s 17h. Na inaugura\u00e7\u00e3o dos trabalhos estiveram presentes o juiz de Direito da Comarca, Adilson da Silva da Concei\u00e7\u00e3o, o prefeito municipal, Carlos Souza e o diretor do Pres\u00eddio de \u00c1guas Formosas. <\/p>\n<h4>Dedica\u00e7\u00e3o<\/h4>\n<p><img decoding=\"async\" src=\"http:\/\/aconteceunovale.com.br\/portal\/wp-content\/uploads\/2014\/11\/presos_aguas_formosas_3.jpg\" alt=\"\" \/><em>Presos produzem cerca de 800 blocos de concreto por dia &#8211; Foto: Saulo Galv\u00e3o\/Ag\u00eancia Minas<\/em><br \/>\n<\/br><\/p>\n<p>\u201cAcordo \u00e0s 5 horas da manh\u00e3, sou o primeiro a ficar pronto. Estou me esfor\u00e7ando bastante, acho que muitos outros gostariam tamb\u00e9m de ter esta oportunidade. Temos remi\u00e7\u00e3o de pena, remunera\u00e7\u00e3o e um ambiente de muito respeito\u201d, conta empolgado o detento Gilmar Gomes Barbosa, de 27 anos. Este \u00e9 um dos 15 homens do Pres\u00eddio de \u00c1guas Formosas que integram a parceria de trabalho firmada entre a unidade e a prefeitura. Gilmar cumpre pena no regime fechado h\u00e1 um ano e sete meses, tem uma filha de seis anos e a fam\u00edlia mora em Jequitinhonha, situada a aproximadamente 80 quil\u00f4metros de \u00c1guas Formosas. \u201cCheguei a trabalhar por tr\u00eas anos na constru\u00e7\u00e3o civil em Belo Horizonte, acredito neste novo trabalho como uma forma de ajudar financeiramente minha fam\u00edlia e mudar de vida.\u201d<\/p>\n<p>Atualmente, cerca de 13 mil detentos trabalham no estado em ocupa\u00e7\u00f5es de diversos segmentos como mec\u00e2nica, serralheria, marcenaria, tornearia, costura e atividades  agropecu\u00e1rias.  As a\u00e7\u00f5es s\u00e3o realizadas por meio de aproximadamente 300 parcerias entre a Secretaria de Defesa Social (Seds) e empresas no Estado. Al\u00e9m disso, outros 6.500 estudam enquanto cumprem pena no sistema prisional mineiro. Eles representam 29% do total de presos condenados sob a cust\u00f3dia da Suapi. As informa\u00e7\u00f5es s\u00e3o da <strong>Ag\u00eancia Minas<\/strong>.<\/p>\n","protected":false},"excerpt":{"rendered":"<p>Acordo prev\u00ea a fabrica\u00e7\u00e3o de blocos de concreto, fabricados pelos detentos, que ser\u00e3o utilizados no cal\u00e7amento de ruas da cidade O Pres\u00eddio de \u00c1guas Formosas, situado no Vale do Mucuri, tem 15 presos produzindo diariamente cerca de 800 blocos de concreto, que ser\u00e3o utilizados no cal\u00e7amento de ruas da cidade. A produ\u00e7\u00e3o ocorre em uma [&hellip;]<\/p>\n","protected":false},"author":1,"featured_media":44938,"comment_status":"open","ping_status":"closed","sticky":false,"template":"","format":"standard","meta":{"amp_status":"","footnotes":""},"categories":[122],"tags":[1536,1018,22491,22490,22493,22489,22492],"class_list":["post-44937","post","type-post","status-publish","format-standard","has-post-thumbnail","hentry","category-mucuri","tag-aguas-formosas","tag-destaque","tag-presidio-de-aguas-formosas","tag-presidio-de-aguas-formosas-firma-parceria-para-trabalho-de-presos-em-fabrica","tag-presidio-de-aguas-formosas-firma-parceria-para-trabalho-de-presos-em-fabrica-de-blocos","tag-presidio-no-vale-do-mucuri-firma-parceria-para-trabalho-de-presos-em-fabrica","tag-presos-de-aguas-formosas"],"_links":{"self":[{"href":"https:\/\/aconteceunovale.com.br\/portal\/index.php?rest_route=\/wp\/v2\/posts\/44937","targetHints":{"allow":["GET"]}}],"collection":[{"href":"https:\/\/aconteceunovale.com.br\/portal\/index.php?rest_route=\/wp\/v2\/posts"}],"about":[{"href":"https:\/\/aconteceunovale.com.br\/portal\/index.php?rest_route=\/wp\/v2\/types\/post"}],"author":[{"embeddable":true,"href":"https:\/\/aconteceunovale.com.br\/portal\/index.php?rest_route=\/wp\/v2\/users\/1"}],"replies":[{"embeddable":true,"href":"https:\/\/aconteceunovale.com.br\/portal\/index.php?rest_route=%2Fwp%2Fv2%2Fcomments&post=44937"}],"version-history":[{"count":0,"href":"https:\/\/aconteceunovale.com.br\/portal\/index.php?rest_route=\/wp\/v2\/posts\/44937\/revisions"}],"wp:featuredmedia":[{"embeddable":true,"href":"https:\/\/aconteceunovale.com.br\/portal\/index.php?rest_route=\/wp\/v2\/media\/44938"}],"wp:attachment":[{"href":"https:\/\/aconteceunovale.com.br\/portal\/index.php?rest_route=%2Fwp%2Fv2%2Fmedia&parent=44937"}],"wp:term":[{"taxonomy":"category","embeddable":true,"href":"https:\/\/aconteceunovale.com.br\/portal\/index.php?rest_route=%2Fwp%2Fv2%2Fcategories&post=44937"},{"taxonomy":"post_tag","embeddable":true,"href":"https:\/\/aconteceunovale.com.br\/portal\/index.php?rest_route=%2Fwp%2Fv2%2Ftags&post=44937"}],"curies":[{"name":"wp","href":"https:\/\/api.w.org\/{rel}","templated":true}]}}