{"id":44918,"date":"2014-11-10T09:18:14","date_gmt":"2014-11-10T12:18:14","guid":{"rendered":"http:\/\/aconteceunovale.com.br\/portal\/?p=44918"},"modified":"2014-11-10T09:18:14","modified_gmt":"2014-11-10T12:18:14","slug":"plantao-do-samu-no-norte-de-minas-gerais-08-e-09-de-novembro-de-2014","status":"publish","type":"post","link":"https:\/\/aconteceunovale.com.br\/portal\/?p=44918","title":{"rendered":"Plant\u00e3o do Samu no Norte de Minas Gerais &#8211; 08 e 09 de novembro de 2014"},"content":{"rendered":"<h4><em><strong>Final de semana, 08 e 09 de novembro de 2014<\/strong><\/em><\/h4>\n<div id=\"fb-root\"><\/div>\n<p>\t\t\t\t<script>(function(d, s, id) {\n\t\t\t\t  var js, fjs = d.getElementsByTagName(s)[0];\n\t\t\t\t  if (d.getElementById(id)) return;\n\t\t\t\t  js = d.createElement(s); js.id = id;\n\t\t\t\t  js.src = \"\/\/connect.facebook.net\/pt_BR\/sdk.js#xfbml=1&appId=691575364226355&version=v2.0\";\n\t\t\t\t  fjs.parentNode.insertBefore(js, fjs);\n\t\t\t\t}(document, 'script', 'facebook-jssdk'));<\/script><\/p>\n<div class=\"fb-like\" data-href=\"https:\/\/www.facebook.com\/aconteceunovale\" data-layout=\"button_count\" data-action=\"like\" data-show-faces=\"true\" data-share=\"true\"><\/div>\n<p><\/br><\/p>\n<p>A unidade do SAMU de Montes Claros realizou neste final de semana, 08 e 09 de novembro, 123 atendimentos, sendo 80 casos cl\u00ednicos, 36 atendimentos em decorr\u00eancia de acidente de tr\u00e2nsito, 04 feridos por arma branca, 02 por agress\u00e3o f\u00edsica e 01 ferido por arma branca.<\/p>\n<p>Na madrugada desta segunda-feira, um homem de 37 anos ficou ferido ap\u00f3s capotar o caminh\u00e3o na BR-365, km 67, zona rural de Montes Claros. <\/p>\n<p>No domingo, 09\/11, a unidade do Samu realizou 18 atendimentos a v\u00edtimas de acidente envolvendo motocicleta; um homem de 25 anos, ferido em uma colis\u00e3o entre carro e caminh\u00e3o, ocorrida na rua Belo Horizonte, regi\u00e3o central de Montes Claros; uma mulher de 26 anos que se feriu ap\u00f3s colidir de carro contra uma \u00e1rvore na MG-135, a sete quil\u00f4metros depois de Nova Esperan\u00e7a; e um homem de 65 anos que caiu de bicicleta na Avenida Geraldo Athayde.<\/p>\n<p>Tamb\u00e9m no domingo foram atendidas tr\u00eas pessoas feridas por arma branca, sendo uma mulher de 26 anos, um homem de 31 anos e outro de 36 anos.<\/p>\n<p>No s\u00e1bado, 09\/11, a unidade do Samu realizou 15 atendimentos a v\u00edtimas de acidente envolvendo motocicleta; uma adolescente de 15 anos, v\u00edtima de agress\u00e3o f\u00edsica, e um homem de 28 anos, v\u00edtima de ferimento por arma de foto, no bairro Renascen\u00e7a.<\/p>\n<p>Em todas as ocorr\u00eancias os feridos receberam os primeiros atendimentos no local e foram encaminhados ao hospital para avalia\u00e7\u00e3o.<\/p>\n","protected":false},"excerpt":{"rendered":"<p>Final de semana, 08 e 09 de novembro de 2014 A unidade do SAMU de Montes Claros realizou neste final de semana, 08 e 09 de novembro, 123 atendimentos, sendo 80 casos cl\u00ednicos, 36 atendimentos em decorr\u00eancia de acidente de tr\u00e2nsito, 04 feridos por arma branca, 02 por agress\u00e3o f\u00edsica e 01 ferido por arma [&hellip;]<\/p>\n","protected":false},"author":1,"featured_media":37592,"comment_status":"open","ping_status":"closed","sticky":false,"template":"","format":"standard","meta":{"amp_status":"","footnotes":""},"categories":[1236],"tags":[22467,18516,145,22468,13731,4040,22466],"class_list":["post-44918","post","type-post","status-publish","format-standard","has-post-thumbnail","hentry","category-norte_de_minas","tag-atendimentos-do-samu-macro-norte","tag-atendimentos-do-samu-no-norte-de-minas","tag-norte-de-minas","tag-plantao-do-samu-no-norte-de-minas-gerais-08-e-09-de-novembro-de-2014","tag-samu","tag-samu-macro-norte","tag-samu-norte-de-minas"],"_links":{"self":[{"href":"https:\/\/aconteceunovale.com.br\/portal\/index.php?rest_route=\/wp\/v2\/posts\/44918","targetHints":{"allow":["GET"]}}],"collection":[{"href":"https:\/\/aconteceunovale.com.br\/portal\/index.php?rest_route=\/wp\/v2\/posts"}],"about":[{"href":"https:\/\/aconteceunovale.com.br\/portal\/index.php?rest_route=\/wp\/v2\/types\/post"}],"author":[{"embeddable":true,"href":"https:\/\/aconteceunovale.com.br\/portal\/index.php?rest_route=\/wp\/v2\/users\/1"}],"replies":[{"embeddable":true,"href":"https:\/\/aconteceunovale.com.br\/portal\/index.php?rest_route=%2Fwp%2Fv2%2Fcomments&post=44918"}],"version-history":[{"count":0,"href":"https:\/\/aconteceunovale.com.br\/portal\/index.php?rest_route=\/wp\/v2\/posts\/44918\/revisions"}],"wp:featuredmedia":[{"embeddable":true,"href":"https:\/\/aconteceunovale.com.br\/portal\/index.php?rest_route=\/wp\/v2\/media\/37592"}],"wp:attachment":[{"href":"https:\/\/aconteceunovale.com.br\/portal\/index.php?rest_route=%2Fwp%2Fv2%2Fmedia&parent=44918"}],"wp:term":[{"taxonomy":"category","embeddable":true,"href":"https:\/\/aconteceunovale.com.br\/portal\/index.php?rest_route=%2Fwp%2Fv2%2Fcategories&post=44918"},{"taxonomy":"post_tag","embeddable":true,"href":"https:\/\/aconteceunovale.com.br\/portal\/index.php?rest_route=%2Fwp%2Fv2%2Ftags&post=44918"}],"curies":[{"name":"wp","href":"https:\/\/api.w.org\/{rel}","templated":true}]}}