{"id":44896,"date":"2014-11-09T21:20:32","date_gmt":"2014-11-10T00:20:32","guid":{"rendered":"http:\/\/aconteceunovale.com.br\/portal\/?p=44896"},"modified":"2014-11-09T21:26:13","modified_gmt":"2014-11-10T00:26:13","slug":"celebracao-pelos-25-anos-da-queda-do-muro-de-berlim-reune-2-milhoes-de-pessoas","status":"publish","type":"post","link":"https:\/\/aconteceunovale.com.br\/portal\/?p=44896","title":{"rendered":"Celebra\u00e7\u00e3o pelos 25 anos da queda do Muro de Berlim re\u00fane 2 milh\u00f5es de pessoas"},"content":{"rendered":"<div id=\"fb-root\"><\/div>\n<p>\t\t\t\t<script>(function(d, s, id) {\n\t\t\t\t  var js, fjs = d.getElementsByTagName(s)[0];\n\t\t\t\t  if (d.getElementById(id)) return;\n\t\t\t\t  js = d.createElement(s); js.id = id;\n\t\t\t\t  js.src = \"\/\/connect.facebook.net\/pt_BR\/sdk.js#xfbml=1&appId=691575364226355&version=v2.0\";\n\t\t\t\t  fjs.parentNode.insertBefore(js, fjs);\n\t\t\t\t}(document, 'script', 'facebook-jssdk'));<\/script><\/p>\n<div class=\"fb-like\" data-href=\"https:\/\/www.facebook.com\/aconteceunovale\" data-layout=\"button_count\" data-action=\"like\" data-show-faces=\"true\" data-share=\"true\"><\/div>\n<p><\/br><\/p>\n<p>Mais de 2 milh\u00f5es de pessoas, de v\u00e1rias partes da Alemanha e de diferentes pa\u00edses, participaram hoje (9) da grande festa em homenagem aos 25 anos da queda do Muro de Berlim. As ruas que circundam o Port\u00e3o de Brandemburgo, onde um grande palco foi montado para abrigar apresenta\u00e7\u00f5es art\u00edsticas durante todo o dia, foram tomadas pela multid\u00e3o, que aguardava com ansiedade o lan\u00e7amento aos c\u00e9us dos 8 mil bal\u00f5es que recriaram o trajeto do muro durante o fim de semana.<\/p>\n<p><img decoding=\"async\" src=\"http:\/\/aconteceunovale.com.br\/portal\/wp-content\/uploads\/2014\/11\/queda_muro_berlin_2.jpg\" alt=\"\" \/><em>Os bal\u00f5es alinhados ao longo de 15 quil\u00f4metros onde havia o antigo muro foram soltos por volta das 19h de Berlim &#8211; Foto: Soeren Stache \/ Ag\u00eancia Lusa<\/em><br \/>\n<\/br><\/p>\n<p>Pouco depois das 19h (16h da tarde em Bras\u00edlia), com a presen\u00e7a do presidente Joachim Gauck, da chanceler alem\u00e3, Angela Merkel, e do ex-l\u00edder sovi\u00e9tico, Mikhail Gorbachev, os pontos de luz ganharam os c\u00e9us, relembrando a derrubada do muro e emocionando a multid\u00e3o. Pessoas se apertavam em busca do melhor \u00e2ngulo para registrar com suas c\u00e2meras o momento hist\u00f3rico. Alguns aplaudiam. Outros, se abra\u00e7avam. O alem\u00e3o Uli Hochstadt, que em 9 de novembro de 1989 viu o Muro de Berlim ser derrubado pelo povo, n\u00e3o tinha palavras pra expressar o que sentia. \u201c\u00c9 um momento muito importante pra mim. Mal consigo falar, tamanha a emo\u00e7\u00e3o\u201d, disse ele.<\/p>\n<p>A festa, que come\u00e7ou cedo e avan\u00e7ou pela noite, contou com v\u00e1rias apresenta\u00e7\u00f5es, entre elas a do cantor brit\u00e2nico Peter Gabriel, que encantou com uma vers\u00e3o da m\u00fasica Heroes, de David Bowie, acompanhado pela \u00d3pera Estatal de Berlim. Um minuto de sil\u00eancio foi feito em honra aos que morreram tentando atravessar o muro. O brasileiro Luiz Alberto, que viu a barreira de concreto de perto quando era crian\u00e7a, em uma viagem \u00e0 capital alem\u00e3, estava fascinado. \u201cEu vim aqui s\u00f3 pra acompanhar esse evento. \u00c9 super emocionante, estou vendo a hist\u00f3ria acontecer\u201d, disse ele.<\/p>\n<p><img decoding=\"async\" src=\"http:\/\/aconteceunovale.com.br\/portal\/wp-content\/uploads\/2014\/11\/queda_muro_berlin_1.jpg\" alt=\"\" \/><em>As comemora\u00e7\u00f5es pelos 25 anos de derrubada do Muro de Berlim levaram 2 milh\u00f5es de pessoas \u00e0s ruas que circundam o Port\u00e3o de Brandemburgo &#8211; Foto: Britta Pedersen \/ Ag\u00eancia Lusa<\/em><br \/>\n<\/br><\/p>\n<p>Ao subir ao palco, Gorbachev, que \u00e9 reconhecido pela sua importante contribui\u00e7\u00e3o para a abertura da ex-Uni\u00e3o Sovi\u00e9tica, foi aclamado pela multid\u00e3o, mas n\u00e3o discursou. No dia de intensas comemora\u00e7\u00f5es, Angela Merkel fez um \u00fanico discurso durante um evento pela manh\u00e3, no Memorial do Muro de Berlim. Ela afirmou que o dia de comemora\u00e7\u00e3o da queda do muro \u00e9 tamb\u00e9m um dia para pensar nos que morreram com sede de liberdade. \u201cA queda do Muro nos mostrou que \u00e9 poss\u00edvel realizar sonhos e que nem tudo deve ficar como est\u00e1. Esse pensamento, n\u00f3s queremos dividir com nossos parceiros em todo o mundo\u201d, conclui a chanceler. As informa\u00e7\u00f5es s\u00e3o da <strong>Ag\u00eancia Brasil<\/strong>.<\/p>\n","protected":false},"excerpt":{"rendered":"<p>Mais de 2 milh\u00f5es de pessoas, de v\u00e1rias partes da Alemanha e de diferentes pa\u00edses, participaram hoje (9) da grande festa em homenagem aos 25 anos da queda do Muro de Berlim. As ruas que circundam o Port\u00e3o de Brandemburgo, onde um grande palco foi montado para abrigar apresenta\u00e7\u00f5es art\u00edsticas durante todo o dia, foram [&hellip;]<\/p>\n","protected":false},"author":1,"featured_media":44897,"comment_status":"open","ping_status":"closed","sticky":false,"template":"","format":"standard","meta":{"amp_status":"","footnotes":""},"categories":[6],"tags":[22436,22442,22444,22435,22439,22437,22441,22440,22438,22443,22393,22404,22412,22418,22446,22427,22445,22396,22405,22419,22401,22420,22406,22399,22429,22433,22452,22417,22392,22407,22413,22421,22430,22426,22447,22451,22415,22453,22434,22448,22397,22422,22414,22428,22400,22411,22410,22424,22450,22408,22402,22423,22394,22409,22431,22449,22398,22425,22416,22395,22432,22403],"class_list":{"0":"post-44896","1":"post","2":"type-post","3":"status-publish","4":"format-standard","5":"has-post-thumbnail","6":"hentry","7":"category-br","8":"tag-22436","9":"tag-22442","10":"tag-22444","11":"tag-------25-","13":"tag-22437","14":"tag-22441","15":"tag--gauck","16":"tag-22438","17":"tag-22443","18":"tag-25-anos-da-queda-do-muro-de-berlim","19":"tag-25-anos-de-la-caida-de-berlin","20":"tag-25-anos-de-la-caida-del-muro-de-berlin","21":"tag-25-ans-de-la-chute-du-mur-de-berlin","22":"tag-25-jahre-fall-der-berliner-mauer","23":"tag-25-years-of-the-fall-of-the-berlin-wall","24":"tag-25---","25":"tag-alemanha","26":"tag-alemania","27":"tag-allemagne","28":"tag-angela-merkel","29":"tag-brandebourg","30":"tag-brandeburgo","31":"tag-brandemburgo","32":"tag-brandenburg","33":"tag-brandenburg-gate","34":"tag-brandenburger-tor","35":"tag-caida-del-muro-de-berlin","36":"tag-celebracao-pelos-25-anos-da-queda-do-muro-de-berlim-reune-2-milhoes-de-pessoas","37":"tag-celebracion-de-la-pared-por-el-25-aniversario-de-la-caida-del-muro-de-berlin-reune-a-2-millones-de-personas-fiesta-en-honor-del-25-aniversario-de-la-caida-del-muro-de-berlin","38":"tag-celebraciones-por-el-25-aniversario-de-la-caida-del-muro-de-berlin-reune-a-dos-millones-de-personas","39":"tag-celebration-du-25e-anniversaire-de-la-chute-du-mur-de-berlin-reunit-deux-millions-de-personnes","40":"tag-celebrations-for-the-25th-anniversary-of-the-fall-of-the-berlin-wall-brings-together-two-million-people","41":"tag-chute-du-mur-de-berlin","42":"tag-deutschland","43":"tag-die-berliner-mauer","44":"tag-el-muro-de-berlin","45":"tag-fall-der-berliner-mauer","46":"tag-fall-of-the-berlin-wall","47":"tag-feiern-zum-25-jahrestag-des-falls-der-berliner-mauer-bringt-zwei-millionen-menschen","48":"tag-festa-em-homenagem-aos-25-anos-da-queda-do-muro-de-berlim","49":"tag-fete-en-lhonneur-du-25e-anniversaire-de-la-chute-du-mur-de-berlin","50":"tag-fiesta-en-honor-del-25-aniversario-de-la-caida-del-muro-de-berlin","51":"tag-germany","52":"tag-joachim-gauck","53":"tag-la-caida-del-muro-de-berlin","54":"tag-la-puerta-de-brandenburgo","55":"tag-le-mur-de-berlin","56":"tag-michail-gorbatschow","57":"tag-mijail-gorbachov","58":"tag-mikhail-gorbachev","59":"tag-mikhail-gorbatchev","60":"tag-muro-de-berlim","61":"tag-muro-de-berlin","62":"tag-party-in-honor-of-the-25th-anniversary-of-the-fall-of-the-berlin-wall","63":"tag-party-zu-ehren-des-25-jahrestages-des-falls-der-berliner-mauer","64":"tag-portao-de-brandemburgo","65":"tag-porte-de-brandebourg","66":"tag-puerta-de-brandenburgo","67":"tag-queda-do-muro-de-berlim","68":"tag-the-berlin-wall","69":"tag-uli-hochstadt"},"_links":{"self":[{"href":"https:\/\/aconteceunovale.com.br\/portal\/index.php?rest_route=\/wp\/v2\/posts\/44896","targetHints":{"allow":["GET"]}}],"collection":[{"href":"https:\/\/aconteceunovale.com.br\/portal\/index.php?rest_route=\/wp\/v2\/posts"}],"about":[{"href":"https:\/\/aconteceunovale.com.br\/portal\/index.php?rest_route=\/wp\/v2\/types\/post"}],"author":[{"embeddable":true,"href":"https:\/\/aconteceunovale.com.br\/portal\/index.php?rest_route=\/wp\/v2\/users\/1"}],"replies":[{"embeddable":true,"href":"https:\/\/aconteceunovale.com.br\/portal\/index.php?rest_route=%2Fwp%2Fv2%2Fcomments&post=44896"}],"version-history":[{"count":0,"href":"https:\/\/aconteceunovale.com.br\/portal\/index.php?rest_route=\/wp\/v2\/posts\/44896\/revisions"}],"wp:featuredmedia":[{"embeddable":true,"href":"https:\/\/aconteceunovale.com.br\/portal\/index.php?rest_route=\/wp\/v2\/media\/44897"}],"wp:attachment":[{"href":"https:\/\/aconteceunovale.com.br\/portal\/index.php?rest_route=%2Fwp%2Fv2%2Fmedia&parent=44896"}],"wp:term":[{"taxonomy":"category","embeddable":true,"href":"https:\/\/aconteceunovale.com.br\/portal\/index.php?rest_route=%2Fwp%2Fv2%2Fcategories&post=44896"},{"taxonomy":"post_tag","embeddable":true,"href":"https:\/\/aconteceunovale.com.br\/portal\/index.php?rest_route=%2Fwp%2Fv2%2Ftags&post=44896"}],"curies":[{"name":"wp","href":"https:\/\/api.w.org\/{rel}","templated":true}]}}