{"id":44894,"date":"2014-11-09T21:14:23","date_gmt":"2014-11-10T00:14:23","guid":{"rendered":"http:\/\/aconteceunovale.com.br\/portal\/?p=44894"},"modified":"2014-11-09T21:14:23","modified_gmt":"2014-11-10T00:14:23","slug":"enem-2014-tem-28-de-abstencao-e-1519-candidatos-eliminados","status":"publish","type":"post","link":"https:\/\/aconteceunovale.com.br\/portal\/?p=44894","title":{"rendered":"Enem 2014 tem 28% de absten\u00e7\u00e3o e 1519 candidatos eliminados"},"content":{"rendered":"<div id=\"fb-root\"><\/div>\n<p>\t\t\t\t<script>(function(d, s, id) {\n\t\t\t\t  var js, fjs = d.getElementsByTagName(s)[0];\n\t\t\t\t  if (d.getElementById(id)) return;\n\t\t\t\t  js = d.createElement(s); js.id = id;\n\t\t\t\t  js.src = \"\/\/connect.facebook.net\/pt_BR\/sdk.js#xfbml=1&appId=691575364226355&version=v2.0\";\n\t\t\t\t  fjs.parentNode.insertBefore(js, fjs);\n\t\t\t\t}(document, 'script', 'facebook-jssdk'));<\/script><\/p>\n<div class=\"fb-like\" data-href=\"https:\/\/www.facebook.com\/aconteceunovale\" data-layout=\"button_count\" data-action=\"like\" data-show-faces=\"true\" data-share=\"true\"><\/div>\n<p><\/br><\/p>\n<p>O Exame Nacional do Ensino M\u00e9dio (Enem) teve 28,64% de absten\u00e7\u00e3o, o que equivale a 2,4 milh\u00f5es de candidatos. Mais 1.519 foram eliminados por desrespeitarem as regras do exame. Desses, 236 foram eliminados por uso indevido de celulares. O balan\u00e7o foi divulgado nesta noite pelo ministro da Educa\u00e7\u00e3o, Henrique Paim. Na an\u00e1lise do ministro, a aplica\u00e7\u00e3o transcorreu com &#8220;tranquilidade, o que mostra que chegamos a um momento de consolida\u00e7\u00e3o desse processo&#8221;. O Enem foi aplicado neste s\u00e1bado e domingo em 1,7 mil munic\u00edpios.<\/p>\n<p>&#8220;Tomamos medidas importantes no sentido que houvesse maior conscientiza\u00e7\u00e3o das pessoas que se inscreveram no Enem, chamando a aten\u00e7\u00e3o delas de que \u00e9 importante a participa\u00e7\u00e3o [no respeito \u00e0s regras]. Tivemos uma melhora pequena&#8221;, avalia o ministro. &#8220;Vamos trabalhar e ver qual medida que temos que tomar, especialmente com os reincidentes&#8221;, acrescentou, ressaltando que podem ser tomadas medidas mais duras.<\/p>\n<p>No ano passado, a taxa de absten\u00e7\u00e3o alcan\u00e7ou 29,7%, e e as elimina\u00e7\u00f5es chegaram a 1,5 mil, sendo 47 por uso indevido de celular. Os n\u00fameros desse ano, segundo Paim, ainda podem aumentar com a an\u00e1lise das atas de cada local de prova. &#8220;N\u00f3s vamos continuar ampliando o processo e o rigor para que qualquer tipo de perturba\u00e7\u00e3o e fraude seja coibido&#8221;, disse.<\/p>\n<p>Paim tamb\u00e9m voltou a lamentar a morte de Edivania Florinda de Assis, em Olinda (PE). Segundo ele, houve tamb\u00e9m um nascimento, em Caucaia (CE), de uma crian\u00e7a chamada J\u00falia. A m\u00e3e, Maria Alves Viera, entrou em trabalho de parto durante a prova. O ministro tamb\u00e9m confirmou que ocorreram ao menos tr\u00eas pris\u00f5es, mas n\u00e3o divulgou o n\u00famero oficial. Isso ser\u00e1 feito, segundo ele, posteriormente, com a presen\u00e7a da Pol\u00edcia Federal.<\/p>\n<p>Pelo Twitter, a presidenta Dilma Rousseff agradeceu aos colaboradores no Enem e disse: &#8220;A consolida\u00e7\u00e3o do #Enem permite que mais estudantes possam ter aceso \u00e0s oportunidades criadas pelo #Sisu e entrar na universidade p\u00fablica&#8221;. Ela tamb\u00e9m disse que o Enem foi um sucesso de organiza\u00e7\u00e3o e &#8220;candidatas e candidatos tiveram condi\u00e7\u00f5es para realizar suas provas com tranq\u00fcilidade e buscar seu sonho na universidade&#8221;. As informa\u00e7\u00f5es s\u00e3o da <strong>Ag\u00eancia Brasil<\/strong>.<\/p>\n","protected":false},"excerpt":{"rendered":"<p>O Exame Nacional do Ensino M\u00e9dio (Enem) teve 28,64% de absten\u00e7\u00e3o, o que equivale a 2,4 milh\u00f5es de candidatos. Mais 1.519 foram eliminados por desrespeitarem as regras do exame. Desses, 236 foram eliminados por uso indevido de celulares. O balan\u00e7o foi divulgado nesta noite pelo ministro da Educa\u00e7\u00e3o, Henrique Paim. Na an\u00e1lise do ministro, a [&hellip;]<\/p>\n","protected":false},"author":1,"featured_media":28404,"comment_status":"open","ping_status":"closed","sticky":false,"template":"","format":"standard","meta":{"amp_status":"","footnotes":""},"categories":[6],"tags":[22389,22348,22385,22384,22383,524,6662,22382,22387,19776,22386,22390,22391,22306,22388,20508],"class_list":["post-44894","post","type-post","status-publish","format-standard","has-post-thumbnail","hentry","category-br","tag-balanco","tag-candidatos-eliminados-do-enem","tag-caucaia","tag-edivania-florinda-de-assis","tag-eliminados-do-enem-2014","tag-enem","tag-enem-2014","tag-enem-2014-tem-28-de-abstencao-e-1-519-candidatos-eliminados","tag-enem-2014-tem-28-de-abstencao-e-1519-candidatos-eliminados","tag-exame-nacional-do-ensino-medio","tag-maria-alves-viera","tag-ministerio-da-educacao","tag-ministro-henrique-paim","tag-olinda","tag-provas","tag-resultado"],"_links":{"self":[{"href":"https:\/\/aconteceunovale.com.br\/portal\/index.php?rest_route=\/wp\/v2\/posts\/44894","targetHints":{"allow":["GET"]}}],"collection":[{"href":"https:\/\/aconteceunovale.com.br\/portal\/index.php?rest_route=\/wp\/v2\/posts"}],"about":[{"href":"https:\/\/aconteceunovale.com.br\/portal\/index.php?rest_route=\/wp\/v2\/types\/post"}],"author":[{"embeddable":true,"href":"https:\/\/aconteceunovale.com.br\/portal\/index.php?rest_route=\/wp\/v2\/users\/1"}],"replies":[{"embeddable":true,"href":"https:\/\/aconteceunovale.com.br\/portal\/index.php?rest_route=%2Fwp%2Fv2%2Fcomments&post=44894"}],"version-history":[{"count":0,"href":"https:\/\/aconteceunovale.com.br\/portal\/index.php?rest_route=\/wp\/v2\/posts\/44894\/revisions"}],"wp:featuredmedia":[{"embeddable":true,"href":"https:\/\/aconteceunovale.com.br\/portal\/index.php?rest_route=\/wp\/v2\/media\/28404"}],"wp:attachment":[{"href":"https:\/\/aconteceunovale.com.br\/portal\/index.php?rest_route=%2Fwp%2Fv2%2Fmedia&parent=44894"}],"wp:term":[{"taxonomy":"category","embeddable":true,"href":"https:\/\/aconteceunovale.com.br\/portal\/index.php?rest_route=%2Fwp%2Fv2%2Fcategories&post=44894"},{"taxonomy":"post_tag","embeddable":true,"href":"https:\/\/aconteceunovale.com.br\/portal\/index.php?rest_route=%2Fwp%2Fv2%2Ftags&post=44894"}],"curies":[{"name":"wp","href":"https:\/\/api.w.org\/{rel}","templated":true}]}}