{"id":44885,"date":"2014-11-09T16:57:04","date_gmt":"2014-11-09T19:57:04","guid":{"rendered":"http:\/\/aconteceunovale.com.br\/portal\/?p=44885"},"modified":"2014-11-09T21:32:45","modified_gmt":"2014-11-10T00:32:45","slug":"jovem-e-executado-a-tiros-durante-festa-em-bairro-de-governador-valadares","status":"publish","type":"post","link":"https:\/\/aconteceunovale.com.br\/portal\/?p=44885","title":{"rendered":"Jovem \u00e9 executado a tiros durante festa em bairro de Governador Valadares"},"content":{"rendered":"<h4><strong><em>V\u00edtima participava de uma festa na quadra poliesportiva do bairro. Autor do crime \u00e9 procurado pela Pol\u00edcia.<\/em><\/strong><\/h4>\n<div id=\"fb-root\"><\/div>\n<p>\t\t\t\t<script>(function(d, s, id) {\n\t\t\t\t  var js, fjs = d.getElementsByTagName(s)[0];\n\t\t\t\t  if (d.getElementById(id)) return;\n\t\t\t\t  js = d.createElement(s); js.id = id;\n\t\t\t\t  js.src = \"\/\/connect.facebook.net\/pt_BR\/sdk.js#xfbml=1&appId=691575364226355&version=v2.0\";\n\t\t\t\t  fjs.parentNode.insertBefore(js, fjs);\n\t\t\t\t}(document, 'script', 'facebook-jssdk'));<\/script><\/p>\n<div class=\"fb-like\" data-href=\"https:\/\/www.facebook.com\/aconteceunovale\" data-layout=\"button_count\" data-action=\"like\" data-show-faces=\"true\" data-share=\"true\"><\/div>\n<p><\/br><\/p>\n<p>Um rapaz de 19 anos foi assassinado a tiros na manh\u00e3 deste domingo, 9 de novembro, no bairro Ip\u00ea, em Governador Valadares, no Leste de Minas Gerais. Um outro rapaz, da mesma idade, tamb\u00e9m foi atingido pelos disparos e ficou ferido.<\/p>\n<p>Policiais militares faziam patrulha no aglomerado Vila Uni\u00e3o e ouviram disparos de arma de fogo. Na rua Peroba, no bairro Jardim Ip\u00ea, encontraram W.S.S. ferido e com muito sangramento. Ele contou que tinham tentado mat\u00e1-lo e que Tiago Batista Souza Teot\u00f4nio tinha sido morto.<\/p>\n<p>O ferido foi levado para um pronto-socorro pelo Servi\u00e7o de Atendimento M\u00f3vel de Urg\u00eancia (Samu). Ele foi atingido por tr\u00eas tiros, sendo um no bra\u00e7o esquerdo, um na perna direita e na barriga.<\/p>\n<p>A v\u00edtima ainda informou que W.R.T.M, 21, conhecido pelo apelido de &#8220;Rato&#8221;, seria o autor dos disparos. Os policiais foram at\u00e9 a casa do homem, mas ele conseguiu fugir, sendo localizado mais tarde em um Gol. No carro, como motorista, estava um mototaxista que sempre atendia ao suspeito.<\/p>\n<p>Ele contou que estava em casa quando recebeu um telefonema solicitando uma corrida, mas de carro, para o centro da cidade. O poss\u00edvel atirador foi preso. Um segundo homem que teria envolvimento nos crimes n\u00e3o foi localizado. As informa\u00e7\u00f5es s\u00e3o do <strong>Portal O Tempo<\/strong>.<\/p>\n","protected":false},"excerpt":{"rendered":"<p>V\u00edtima participava de uma festa na quadra poliesportiva do bairro. Autor do crime \u00e9 procurado pela Pol\u00edcia. Um rapaz de 19 anos foi assassinado a tiros na manh\u00e3 deste domingo, 9 de novembro, no bairro Ip\u00ea, em Governador Valadares, no Leste de Minas Gerais. Um outro rapaz, da mesma idade, tamb\u00e9m foi atingido pelos disparos [&hellip;]<\/p>\n","protected":false},"author":1,"featured_media":44886,"comment_status":"open","ping_status":"closed","sticky":false,"template":"","format":"standard","meta":{"amp_status":"","footnotes":""},"categories":[121],"tags":[247,21863,22376,22375,22374,22371,22377,22372,22373,22454],"class_list":["post-44885","post","type-post","status-publish","format-standard","has-post-thumbnail","hentry","category-leste","tag-governador-valadares","tag-homicidio-em-valadares","tag-homicidio-no-bairro-ipe-em-governador-valadares","tag-homicidio-no-bairro-ipe-em-gv","tag-homicidio-no-bairro-ipe-em-valadares","tag-jovem-e-executado-a-tiros-durante-festa-em-bairro-de-governador-valadares","tag-morte-no-bairro-ipe","tag-tiago-batista-de-souza","tag-tiago-batista-de-souza-teotonio","tag-tiago-batista-souza-teotonio"],"_links":{"self":[{"href":"https:\/\/aconteceunovale.com.br\/portal\/index.php?rest_route=\/wp\/v2\/posts\/44885","targetHints":{"allow":["GET"]}}],"collection":[{"href":"https:\/\/aconteceunovale.com.br\/portal\/index.php?rest_route=\/wp\/v2\/posts"}],"about":[{"href":"https:\/\/aconteceunovale.com.br\/portal\/index.php?rest_route=\/wp\/v2\/types\/post"}],"author":[{"embeddable":true,"href":"https:\/\/aconteceunovale.com.br\/portal\/index.php?rest_route=\/wp\/v2\/users\/1"}],"replies":[{"embeddable":true,"href":"https:\/\/aconteceunovale.com.br\/portal\/index.php?rest_route=%2Fwp%2Fv2%2Fcomments&post=44885"}],"version-history":[{"count":0,"href":"https:\/\/aconteceunovale.com.br\/portal\/index.php?rest_route=\/wp\/v2\/posts\/44885\/revisions"}],"wp:featuredmedia":[{"embeddable":true,"href":"https:\/\/aconteceunovale.com.br\/portal\/index.php?rest_route=\/wp\/v2\/media\/44886"}],"wp:attachment":[{"href":"https:\/\/aconteceunovale.com.br\/portal\/index.php?rest_route=%2Fwp%2Fv2%2Fmedia&parent=44885"}],"wp:term":[{"taxonomy":"category","embeddable":true,"href":"https:\/\/aconteceunovale.com.br\/portal\/index.php?rest_route=%2Fwp%2Fv2%2Fcategories&post=44885"},{"taxonomy":"post_tag","embeddable":true,"href":"https:\/\/aconteceunovale.com.br\/portal\/index.php?rest_route=%2Fwp%2Fv2%2Ftags&post=44885"}],"curies":[{"name":"wp","href":"https:\/\/api.w.org\/{rel}","templated":true}]}}