{"id":44879,"date":"2014-11-09T12:59:54","date_gmt":"2014-11-09T15:59:54","guid":{"rendered":"http:\/\/aconteceunovale.com.br\/portal\/?p=44879"},"modified":"2014-11-09T12:59:54","modified_gmt":"2014-11-09T15:59:54","slug":"motociclista-morre-e-esposa-fica-gravemente-ferida-em-acidente-na-mg-117","status":"publish","type":"post","link":"https:\/\/aconteceunovale.com.br\/portal\/?p=44879","title":{"rendered":"Motociclista morre e esposa fica gravemente ferida em acidente na MG-117"},"content":{"rendered":"<h4><strong><em>Acidente ocorreu no per\u00edmetro urbano de Coluna. O motociclista Adonias Kennedy n\u00e3o resistiu aos ferimentos e veio a \u00f3bito.<\/em><\/strong><\/h4>\n<div id=\"fb-root\"><\/div>\n<p>\t\t\t\t<script>(function(d, s, id) {\n\t\t\t\t  var js, fjs = d.getElementsByTagName(s)[0];\n\t\t\t\t  if (d.getElementById(id)) return;\n\t\t\t\t  js = d.createElement(s); js.id = id;\n\t\t\t\t  js.src = \"\/\/connect.facebook.net\/pt_BR\/sdk.js#xfbml=1&appId=691575364226355&version=v2.0\";\n\t\t\t\t  fjs.parentNode.insertBefore(js, fjs);\n\t\t\t\t}(document, 'script', 'facebook-jssdk'));<\/script><\/p>\n<div class=\"fb-like\" data-href=\"https:\/\/www.facebook.com\/aconteceunovale\" data-layout=\"button_count\" data-action=\"like\" data-show-faces=\"true\" data-share=\"true\"><\/div>\n<p><\/br><\/p>\n<p>Um homem morreu e uma mulher ficou gravemente ferida em um acidente envolvendo carro e moto na tarde de s\u00e1bado, 08 de novembro, na MG-117, em Coluna, no Vale do Rio Doce. As causas do acidente ainda n\u00e3o foram esclarecidas.<\/p>\n<p><img decoding=\"async\" src=\"http:\/\/aconteceunovale.com.br\/portal\/wp-content\/uploads\/2014\/11\/acidente_casal_ita.jpg\" alt=\"\" \/><em>O motociclista, Adonias Kennedy, n\u00e3o resistiu aos ferimentos e faleceu. Sua esposa, Juliana, est\u00e1 internada com ferimentos graves &#8211; Foto: Reprodu\u00e7\u00e3o\/Facebook<\/em><br \/>\n<\/br><\/p>\n<p>De acordo com informa\u00e7\u00f5es, o casal itamarandibano Adonias Kennedy e Juliana Macedo, seguia, para S\u00e3o Sebasti\u00e3o do Maranh\u00e3o, em uma motocicleta, quando se envolveram no acidente com um carro no per\u00edmetro urbano da cidade de Coluna.<\/p>\n<p>Com o impacto da batida, o motociclista n\u00e3o resistiu aos ferimentos e faleceu. A esposa dele, Juliana, foi encaminhada para um hospital de Diamantina com graves ferimentos. O estado de sa\u00fade dela n\u00e3o foi divulgado.<\/p>\n<p>O corpo de Adonias foi encaminhado ao Instituto M\u00e9dico Legal, em Governador Valadares, e ap\u00f3s os procedimentos de praxe ser\u00e1 liberado para o vel\u00f3rio, que de acordo com informa\u00e7\u00f5es de familiares est\u00e1 previsto para ser realizado a partir das 14 horas em Itamarandiba.<\/p>\n","protected":false},"excerpt":{"rendered":"<p>Acidente ocorreu no per\u00edmetro urbano de Coluna. O motociclista Adonias Kennedy n\u00e3o resistiu aos ferimentos e veio a \u00f3bito. Um homem morreu e uma mulher ficou gravemente ferida em um acidente envolvendo carro e moto na tarde de s\u00e1bado, 08 de novembro, na MG-117, em Coluna, no Vale do Rio Doce. As causas do acidente [&hellip;]<\/p>\n","protected":false},"author":1,"featured_media":44880,"comment_status":"open","ping_status":"closed","sticky":false,"template":"","format":"standard","meta":{"amp_status":"","footnotes":""},"categories":[120],"tags":[22366,22363,22368,22364,22361,22365,1018,22367,22369,247,22362,22358,22359,22360],"class_list":["post-44879","post","type-post","status-publish","format-standard","has-post-thumbnail","hentry","category-jequi","tag-acidente-com-adonias-kennedy","tag-acidente-com-casal-de-itamarandiba","tag-acidente-com-juliana-macedo","tag-acidente-com-motociclista-de-itamarandiba","tag-acidente-em-coluna","tag-adonias-kennedy","tag-destaque","tag-fotos-do-acidente-com-adonias-kennedy","tag-fotos-do-acidente-com-juliana-macedo","tag-governador-valadares","tag-motociclista-de-itamarandiba","tag-motociclista-de-itamarandiba-morre-e-esposa-fica-gravemente-ferida-em-acidente-na-mg-117","tag-motociclista-morre-e-esposa-fica-gravemente-ferida-em-acidente-na-mg-117","tag-motociclista-morre-e-esposa-fica-gravemente-ferida-em-acidente-na-mg-117-em-coluna"],"yoast_head":"<!-- This site is optimized with the Yoast SEO plugin v28.3 - https:\/\/yoast.com\/product\/yoast-seo-wordpress\/ -->\n<title>Motociclista morre e esposa fica gravemente ferida em acidente na MG-117 - Aconteceu no Vale<\/title>\n<meta name=\"robots\" content=\"index, follow, max-snippet:-1, max-image-preview:large, max-video-preview:-1\" \/>\n<link rel=\"canonical\" href=\"https:\/\/aconteceunovale.com.br\/portal\/?p=44879\" \/>\n<meta property=\"og:locale\" content=\"pt_BR\" \/>\n<meta property=\"og:type\" content=\"article\" \/>\n<meta property=\"og:title\" content=\"Motociclista morre e esposa fica gravemente ferida em acidente na MG-117 - Aconteceu no Vale\" \/>\n<meta property=\"og:description\" content=\"Acidente ocorreu no per\u00edmetro urbano de Coluna. O motociclista Adonias Kennedy n\u00e3o resistiu aos ferimentos e veio a \u00f3bito. Um homem morreu e uma mulher ficou gravemente ferida em um acidente envolvendo carro e moto na tarde de s\u00e1bado, 08 de novembro, na MG-117, em Coluna, no Vale do Rio Doce. As causas do acidente [&hellip;]\" \/>\n<meta property=\"og:url\" content=\"https:\/\/aconteceunovale.com.br\/portal\/?p=44879\" \/>\n<meta property=\"og:site_name\" content=\"Aconteceu no Vale\" \/>\n<meta property=\"article:publisher\" content=\"https:\/\/www.facebook.com\/aconteceunovale\/\" \/>\n<meta property=\"article:published_time\" content=\"2014-11-09T15:59:54+00:00\" \/>\n<meta property=\"og:image\" content=\"https:\/\/aconteceunovale.com.br\/portal\/wp-content\/uploads\/2014\/11\/acidente_casal_ita.jpg\" \/>\n\t<meta property=\"og:image:width\" content=\"678\" \/>\n\t<meta property=\"og:image:height\" content=\"432\" \/>\n\t<meta property=\"og:image:type\" content=\"image\/jpeg\" \/>\n<meta name=\"author\" content=\"Aconteceu no Vale\" \/>\n<meta name=\"twitter:card\" content=\"summary_large_image\" \/>\n<meta name=\"twitter:creator\" content=\"@noticiadosvales\" \/>\n<meta name=\"twitter:site\" content=\"@noticiadosvales\" \/>\n<meta name=\"twitter:label1\" content=\"Escrito por\" \/>\n\t<meta name=\"twitter:data1\" content=\"Aconteceu no Vale\" \/>\n\t<meta name=\"twitter:label2\" content=\"Est. tempo de leitura\" \/>\n\t<meta name=\"twitter:data2\" content=\"1 minuto\" \/>\n<script type=\"application\/ld+json\" class=\"yoast-schema-graph\">{\"@context\":\"https:\\\/\\\/schema.org\",\"@graph\":[{\"@type\":\"Article\",\"@id\":\"https:\\\/\\\/aconteceunovale.com.br\\\/portal\\\/?p=44879#article\",\"isPartOf\":{\"@id\":\"https:\\\/\\\/aconteceunovale.com.br\\\/portal\\\/?p=44879\"},\"author\":{\"name\":\"Aconteceu no Vale\",\"@id\":\"https:\\\/\\\/aconteceunovale.com.br\\\/portal\\\/#\\\/schema\\\/person\\\/633529146f2c94272bef50ac2953d589\"},\"headline\":\"Motociclista morre e esposa fica gravemente ferida em acidente na MG-117\",\"datePublished\":\"2014-11-09T15:59:54+00:00\",\"mainEntityOfPage\":{\"@id\":\"https:\\\/\\\/aconteceunovale.com.br\\\/portal\\\/?p=44879\"},\"wordCount\":222,\"commentCount\":0,\"image\":{\"@id\":\"https:\\\/\\\/aconteceunovale.com.br\\\/portal\\\/?p=44879#primaryimage\"},\"thumbnailUrl\":\"https:\\\/\\\/aconteceunovale.com.br\\\/portal\\\/wp-content\\\/uploads\\\/2014\\\/11\\\/acidente_casal_ita.jpg\",\"keywords\":[\"acidente com Adonias Kennedy\",\"acidente com casal de itamarandiba\",\"acidente com Juliana Macedo\",\"acidente com Motociclista de Itamarandiba\",\"acidente em coluna\",\"Adonias Kennedy\",\"destaque\",\"fotos do acidente com Adonias Kennedy\",\"fotos do acidente com Juliana Macedo\",\"Governador Valadares\",\"Motociclista de Itamarandiba\",\"Motociclista de Itamarandiba morre e esposa fica gravemente ferida em acidente na MG-117\",\"Motociclista morre e esposa fica gravemente ferida em acidente na MG-117\",\"Motociclista morre e esposa fica gravemente ferida em acidente na MG-117 em coluna\"],\"articleSection\":[\"Vale do Jequitinhonha\"],\"inLanguage\":\"pt-BR\",\"potentialAction\":[{\"@type\":\"CommentAction\",\"name\":\"Comment\",\"target\":[\"https:\\\/\\\/aconteceunovale.com.br\\\/portal\\\/?p=44879#respond\"]}]},{\"@type\":\"WebPage\",\"@id\":\"https:\\\/\\\/aconteceunovale.com.br\\\/portal\\\/?p=44879\",\"url\":\"https:\\\/\\\/aconteceunovale.com.br\\\/portal\\\/?p=44879\",\"name\":\"Motociclista morre e esposa fica gravemente ferida em acidente na MG-117 - Aconteceu no Vale\",\"isPartOf\":{\"@id\":\"https:\\\/\\\/aconteceunovale.com.br\\\/portal\\\/#website\"},\"primaryImageOfPage\":{\"@id\":\"https:\\\/\\\/aconteceunovale.com.br\\\/portal\\\/?p=44879#primaryimage\"},\"image\":{\"@id\":\"https:\\\/\\\/aconteceunovale.com.br\\\/portal\\\/?p=44879#primaryimage\"},\"thumbnailUrl\":\"https:\\\/\\\/aconteceunovale.com.br\\\/portal\\\/wp-content\\\/uploads\\\/2014\\\/11\\\/acidente_casal_ita.jpg\",\"datePublished\":\"2014-11-09T15:59:54+00:00\",\"author\":{\"@id\":\"https:\\\/\\\/aconteceunovale.com.br\\\/portal\\\/#\\\/schema\\\/person\\\/633529146f2c94272bef50ac2953d589\"},\"breadcrumb\":{\"@id\":\"https:\\\/\\\/aconteceunovale.com.br\\\/portal\\\/?p=44879#breadcrumb\"},\"inLanguage\":\"pt-BR\",\"potentialAction\":[{\"@type\":\"ReadAction\",\"target\":[\"https:\\\/\\\/aconteceunovale.com.br\\\/portal\\\/?p=44879\"]}]},{\"@type\":\"ImageObject\",\"inLanguage\":\"pt-BR\",\"@id\":\"https:\\\/\\\/aconteceunovale.com.br\\\/portal\\\/?p=44879#primaryimage\",\"url\":\"https:\\\/\\\/aconteceunovale.com.br\\\/portal\\\/wp-content\\\/uploads\\\/2014\\\/11\\\/acidente_casal_ita.jpg\",\"contentUrl\":\"https:\\\/\\\/aconteceunovale.com.br\\\/portal\\\/wp-content\\\/uploads\\\/2014\\\/11\\\/acidente_casal_ita.jpg\",\"width\":678,\"height\":432},{\"@type\":\"BreadcrumbList\",\"@id\":\"https:\\\/\\\/aconteceunovale.com.br\\\/portal\\\/?p=44879#breadcrumb\",\"itemListElement\":[{\"@type\":\"ListItem\",\"position\":1,\"name\":\"In\u00edcio\",\"item\":\"https:\\\/\\\/aconteceunovale.com.br\\\/portal\\\/\"},{\"@type\":\"ListItem\",\"position\":2,\"name\":\"Motociclista morre e esposa fica gravemente ferida em acidente na MG-117\"}]},{\"@type\":\"WebSite\",\"@id\":\"https:\\\/\\\/aconteceunovale.com.br\\\/portal\\\/#website\",\"url\":\"https:\\\/\\\/aconteceunovale.com.br\\\/portal\\\/\",\"name\":\"Aconteceu no Vale\",\"description\":\"Portal de Not\u00edcias\",\"potentialAction\":[{\"@type\":\"SearchAction\",\"target\":{\"@type\":\"EntryPoint\",\"urlTemplate\":\"https:\\\/\\\/aconteceunovale.com.br\\\/portal\\\/?s={search_term_string}\"},\"query-input\":{\"@type\":\"PropertyValueSpecification\",\"valueRequired\":true,\"valueName\":\"search_term_string\"}}],\"inLanguage\":\"pt-BR\"},{\"@type\":\"Person\",\"@id\":\"https:\\\/\\\/aconteceunovale.com.br\\\/portal\\\/#\\\/schema\\\/person\\\/633529146f2c94272bef50ac2953d589\",\"name\":\"Aconteceu no Vale\",\"description\":\"Equipe de reportagem do Aconteceu no Vale, portal de not\u00edcias do Vale do Jequitinhonha, em Minas Gerais. Cobrimos as 51 cidades do Vale desde 2013. Sugest\u00f5es de pauta e pedidos de corre\u00e7\u00e3o: contato@aconteceunovale.com.br\",\"sameAs\":[\"http:\\\/\\\/www.aconteceunovale.com.br\"],\"url\":\"https:\\\/\\\/aconteceunovale.com.br\\\/portal\\\/?author=1\"}]}<\/script>\n<!-- \/ Yoast SEO plugin. -->","yoast_head_json":{"title":"Motociclista morre e esposa fica gravemente ferida em acidente na MG-117 - Aconteceu no Vale","robots":{"index":"index","follow":"follow","max-snippet":"max-snippet:-1","max-image-preview":"max-image-preview:large","max-video-preview":"max-video-preview:-1"},"canonical":"https:\/\/aconteceunovale.com.br\/portal\/?p=44879","og_locale":"pt_BR","og_type":"article","og_title":"Motociclista morre e esposa fica gravemente ferida em acidente na MG-117 - Aconteceu no Vale","og_description":"Acidente ocorreu no per\u00edmetro urbano de Coluna. O motociclista Adonias Kennedy n\u00e3o resistiu aos ferimentos e veio a \u00f3bito. Um homem morreu e uma mulher ficou gravemente ferida em um acidente envolvendo carro e moto na tarde de s\u00e1bado, 08 de novembro, na MG-117, em Coluna, no Vale do Rio Doce. As causas do acidente [&hellip;]","og_url":"https:\/\/aconteceunovale.com.br\/portal\/?p=44879","og_site_name":"Aconteceu no Vale","article_publisher":"https:\/\/www.facebook.com\/aconteceunovale\/","article_published_time":"2014-11-09T15:59:54+00:00","og_image":[{"width":678,"height":432,"url":"https:\/\/aconteceunovale.com.br\/portal\/wp-content\/uploads\/2014\/11\/acidente_casal_ita.jpg","type":"image\/jpeg"}],"author":"Aconteceu no Vale","twitter_card":"summary_large_image","twitter_creator":"@noticiadosvales","twitter_site":"@noticiadosvales","twitter_misc":{"Escrito por":"Aconteceu no Vale","Est. tempo de leitura":"1 minuto"},"schema":{"@context":"https:\/\/schema.org","@graph":[{"@type":"Article","@id":"https:\/\/aconteceunovale.com.br\/portal\/?p=44879#article","isPartOf":{"@id":"https:\/\/aconteceunovale.com.br\/portal\/?p=44879"},"author":{"name":"Aconteceu no Vale","@id":"https:\/\/aconteceunovale.com.br\/portal\/#\/schema\/person\/633529146f2c94272bef50ac2953d589"},"headline":"Motociclista morre e esposa fica gravemente ferida em acidente na MG-117","datePublished":"2014-11-09T15:59:54+00:00","mainEntityOfPage":{"@id":"https:\/\/aconteceunovale.com.br\/portal\/?p=44879"},"wordCount":222,"commentCount":0,"image":{"@id":"https:\/\/aconteceunovale.com.br\/portal\/?p=44879#primaryimage"},"thumbnailUrl":"https:\/\/aconteceunovale.com.br\/portal\/wp-content\/uploads\/2014\/11\/acidente_casal_ita.jpg","keywords":["acidente com Adonias Kennedy","acidente com casal de itamarandiba","acidente com Juliana Macedo","acidente com Motociclista de Itamarandiba","acidente em coluna","Adonias Kennedy","destaque","fotos do acidente com Adonias Kennedy","fotos do acidente com Juliana Macedo","Governador Valadares","Motociclista de Itamarandiba","Motociclista de Itamarandiba morre e esposa fica gravemente ferida em acidente na MG-117","Motociclista morre e esposa fica gravemente ferida em acidente na MG-117","Motociclista morre e esposa fica gravemente ferida em acidente na MG-117 em coluna"],"articleSection":["Vale do Jequitinhonha"],"inLanguage":"pt-BR","potentialAction":[{"@type":"CommentAction","name":"Comment","target":["https:\/\/aconteceunovale.com.br\/portal\/?p=44879#respond"]}]},{"@type":"WebPage","@id":"https:\/\/aconteceunovale.com.br\/portal\/?p=44879","url":"https:\/\/aconteceunovale.com.br\/portal\/?p=44879","name":"Motociclista morre e esposa fica gravemente ferida em acidente na MG-117 - Aconteceu no Vale","isPartOf":{"@id":"https:\/\/aconteceunovale.com.br\/portal\/#website"},"primaryImageOfPage":{"@id":"https:\/\/aconteceunovale.com.br\/portal\/?p=44879#primaryimage"},"image":{"@id":"https:\/\/aconteceunovale.com.br\/portal\/?p=44879#primaryimage"},"thumbnailUrl":"https:\/\/aconteceunovale.com.br\/portal\/wp-content\/uploads\/2014\/11\/acidente_casal_ita.jpg","datePublished":"2014-11-09T15:59:54+00:00","author":{"@id":"https:\/\/aconteceunovale.com.br\/portal\/#\/schema\/person\/633529146f2c94272bef50ac2953d589"},"breadcrumb":{"@id":"https:\/\/aconteceunovale.com.br\/portal\/?p=44879#breadcrumb"},"inLanguage":"pt-BR","potentialAction":[{"@type":"ReadAction","target":["https:\/\/aconteceunovale.com.br\/portal\/?p=44879"]}]},{"@type":"ImageObject","inLanguage":"pt-BR","@id":"https:\/\/aconteceunovale.com.br\/portal\/?p=44879#primaryimage","url":"https:\/\/aconteceunovale.com.br\/portal\/wp-content\/uploads\/2014\/11\/acidente_casal_ita.jpg","contentUrl":"https:\/\/aconteceunovale.com.br\/portal\/wp-content\/uploads\/2014\/11\/acidente_casal_ita.jpg","width":678,"height":432},{"@type":"BreadcrumbList","@id":"https:\/\/aconteceunovale.com.br\/portal\/?p=44879#breadcrumb","itemListElement":[{"@type":"ListItem","position":1,"name":"In\u00edcio","item":"https:\/\/aconteceunovale.com.br\/portal\/"},{"@type":"ListItem","position":2,"name":"Motociclista morre e esposa fica gravemente ferida em acidente na MG-117"}]},{"@type":"WebSite","@id":"https:\/\/aconteceunovale.com.br\/portal\/#website","url":"https:\/\/aconteceunovale.com.br\/portal\/","name":"Aconteceu no Vale","description":"Portal de Not\u00edcias","potentialAction":[{"@type":"SearchAction","target":{"@type":"EntryPoint","urlTemplate":"https:\/\/aconteceunovale.com.br\/portal\/?s={search_term_string}"},"query-input":{"@type":"PropertyValueSpecification","valueRequired":true,"valueName":"search_term_string"}}],"inLanguage":"pt-BR"},{"@type":"Person","@id":"https:\/\/aconteceunovale.com.br\/portal\/#\/schema\/person\/633529146f2c94272bef50ac2953d589","name":"Aconteceu no Vale","description":"Equipe de reportagem do Aconteceu no Vale, portal de not\u00edcias do Vale do Jequitinhonha, em Minas Gerais. Cobrimos as 51 cidades do Vale desde 2013. Sugest\u00f5es de pauta e pedidos de corre\u00e7\u00e3o: contato@aconteceunovale.com.br","sameAs":["http:\/\/www.aconteceunovale.com.br"],"url":"https:\/\/aconteceunovale.com.br\/portal\/?author=1"}]}},"_links":{"self":[{"href":"https:\/\/aconteceunovale.com.br\/portal\/index.php?rest_route=\/wp\/v2\/posts\/44879","targetHints":{"allow":["GET"]}}],"collection":[{"href":"https:\/\/aconteceunovale.com.br\/portal\/index.php?rest_route=\/wp\/v2\/posts"}],"about":[{"href":"https:\/\/aconteceunovale.com.br\/portal\/index.php?rest_route=\/wp\/v2\/types\/post"}],"author":[{"embeddable":true,"href":"https:\/\/aconteceunovale.com.br\/portal\/index.php?rest_route=\/wp\/v2\/users\/1"}],"replies":[{"embeddable":true,"href":"https:\/\/aconteceunovale.com.br\/portal\/index.php?rest_route=%2Fwp%2Fv2%2Fcomments&post=44879"}],"version-history":[{"count":0,"href":"https:\/\/aconteceunovale.com.br\/portal\/index.php?rest_route=\/wp\/v2\/posts\/44879\/revisions"}],"wp:featuredmedia":[{"embeddable":true,"href":"https:\/\/aconteceunovale.com.br\/portal\/index.php?rest_route=\/wp\/v2\/media\/44880"}],"wp:attachment":[{"href":"https:\/\/aconteceunovale.com.br\/portal\/index.php?rest_route=%2Fwp%2Fv2%2Fmedia&parent=44879"}],"wp:term":[{"taxonomy":"category","embeddable":true,"href":"https:\/\/aconteceunovale.com.br\/portal\/index.php?rest_route=%2Fwp%2Fv2%2Fcategories&post=44879"},{"taxonomy":"post_tag","embeddable":true,"href":"https:\/\/aconteceunovale.com.br\/portal\/index.php?rest_route=%2Fwp%2Fv2%2Ftags&post=44879"}],"curies":[{"name":"wp","href":"https:\/\/api.w.org\/{rel}","templated":true}]}}