{"id":44873,"date":"2014-11-09T11:39:12","date_gmt":"2014-11-09T14:39:12","guid":{"rendered":"http:\/\/aconteceunovale.com.br\/portal\/?p=44873"},"modified":"2026-09-02T12:39:51","modified_gmt":"2026-09-02T15:39:51","slug":"seis-pessoas-ficam-feridas-em-acidente-na-zona-rural-de-carbonita","status":"publish","type":"post","link":"https:\/\/aconteceunovale.com.br\/portal\/?p=44873","title":{"rendered":"Seis pessoas ficam feridas em acidente na zona rural de Carbonita"},"content":{"rendered":"<h4><strong><em>Acidente aconteceu na estrada da Estiva. Ocupantes dos ve\u00edculos sofreram ferimentos leves e passam bem.<\/em><\/strong><\/h4>\n<div id=\"fb-root\"><\/div>\n<p>\t\t\t\t<script>(function(d, s, id) {\n\t\t\t\t  var js, fjs = d.getElementsByTagName(s)[0];\n\t\t\t\t  if (d.getElementById(id)) return;\n\t\t\t\t  js = d.createElement(s); js.id = id;\n\t\t\t\t  js.src = \"\/\/connect.facebook.net\/pt_BR\/sdk.js#xfbml=1&appId=691575364226355&version=v2.0\";\n\t\t\t\t  fjs.parentNode.insertBefore(js, fjs);\n\t\t\t\t}(document, 'script', 'facebook-jssdk'));<\/script><\/p>\n<div class=\"fb-like\" data-href=\"https:\/\/www.facebook.com\/aconteceunovale\" data-layout=\"button_count\" data-action=\"like\" data-show-faces=\"true\" data-share=\"true\"><\/div>\n<p><\/br><\/p>\n<p>Um acidente envolvendo dois ve\u00edculos de passeio deixou seis pessoas levemente feridas na tarde de s\u00e1bado, 8 de novembro, na estrada da comunidade da Estiva, na zona rural de Carbonita, no Vale do Jequitinhonha.<\/p>\n<p><img decoding=\"async\" src=\"http:\/\/aconteceunovale.com.br\/portal\/wp-content\/uploads\/2014\/11\/acidente_carbonita_1.jpg\" alt=\"\" \/><em>Ve\u00edculo ficou com a frente completamente destru\u00edda &#8211; Cr\u00e9dito: Fot\u00f3grafo F\u00e1bio Azevedo<\/em><br \/>\n<\/br><\/p>\n<p>De acordo com informa\u00e7\u00f5es da Pol\u00edcia Militar, ap\u00f3s uma colis\u00e3o frontal, um dos ve\u00edculos capotou e ficou com as quatro rodas para cima. J\u00e1 o outro ve\u00edculo ficou com a frente completamente destru\u00edda.<\/p>\n<p>Com o impacto da colis\u00e3o, os seis ocupantes dos dois ve\u00edculos sofreram apenas escoria\u00e7\u00f5es e passam bem.<\/p>\n<p><img decoding=\"async\" src=\"http:\/\/aconteceunovale.com.br\/portal\/wp-content\/uploads\/2014\/11\/acidente_carbonita_2.jpg\" alt=\"\" \/><em>Acidente aconteceu na estrada da Estiva &#8211; Cr\u00e9dito: Fot\u00f3grafo F\u00e1bio Azevedo<\/em><br \/>\n<\/br><\/p>\n<p><img decoding=\"async\" src=\"http:\/\/aconteceunovale.com.br\/portal\/wp-content\/uploads\/2014\/11\/acidente_carbonita_3.jpg\" alt=\"\" \/><em>Ve\u00edculo capotou ap\u00f3s a colis\u00e3o &#8211; Cr\u00e9dito: Fot\u00f3grafo F\u00e1bio Azevedo<\/em><\/p>\n","protected":false},"excerpt":{"rendered":"<p>Acidente aconteceu na estrada da Estiva. Ocupantes dos ve\u00edculos sofreram ferimentos leves e passam bem. Um acidente envolvendo dois ve\u00edculos de passeio deixou seis pessoas levemente feridas na tarde de s\u00e1bado, 8 de novembro, na estrada da comunidade da Estiva, na zona rural de Carbonita, no Vale do Jequitinhonha. Ve\u00edculo ficou com a frente completamente [&hellip;]<\/p>\n","protected":false},"author":1,"featured_media":44874,"comment_status":"open","ping_status":"closed","sticky":false,"template":"","format":"standard","meta":{"amp_status":"","footnotes":""},"categories":[272537,120],"tags":[22357,557,22356],"class_list":["post-44873","post","type-post","status-publish","format-standard","has-post-thumbnail","hentry","category-carbonita","category-jequi","tag-acidente-em-carbonita","tag-carbonita","tag-seis-pessoas-ficam-feridas-em-acidente-na-zona-rural-de-carbonita"],"yoast_head":"<!-- This site is optimized with the Yoast SEO plugin v28.3 - https:\/\/yoast.com\/product\/yoast-seo-wordpress\/ -->\n<title>Seis pessoas ficam feridas em acidente na zona rural de Carbonita - Aconteceu no Vale<\/title>\n<meta name=\"robots\" content=\"index, follow, max-snippet:-1, max-image-preview:large, max-video-preview:-1\" \/>\n<link rel=\"canonical\" href=\"https:\/\/aconteceunovale.com.br\/portal\/?p=44873\" \/>\n<meta property=\"og:locale\" content=\"pt_BR\" \/>\n<meta property=\"og:type\" content=\"article\" \/>\n<meta property=\"og:title\" content=\"Seis pessoas ficam feridas em acidente na zona rural de Carbonita - Aconteceu no Vale\" \/>\n<meta property=\"og:description\" content=\"Acidente aconteceu na estrada da Estiva. Ocupantes dos ve\u00edculos sofreram ferimentos leves e passam bem. Um acidente envolvendo dois ve\u00edculos de passeio deixou seis pessoas levemente feridas na tarde de s\u00e1bado, 8 de novembro, na estrada da comunidade da Estiva, na zona rural de Carbonita, no Vale do Jequitinhonha. Ve\u00edculo ficou com a frente completamente [&hellip;]\" \/>\n<meta property=\"og:url\" content=\"https:\/\/aconteceunovale.com.br\/portal\/?p=44873\" \/>\n<meta property=\"og:site_name\" content=\"Aconteceu no Vale\" \/>\n<meta property=\"article:publisher\" content=\"https:\/\/www.facebook.com\/aconteceunovale\/\" \/>\n<meta property=\"article:published_time\" content=\"2014-11-09T14:39:12+00:00\" \/>\n<meta property=\"article:modified_time\" content=\"2026-09-02T15:39:51+00:00\" \/>\n<meta property=\"og:image\" content=\"https:\/\/aconteceunovale.com.br\/portal\/wp-content\/uploads\/2014\/11\/acidente_carbonita_1.jpg\" \/>\n\t<meta property=\"og:image:width\" content=\"676\" \/>\n\t<meta property=\"og:image:height\" content=\"450\" \/>\n\t<meta property=\"og:image:type\" content=\"image\/jpeg\" \/>\n<meta name=\"author\" content=\"Aconteceu no Vale\" \/>\n<meta name=\"twitter:card\" content=\"summary_large_image\" \/>\n<meta name=\"twitter:creator\" content=\"@noticiadosvales\" \/>\n<meta name=\"twitter:site\" content=\"@noticiadosvales\" \/>\n<meta name=\"twitter:label1\" content=\"Escrito por\" \/>\n\t<meta name=\"twitter:data1\" content=\"Aconteceu no Vale\" \/>\n\t<meta name=\"twitter:label2\" content=\"Est. tempo de leitura\" \/>\n\t<meta name=\"twitter:data2\" content=\"1 minuto\" \/>\n<script type=\"application\/ld+json\" class=\"yoast-schema-graph\">{\"@context\":\"https:\\\/\\\/schema.org\",\"@graph\":[{\"@type\":\"Article\",\"@id\":\"https:\\\/\\\/aconteceunovale.com.br\\\/portal\\\/?p=44873#article\",\"isPartOf\":{\"@id\":\"https:\\\/\\\/aconteceunovale.com.br\\\/portal\\\/?p=44873\"},\"author\":{\"name\":\"Aconteceu no Vale\",\"@id\":\"https:\\\/\\\/aconteceunovale.com.br\\\/portal\\\/#\\\/schema\\\/person\\\/633529146f2c94272bef50ac2953d589\"},\"headline\":\"Seis pessoas ficam feridas em acidente na zona rural de Carbonita\",\"datePublished\":\"2014-11-09T14:39:12+00:00\",\"dateModified\":\"2026-09-02T15:39:51+00:00\",\"mainEntityOfPage\":{\"@id\":\"https:\\\/\\\/aconteceunovale.com.br\\\/portal\\\/?p=44873\"},\"wordCount\":169,\"commentCount\":0,\"image\":{\"@id\":\"https:\\\/\\\/aconteceunovale.com.br\\\/portal\\\/?p=44873#primaryimage\"},\"thumbnailUrl\":\"https:\\\/\\\/aconteceunovale.com.br\\\/portal\\\/wp-content\\\/uploads\\\/2014\\\/11\\\/acidente_carbonita_1.jpg\",\"keywords\":[\"acidente em carbonita\",\"Carbonita\",\"Seis pessoas ficam feridas em acidente na zona rural de Carbonita\"],\"articleSection\":[\"Carbonita\",\"Vale do Jequitinhonha\"],\"inLanguage\":\"pt-BR\",\"potentialAction\":[{\"@type\":\"CommentAction\",\"name\":\"Comment\",\"target\":[\"https:\\\/\\\/aconteceunovale.com.br\\\/portal\\\/?p=44873#respond\"]}]},{\"@type\":\"WebPage\",\"@id\":\"https:\\\/\\\/aconteceunovale.com.br\\\/portal\\\/?p=44873\",\"url\":\"https:\\\/\\\/aconteceunovale.com.br\\\/portal\\\/?p=44873\",\"name\":\"Seis pessoas ficam feridas em acidente na zona rural de Carbonita - Aconteceu no Vale\",\"isPartOf\":{\"@id\":\"https:\\\/\\\/aconteceunovale.com.br\\\/portal\\\/#website\"},\"primaryImageOfPage\":{\"@id\":\"https:\\\/\\\/aconteceunovale.com.br\\\/portal\\\/?p=44873#primaryimage\"},\"image\":{\"@id\":\"https:\\\/\\\/aconteceunovale.com.br\\\/portal\\\/?p=44873#primaryimage\"},\"thumbnailUrl\":\"https:\\\/\\\/aconteceunovale.com.br\\\/portal\\\/wp-content\\\/uploads\\\/2014\\\/11\\\/acidente_carbonita_1.jpg\",\"datePublished\":\"2014-11-09T14:39:12+00:00\",\"dateModified\":\"2026-09-02T15:39:51+00:00\",\"author\":{\"@id\":\"https:\\\/\\\/aconteceunovale.com.br\\\/portal\\\/#\\\/schema\\\/person\\\/633529146f2c94272bef50ac2953d589\"},\"breadcrumb\":{\"@id\":\"https:\\\/\\\/aconteceunovale.com.br\\\/portal\\\/?p=44873#breadcrumb\"},\"inLanguage\":\"pt-BR\",\"potentialAction\":[{\"@type\":\"ReadAction\",\"target\":[\"https:\\\/\\\/aconteceunovale.com.br\\\/portal\\\/?p=44873\"]}]},{\"@type\":\"ImageObject\",\"inLanguage\":\"pt-BR\",\"@id\":\"https:\\\/\\\/aconteceunovale.com.br\\\/portal\\\/?p=44873#primaryimage\",\"url\":\"https:\\\/\\\/aconteceunovale.com.br\\\/portal\\\/wp-content\\\/uploads\\\/2014\\\/11\\\/acidente_carbonita_1.jpg\",\"contentUrl\":\"https:\\\/\\\/aconteceunovale.com.br\\\/portal\\\/wp-content\\\/uploads\\\/2014\\\/11\\\/acidente_carbonita_1.jpg\",\"width\":676,\"height\":450},{\"@type\":\"BreadcrumbList\",\"@id\":\"https:\\\/\\\/aconteceunovale.com.br\\\/portal\\\/?p=44873#breadcrumb\",\"itemListElement\":[{\"@type\":\"ListItem\",\"position\":1,\"name\":\"In\u00edcio\",\"item\":\"https:\\\/\\\/aconteceunovale.com.br\\\/portal\\\/\"},{\"@type\":\"ListItem\",\"position\":2,\"name\":\"Seis pessoas ficam feridas em acidente na zona rural de Carbonita\"}]},{\"@type\":\"WebSite\",\"@id\":\"https:\\\/\\\/aconteceunovale.com.br\\\/portal\\\/#website\",\"url\":\"https:\\\/\\\/aconteceunovale.com.br\\\/portal\\\/\",\"name\":\"Aconteceu no Vale\",\"description\":\"Portal de Not\u00edcias\",\"potentialAction\":[{\"@type\":\"SearchAction\",\"target\":{\"@type\":\"EntryPoint\",\"urlTemplate\":\"https:\\\/\\\/aconteceunovale.com.br\\\/portal\\\/?s={search_term_string}\"},\"query-input\":{\"@type\":\"PropertyValueSpecification\",\"valueRequired\":true,\"valueName\":\"search_term_string\"}}],\"inLanguage\":\"pt-BR\"},{\"@type\":\"Person\",\"@id\":\"https:\\\/\\\/aconteceunovale.com.br\\\/portal\\\/#\\\/schema\\\/person\\\/633529146f2c94272bef50ac2953d589\",\"name\":\"Aconteceu no Vale\",\"description\":\"Equipe de reportagem do Aconteceu no Vale, portal de not\u00edcias do Vale do Jequitinhonha, em Minas Gerais. Cobrimos as 51 cidades do Vale desde 2013. Sugest\u00f5es de pauta e pedidos de corre\u00e7\u00e3o: contato@aconteceunovale.com.br\",\"sameAs\":[\"http:\\\/\\\/www.aconteceunovale.com.br\"],\"url\":\"https:\\\/\\\/aconteceunovale.com.br\\\/portal\\\/?author=1\"}]}<\/script>\n<!-- \/ Yoast SEO plugin. -->","yoast_head_json":{"title":"Seis pessoas ficam feridas em acidente na zona rural de Carbonita - Aconteceu no Vale","robots":{"index":"index","follow":"follow","max-snippet":"max-snippet:-1","max-image-preview":"max-image-preview:large","max-video-preview":"max-video-preview:-1"},"canonical":"https:\/\/aconteceunovale.com.br\/portal\/?p=44873","og_locale":"pt_BR","og_type":"article","og_title":"Seis pessoas ficam feridas em acidente na zona rural de Carbonita - Aconteceu no Vale","og_description":"Acidente aconteceu na estrada da Estiva. Ocupantes dos ve\u00edculos sofreram ferimentos leves e passam bem. Um acidente envolvendo dois ve\u00edculos de passeio deixou seis pessoas levemente feridas na tarde de s\u00e1bado, 8 de novembro, na estrada da comunidade da Estiva, na zona rural de Carbonita, no Vale do Jequitinhonha. Ve\u00edculo ficou com a frente completamente [&hellip;]","og_url":"https:\/\/aconteceunovale.com.br\/portal\/?p=44873","og_site_name":"Aconteceu no Vale","article_publisher":"https:\/\/www.facebook.com\/aconteceunovale\/","article_published_time":"2014-11-09T14:39:12+00:00","article_modified_time":"2026-09-02T15:39:51+00:00","og_image":[{"width":676,"height":450,"url":"https:\/\/aconteceunovale.com.br\/portal\/wp-content\/uploads\/2014\/11\/acidente_carbonita_1.jpg","type":"image\/jpeg"}],"author":"Aconteceu no Vale","twitter_card":"summary_large_image","twitter_creator":"@noticiadosvales","twitter_site":"@noticiadosvales","twitter_misc":{"Escrito por":"Aconteceu no Vale","Est. tempo de leitura":"1 minuto"},"schema":{"@context":"https:\/\/schema.org","@graph":[{"@type":"Article","@id":"https:\/\/aconteceunovale.com.br\/portal\/?p=44873#article","isPartOf":{"@id":"https:\/\/aconteceunovale.com.br\/portal\/?p=44873"},"author":{"name":"Aconteceu no Vale","@id":"https:\/\/aconteceunovale.com.br\/portal\/#\/schema\/person\/633529146f2c94272bef50ac2953d589"},"headline":"Seis pessoas ficam feridas em acidente na zona rural de Carbonita","datePublished":"2014-11-09T14:39:12+00:00","dateModified":"2026-09-02T15:39:51+00:00","mainEntityOfPage":{"@id":"https:\/\/aconteceunovale.com.br\/portal\/?p=44873"},"wordCount":169,"commentCount":0,"image":{"@id":"https:\/\/aconteceunovale.com.br\/portal\/?p=44873#primaryimage"},"thumbnailUrl":"https:\/\/aconteceunovale.com.br\/portal\/wp-content\/uploads\/2014\/11\/acidente_carbonita_1.jpg","keywords":["acidente em carbonita","Carbonita","Seis pessoas ficam feridas em acidente na zona rural de Carbonita"],"articleSection":["Carbonita","Vale do Jequitinhonha"],"inLanguage":"pt-BR","potentialAction":[{"@type":"CommentAction","name":"Comment","target":["https:\/\/aconteceunovale.com.br\/portal\/?p=44873#respond"]}]},{"@type":"WebPage","@id":"https:\/\/aconteceunovale.com.br\/portal\/?p=44873","url":"https:\/\/aconteceunovale.com.br\/portal\/?p=44873","name":"Seis pessoas ficam feridas em acidente na zona rural de Carbonita - Aconteceu no Vale","isPartOf":{"@id":"https:\/\/aconteceunovale.com.br\/portal\/#website"},"primaryImageOfPage":{"@id":"https:\/\/aconteceunovale.com.br\/portal\/?p=44873#primaryimage"},"image":{"@id":"https:\/\/aconteceunovale.com.br\/portal\/?p=44873#primaryimage"},"thumbnailUrl":"https:\/\/aconteceunovale.com.br\/portal\/wp-content\/uploads\/2014\/11\/acidente_carbonita_1.jpg","datePublished":"2014-11-09T14:39:12+00:00","dateModified":"2026-09-02T15:39:51+00:00","author":{"@id":"https:\/\/aconteceunovale.com.br\/portal\/#\/schema\/person\/633529146f2c94272bef50ac2953d589"},"breadcrumb":{"@id":"https:\/\/aconteceunovale.com.br\/portal\/?p=44873#breadcrumb"},"inLanguage":"pt-BR","potentialAction":[{"@type":"ReadAction","target":["https:\/\/aconteceunovale.com.br\/portal\/?p=44873"]}]},{"@type":"ImageObject","inLanguage":"pt-BR","@id":"https:\/\/aconteceunovale.com.br\/portal\/?p=44873#primaryimage","url":"https:\/\/aconteceunovale.com.br\/portal\/wp-content\/uploads\/2014\/11\/acidente_carbonita_1.jpg","contentUrl":"https:\/\/aconteceunovale.com.br\/portal\/wp-content\/uploads\/2014\/11\/acidente_carbonita_1.jpg","width":676,"height":450},{"@type":"BreadcrumbList","@id":"https:\/\/aconteceunovale.com.br\/portal\/?p=44873#breadcrumb","itemListElement":[{"@type":"ListItem","position":1,"name":"In\u00edcio","item":"https:\/\/aconteceunovale.com.br\/portal\/"},{"@type":"ListItem","position":2,"name":"Seis pessoas ficam feridas em acidente na zona rural de Carbonita"}]},{"@type":"WebSite","@id":"https:\/\/aconteceunovale.com.br\/portal\/#website","url":"https:\/\/aconteceunovale.com.br\/portal\/","name":"Aconteceu no Vale","description":"Portal de Not\u00edcias","potentialAction":[{"@type":"SearchAction","target":{"@type":"EntryPoint","urlTemplate":"https:\/\/aconteceunovale.com.br\/portal\/?s={search_term_string}"},"query-input":{"@type":"PropertyValueSpecification","valueRequired":true,"valueName":"search_term_string"}}],"inLanguage":"pt-BR"},{"@type":"Person","@id":"https:\/\/aconteceunovale.com.br\/portal\/#\/schema\/person\/633529146f2c94272bef50ac2953d589","name":"Aconteceu no Vale","description":"Equipe de reportagem do Aconteceu no Vale, portal de not\u00edcias do Vale do Jequitinhonha, em Minas Gerais. Cobrimos as 51 cidades do Vale desde 2013. Sugest\u00f5es de pauta e pedidos de corre\u00e7\u00e3o: contato@aconteceunovale.com.br","sameAs":["http:\/\/www.aconteceunovale.com.br"],"url":"https:\/\/aconteceunovale.com.br\/portal\/?author=1"}]}},"_links":{"self":[{"href":"https:\/\/aconteceunovale.com.br\/portal\/index.php?rest_route=\/wp\/v2\/posts\/44873","targetHints":{"allow":["GET"]}}],"collection":[{"href":"https:\/\/aconteceunovale.com.br\/portal\/index.php?rest_route=\/wp\/v2\/posts"}],"about":[{"href":"https:\/\/aconteceunovale.com.br\/portal\/index.php?rest_route=\/wp\/v2\/types\/post"}],"author":[{"embeddable":true,"href":"https:\/\/aconteceunovale.com.br\/portal\/index.php?rest_route=\/wp\/v2\/users\/1"}],"replies":[{"embeddable":true,"href":"https:\/\/aconteceunovale.com.br\/portal\/index.php?rest_route=%2Fwp%2Fv2%2Fcomments&post=44873"}],"version-history":[{"count":1,"href":"https:\/\/aconteceunovale.com.br\/portal\/index.php?rest_route=\/wp\/v2\/posts\/44873\/revisions"}],"predecessor-version":[{"id":200153,"href":"https:\/\/aconteceunovale.com.br\/portal\/index.php?rest_route=\/wp\/v2\/posts\/44873\/revisions\/200153"}],"wp:featuredmedia":[{"embeddable":true,"href":"https:\/\/aconteceunovale.com.br\/portal\/index.php?rest_route=\/wp\/v2\/media\/44874"}],"wp:attachment":[{"href":"https:\/\/aconteceunovale.com.br\/portal\/index.php?rest_route=%2Fwp%2Fv2%2Fmedia&parent=44873"}],"wp:term":[{"taxonomy":"category","embeddable":true,"href":"https:\/\/aconteceunovale.com.br\/portal\/index.php?rest_route=%2Fwp%2Fv2%2Fcategories&post=44873"},{"taxonomy":"post_tag","embeddable":true,"href":"https:\/\/aconteceunovale.com.br\/portal\/index.php?rest_route=%2Fwp%2Fv2%2Ftags&post=44873"}],"curies":[{"name":"wp","href":"https:\/\/api.w.org\/{rel}","templated":true}]}}