{"id":44870,"date":"2014-11-09T11:20:47","date_gmt":"2014-11-09T14:20:47","guid":{"rendered":"http:\/\/aconteceunovale.com.br\/portal\/?p=44870"},"modified":"2014-11-09T16:36:52","modified_gmt":"2014-11-09T19:36:52","slug":"motociclista-foge-apos-se-envolver-em-acidente-que-matou-adolescente-em-montes-claros","status":"publish","type":"post","link":"https:\/\/aconteceunovale.com.br\/portal\/?p=44870","title":{"rendered":"Motociclista foge ap\u00f3s se envolver em acidente que matou adolescente em Montes Claros"},"content":{"rendered":"<h4><em><strong>Adolescente estava na garupa da moto. Em outro acidente, na Avenida Nossa Senhora de F\u00e1tima, tr\u00eas pessoas ficaram feridas.<\/strong><\/em><\/h4>\n<div id=\"fb-root\"><\/div>\n<p>\t\t\t\t<script>(function(d, s, id) {\n\t\t\t\t  var js, fjs = d.getElementsByTagName(s)[0];\n\t\t\t\t  if (d.getElementById(id)) return;\n\t\t\t\t  js = d.createElement(s); js.id = id;\n\t\t\t\t  js.src = \"\/\/connect.facebook.net\/pt_BR\/sdk.js#xfbml=1&appId=691575364226355&version=v2.0\";\n\t\t\t\t  fjs.parentNode.insertBefore(js, fjs);\n\t\t\t\t}(document, 'script', 'facebook-jssdk'));<\/script><\/p>\n<div class=\"fb-like\" data-href=\"https:\/\/www.facebook.com\/aconteceunovale\" data-layout=\"button_count\" data-action=\"like\" data-show-faces=\"true\" data-share=\"true\"><\/div>\n<p><\/br><\/p>\n<p>Uma adolescente de 16 anos morreu em um acidente na madrugada deste domingo, 9 de novembro, em Montes Claros, no Norte de Minas Gerais. <\/p>\n<p>De acordo com a Pol\u00edcia Militar, o acidente aconteceu na Avenida Governador Magalh\u00e3es Pinto, pr\u00f3ximo ao bairro Alcides Rabelo. A menor Mychelly Pfeiffer Ferriera de Oliveira estava na garupa da moto.<\/p>\n<p>Ainda segundo a PM, o motociclista perdeu o controle direcional, bateu no meio fio e em um poste. Com o impacto da batida, Mychelly n\u00e3o resistiu aos graves ferimentos e morreu no local. O motociclista fugiu e ainda n\u00e3o foi localizado.<\/p>\n<h4>Outro acidente<\/h4>\n<p>Na noite de sexta-feira, 7 de novembro, tr\u00eas pessoas ficaram feridas em um acidente envolvendo duas motocicletas na Avenida Nossa Senhora de F\u00e1tima. De acordo com a Pol\u00edcia Militar, os ocupantes da moto atingida relataram que os ve\u00edculos seguiam no mesmo sentido, quando durante uma convers\u00e3o \u00e0 esquerda, aconteceu \u00e0 colis\u00e3o.<\/p>\n<p>Com o impacto da batida, o condutor e a passageira da moto que estava na frente tiveram escoria\u00e7\u00f5es e foram encaminhados ao Hospital Universit\u00e1rio. <\/p>\n<p>J\u00e1 o condutor da outra motocicleta, de 34 anos, sofreu escoria\u00e7\u00f5es e traumatismo craniano. Ele foi socorrido pelo Servi\u00e7o de Atendimento M\u00f3vel de Urg\u00eancia (SAMU) e encaminhado para a Santa Casa, onde passou por um procedimento cir\u00fargico. As informa\u00e7\u00f5es s\u00e3o da <strong>Inter TV Grande Minas<\/strong>.<\/p>\n","protected":false},"excerpt":{"rendered":"<p>Adolescente estava na garupa da moto. Em outro acidente, na Avenida Nossa Senhora de F\u00e1tima, tr\u00eas pessoas ficaram feridas. Uma adolescente de 16 anos morreu em um acidente na madrugada deste domingo, 9 de novembro, em Montes Claros, no Norte de Minas Gerais. De acordo com a Pol\u00edcia Militar, o acidente aconteceu na Avenida Governador [&hellip;]<\/p>\n","protected":false},"author":1,"featured_media":19256,"comment_status":"open","ping_status":"closed","sticky":false,"template":"","format":"standard","meta":{"amp_status":"","footnotes":""},"categories":[1236],"tags":[16673,22355,22354,22352,22353,18635,210,22351,22370],"class_list":["post-44870","post","type-post","status-publish","format-standard","has-post-thumbnail","hentry","category-norte_de_minas","tag-acidente-em-montes-claros","tag-acidente-na-avenida-governador-magalhaes-pinto","tag-acidente-na-avenida-governador-magalhaes-pinto-em-montes-claros","tag-acidente-na-avenida-nossa-senhora-de-fatima","tag-acidente-na-avenida-nossa-senhora-de-fatima-em-montes-claros","tag-acidentes-em-montes-claros","tag-montes-claros","tag-motociclista-foge-apos-se-envolver-em-acidente-que-matou-adolescente-em-montes-claros","tag-mychelly-pfeiffer-ferriera-de-oliveira"],"_links":{"self":[{"href":"https:\/\/aconteceunovale.com.br\/portal\/index.php?rest_route=\/wp\/v2\/posts\/44870","targetHints":{"allow":["GET"]}}],"collection":[{"href":"https:\/\/aconteceunovale.com.br\/portal\/index.php?rest_route=\/wp\/v2\/posts"}],"about":[{"href":"https:\/\/aconteceunovale.com.br\/portal\/index.php?rest_route=\/wp\/v2\/types\/post"}],"author":[{"embeddable":true,"href":"https:\/\/aconteceunovale.com.br\/portal\/index.php?rest_route=\/wp\/v2\/users\/1"}],"replies":[{"embeddable":true,"href":"https:\/\/aconteceunovale.com.br\/portal\/index.php?rest_route=%2Fwp%2Fv2%2Fcomments&post=44870"}],"version-history":[{"count":0,"href":"https:\/\/aconteceunovale.com.br\/portal\/index.php?rest_route=\/wp\/v2\/posts\/44870\/revisions"}],"wp:featuredmedia":[{"embeddable":true,"href":"https:\/\/aconteceunovale.com.br\/portal\/index.php?rest_route=\/wp\/v2\/media\/19256"}],"wp:attachment":[{"href":"https:\/\/aconteceunovale.com.br\/portal\/index.php?rest_route=%2Fwp%2Fv2%2Fmedia&parent=44870"}],"wp:term":[{"taxonomy":"category","embeddable":true,"href":"https:\/\/aconteceunovale.com.br\/portal\/index.php?rest_route=%2Fwp%2Fv2%2Fcategories&post=44870"},{"taxonomy":"post_tag","embeddable":true,"href":"https:\/\/aconteceunovale.com.br\/portal\/index.php?rest_route=%2Fwp%2Fv2%2Ftags&post=44870"}],"curies":[{"name":"wp","href":"https:\/\/api.w.org\/{rel}","templated":true}]}}