{"id":44833,"date":"2014-11-08T16:53:33","date_gmt":"2014-11-08T19:53:33","guid":{"rendered":"http:\/\/aconteceunovale.com.br\/portal\/?p=44833"},"modified":"2014-11-08T17:03:50","modified_gmt":"2014-11-08T20:03:50","slug":"candidata-corre-para-nao-perder-o-horario-da-prova-do-enem-passa-mal-e-morre-em-olinda","status":"publish","type":"post","link":"https:\/\/aconteceunovale.com.br\/portal\/?p=44833","title":{"rendered":"Candidata corre para n\u00e3o perder o hor\u00e1rio da prova do Enem, passa mal e morre em Olinda"},"content":{"rendered":"<h4><strong><em>Participante estava acompanhada de sobrinho, que ficou em estado de choque<\/em><\/strong><\/h4>\n<div id=\"fb-root\"><\/div>\n<p>\t\t\t\t<script>(function(d, s, id) {\n\t\t\t\t  var js, fjs = d.getElementsByTagName(s)[0];\n\t\t\t\t  if (d.getElementById(id)) return;\n\t\t\t\t  js = d.createElement(s); js.id = id;\n\t\t\t\t  js.src = \"\/\/connect.facebook.net\/pt_BR\/sdk.js#xfbml=1&appId=691575364226355&version=v2.0\";\n\t\t\t\t  fjs.parentNode.insertBefore(js, fjs);\n\t\t\t\t}(document, 'script', 'facebook-jssdk'));<\/script><\/p>\n<div class=\"fb-like\" data-href=\"https:\/\/www.facebook.com\/aconteceunovale\" data-layout=\"button_count\" data-action=\"like\" data-show-faces=\"true\" data-share=\"true\"><\/div>\n<p><\/br><\/p>\n<p>Uma candidata do Exame Nacional do Ensino M\u00e9dio (Enem) teve um AVC e morreu no Col\u00e9gio Santa Em\u00edlia, um local de aplica\u00e7\u00e3o da prova no bairro do Jardim Atl\u00e2ntico, em Olinda, Regi\u00e3o Metropolitana de Recife. A comerciante Edvania Florindo de Assis, de 32 anos, chegou a ser atendida pela equipe do Servi\u00e7o de Atendimento M\u00f3vel de Emerg\u00eancia (Samu), mas n\u00e3o resistiu e faleceu no local.<\/p>\n<p><img decoding=\"async\" src=\"http:\/\/aconteceunovale.com.br\/portal\/wp-content\/uploads\/2014\/11\/morte_enem_olinda.jpg\" alt=\"\" \/><em>Edv\u00e2nia passou mal ap\u00f3s correr para n\u00e3o perder o hor\u00e1rio &#8211; Foto: Ana Maria Miranda\/NE10<\/em><br \/>\n<\/br><\/p>\n<p>Segundo funcion\u00e1rios que trabalham na entrada da escola, Edvania foi, primeiramente, a uma outra unidade do Col\u00e9gio Santa Em\u00edlia, a cerca de 1km de dist\u00e2ncia, no mesmo bairro do Jardim Atl\u00e2ntico. Quando percebeu que estava no pr\u00e9dio errado, correu para o endere\u00e7o certo. Ela atravessou os port\u00f5es de entrada quatro minutos antes do seu fechamento, mas desmaiou em seguida. Acordou pouco depois, mas logo desmaiou de novo. Edvania foi socorrida pela enfermeira do local e pela equipe do Samu, que n\u00e3o puderam salv\u00e1-la.<\/p>\n<p>Edvania estava acompanhada do sobrinho e do marido, Ginaldo Antonio de Ara\u00fajo, com quem tinha uma filha de 4 anos de idade. Ginaldo, que tamb\u00e9m \u00e9 comerciante, contou que eles estavam juntos h\u00e1 seis anos.<\/p>\n<p>O Minist\u00e9rio da Educa\u00e7\u00e3o (MEC) divulgou nota lamentando a morte:<\/p>\n<p><em>&#8220;O MEC lamenta profundamente a morte da participante do Exame Nacional do Ensino M\u00e9dio (Enem) de 2014 Edivania Florinda de Assis, ocorrida neste s\u00e1bado (8) em Olinda, no Col\u00e9gio Santa Em\u00edlia, onde faria as provas. Nesta oportunidade, o MEC se solidariza com a sua fam\u00edlia&#8221;.<\/em> (O Globo)<\/p>\n","protected":false},"excerpt":{"rendered":"<p>Participante estava acompanhada de sobrinho, que ficou em estado de choque Uma candidata do Exame Nacional do Ensino M\u00e9dio (Enem) teve um AVC e morreu no Col\u00e9gio Santa Em\u00edlia, um local de aplica\u00e7\u00e3o da prova no bairro do Jardim Atl\u00e2ntico, em Olinda, Regi\u00e3o Metropolitana de Recife. A comerciante Edvania Florindo de Assis, de 32 anos, [&hellip;]<\/p>\n","protected":false},"author":1,"featured_media":44834,"comment_status":"open","ping_status":"closed","sticky":false,"template":"","format":"standard","meta":{"amp_status":"","footnotes":""},"categories":[6],"tags":[22313,22311,22310,22305,22314,22317,22308,22307,524,6662,19776,22315,22319,22309,22312,22306,22316,22318],"class_list":["post-44833","post","type-post","status-publish","format-standard","has-post-thumbnail","hentry","category-br","tag-candidata-corre-para-nao-perder-o-horario-da-prova-do-enem-passa-mal-e-morre-em-olinda","tag-candidata-do-enem-morre-em-olinda","tag-candidata-do-enem-morre-em-pernambuco","tag-colegio-santa-emilia","tag-correcao-da-prova-do-enem","tag-correcao-da-prova-do-enem-2014","tag-edvania-florinda-de-assis","tag-edvania-florindo-de-assis","tag-enem","tag-enem-2014","tag-exame-nacional-do-ensino-medio","tag-gabarito-da-prova-do-enem","tag-gabarito-da-prova-do-enem-2014","tag-ginaldo-antonio-de-araujo","tag-morte-de-candidata-do-enem","tag-olinda","tag-respostas-da-prova-do-enem","tag-respostas-da-prova-do-enem-2014"],"_links":{"self":[{"href":"https:\/\/aconteceunovale.com.br\/portal\/index.php?rest_route=\/wp\/v2\/posts\/44833","targetHints":{"allow":["GET"]}}],"collection":[{"href":"https:\/\/aconteceunovale.com.br\/portal\/index.php?rest_route=\/wp\/v2\/posts"}],"about":[{"href":"https:\/\/aconteceunovale.com.br\/portal\/index.php?rest_route=\/wp\/v2\/types\/post"}],"author":[{"embeddable":true,"href":"https:\/\/aconteceunovale.com.br\/portal\/index.php?rest_route=\/wp\/v2\/users\/1"}],"replies":[{"embeddable":true,"href":"https:\/\/aconteceunovale.com.br\/portal\/index.php?rest_route=%2Fwp%2Fv2%2Fcomments&post=44833"}],"version-history":[{"count":0,"href":"https:\/\/aconteceunovale.com.br\/portal\/index.php?rest_route=\/wp\/v2\/posts\/44833\/revisions"}],"wp:featuredmedia":[{"embeddable":true,"href":"https:\/\/aconteceunovale.com.br\/portal\/index.php?rest_route=\/wp\/v2\/media\/44834"}],"wp:attachment":[{"href":"https:\/\/aconteceunovale.com.br\/portal\/index.php?rest_route=%2Fwp%2Fv2%2Fmedia&parent=44833"}],"wp:term":[{"taxonomy":"category","embeddable":true,"href":"https:\/\/aconteceunovale.com.br\/portal\/index.php?rest_route=%2Fwp%2Fv2%2Fcategories&post=44833"},{"taxonomy":"post_tag","embeddable":true,"href":"https:\/\/aconteceunovale.com.br\/portal\/index.php?rest_route=%2Fwp%2Fv2%2Ftags&post=44833"}],"curies":[{"name":"wp","href":"https:\/\/api.w.org\/{rel}","templated":true}]}}