{"id":44822,"date":"2014-11-08T11:36:34","date_gmt":"2014-11-08T14:36:34","guid":{"rendered":"http:\/\/aconteceunovale.com.br\/portal\/?p=44822"},"modified":"2014-11-08T11:37:02","modified_gmt":"2014-11-08T14:37:02","slug":"duas-criancas-morrem-e-sete-pessoas-ficam-feridas-apos-laje-de-casa-desabar","status":"publish","type":"post","link":"https:\/\/aconteceunovale.com.br\/portal\/?p=44822","title":{"rendered":"Duas crian\u00e7as morrem e sete pessoas ficam feridas ap\u00f3s laje de casa desabar em Minas Gerais"},"content":{"rendered":"<h4><strong><em>Trag\u00e9dia aconteceu na casa de uma fam\u00edlia de Itamarati de Minas. A laje j\u00e1 estava condenada pela Defesa Civil, mas o morador insistiu em ficar.<\/em><\/strong><\/h4>\n<div id=\"fb-root\"><\/div>\n<p>\t\t\t\t<script>(function(d, s, id) {\n\t\t\t\t  var js, fjs = d.getElementsByTagName(s)[0];\n\t\t\t\t  if (d.getElementById(id)) return;\n\t\t\t\t  js = d.createElement(s); js.id = id;\n\t\t\t\t  js.src = \"\/\/connect.facebook.net\/pt_BR\/sdk.js#xfbml=1&appId=691575364226355&version=v2.0\";\n\t\t\t\t  fjs.parentNode.insertBefore(js, fjs);\n\t\t\t\t}(document, 'script', 'facebook-jssdk'));<\/script><\/p>\n<div class=\"fb-like\" data-href=\"https:\/\/www.facebook.com\/aconteceunovale\" data-layout=\"button_count\" data-action=\"like\" data-show-faces=\"true\" data-share=\"true\"><\/div>\n<p><\/br><\/p>\n<p>A laje de um barrac\u00e3o desabou e matou duas crian\u00e7as, de 1 e 4 anos, em Itamarati de Minas, na Zona da Mata do estado. Outras sete pessoas da mesma fam\u00edlia ficaram feridas no acidente, que aconteceu por volta de 21h30 de sexta-feira, 7 de novembro. De acordo com o Corpo de Bombeiros, o im\u00f3vel, que fica na Rua Liberato Luiz Pereira, j\u00e1 havia sido interditado pela Defesa Civil municipal, mas o propriet\u00e1rio permaneceu. <\/p>\n<p><img decoding=\"async\" src=\"http:\/\/aconteceunovale.com.br\/portal\/wp-content\/uploads\/2014\/11\/casa_desaba_1.jpg\" alt=\"\" \/><em>Acidente aconteceu na noite dessa sexta &#8211; Foto: Marcelo Lopes\/Reprodu\u00e7\u00e3o<\/em><br \/>\n<\/br><\/p>\n<p>Ainda segundo o Corpo de Bombeiros, no barrac\u00e3o de apenas tr\u00eas c\u00f4modos morava um idoso, que recebia na noite de ontem a visita de netos e outros familiares. Todos estavam vendo TV em uma \u00e1rea que funcionava como sala-quarto, coberta pela laje j\u00e1 condenada pela Defesa Civil. Segundo militares, o dono da casa se recusou a deixar o local, mesmo com a p\u00e9ssima conserva\u00e7\u00e3o da estrutura, que estava deteriorada h\u00e1 anos. A fam\u00edlia chegou a morar um tempo fora de Minas Gerais, mas voltou a ocupar o barrac\u00e3o. H\u00e1 um laudo das Defesa Civil constatando a condi\u00e7\u00e3o prec\u00e1ria da laje, principalmente com corros\u00e3o das vigas de sustenta\u00e7\u00e3o. <\/p>\n<p>O concreto caiu de uma vez, sem tempo para que as v\u00edtimas corressem. Morreram na hora Ekila Antony Gon\u00e7alves, 1 anos, Maria Luiza Voleiro Marciano, 4 anos. Foram socorridos pelas equipes dos bombeiros e Servi\u00e7o de Atendimento M\u00f3vel de Urg\u00eancia (Samu) Maria Eduarda Voleiro Marciano, 10 anos, Zaqueu Voleiro, 19 anos, Maria Vit\u00f3ria Voleiro Megres, 1 anos, Marcos Vin\u00edcius Machado Voleiro, 7 anos, Dayara Aparecida Domingos Gon\u00e7alves, 21 anos, e Daniele de F\u00e1tima Voleiro, 27 anos. Todos feridos foram levados para hospitais de Leopoldina e Cataguases. Trabalharam no resgate socorristas de Itamarati de Minas, Leopoldina e Muria\u00e9. <\/p>\n<p>Conforme os bombeiros, a pequena Ekila morreu antes da chegada das equipes de atendimento, mas Maria Luiza ainda tinha sinais de vida. Os socorristas tentaram reanim\u00e1-la com manobras card\u00edacas, mas n\u00e3o conseguiram salvar a menina. Os bombeiros isolaram a \u00e1rea at\u00e9 nova avalia\u00e7\u00e3o da Defesa Civil. De acordo com militares, uma parte da laje \u2013 que cobre a cozinha \u2013 ficou intacta, mas provavelmente n\u00e3o ser\u00e1 poss\u00edvel a recupera\u00e7\u00e3o do im\u00f3vel.<\/p>\n<p><img decoding=\"async\" src=\"http:\/\/aconteceunovale.com.br\/portal\/wp-content\/uploads\/2014\/11\/casa_desaba_2.jpg\" alt=\"\" \/><em>Im\u00f3vel ficou totalmente destru\u00eddo &#8211; Foto: Marcelo Lopes\/Reprodu\u00e7\u00e3o<\/em><br \/>\n<\/br><\/p>\n<p><img decoding=\"async\" src=\"http:\/\/aconteceunovale.com.br\/portal\/wp-content\/uploads\/2014\/11\/casa_desaba_3.jpg\" alt=\"\" \/><em>Cama foi atingida por peda\u00e7os de concretos &#8211; Foto: Marcelo Lopes\/Reprodu\u00e7\u00e3o<\/em><br \/>\n<\/br><\/p>\n<p><strong><em>(Estado de Minas)<\/em><\/strong><\/p>\n","protected":false},"excerpt":{"rendered":"<p>Trag\u00e9dia aconteceu na casa de uma fam\u00edlia de Itamarati de Minas. A laje j\u00e1 estava condenada pela Defesa Civil, mas o morador insistiu em ficar. A laje de um barrac\u00e3o desabou e matou duas crian\u00e7as, de 1 e 4 anos, em Itamarati de Minas, na Zona da Mata do estado. Outras sete pessoas da mesma [&hellip;]<\/p>\n","protected":false},"author":1,"featured_media":44823,"comment_status":"open","ping_status":"closed","sticky":false,"template":"","format":"standard","meta":{"amp_status":"","footnotes":""},"categories":[123],"tags":[22289,1503,22298,22297,22287,22288,22299,22291,1602,208,22296,22293,22292,22295,1502,22290,22294],"class_list":["post-44822","post","type-post","status-publish","format-standard","has-post-thumbnail","hentry","category-gerais","tag-casa-desaba-em-itamarati-de-minas","tag-cataguases","tag-daniele-de-fatima-voleiro","tag-dayara-aparecida-domingos-goncalves","tag-duas-criancas-morrem-e-sete-pessoas-ficam-feridas-apos-laje-de-casa-desabar","tag-duas-criancas-morrem-e-sete-pessoas-ficam-feridas-apos-laje-de-casa-desabar-em-itamarati-de-minas","tag-duas-criancas-morrem-e-sete-pessoas-ficam-feridas-apos-laje-de-casa-desabar-em-minas-gerais","tag-ekila-antony-goncalves","tag-itamarati-de-minas","tag-leopoldina","tag-marcos-vinicius-machado-voleiro","tag-maria-eduarda-voleiro-marciano","tag-maria-luiza-voleiro-marciano","tag-maria-vitoria-voleiro-megres","tag-muriae","tag-tragedia-em-itamarati-de-minas","tag-zaqueu-voleiro"],"_links":{"self":[{"href":"https:\/\/aconteceunovale.com.br\/portal\/index.php?rest_route=\/wp\/v2\/posts\/44822","targetHints":{"allow":["GET"]}}],"collection":[{"href":"https:\/\/aconteceunovale.com.br\/portal\/index.php?rest_route=\/wp\/v2\/posts"}],"about":[{"href":"https:\/\/aconteceunovale.com.br\/portal\/index.php?rest_route=\/wp\/v2\/types\/post"}],"author":[{"embeddable":true,"href":"https:\/\/aconteceunovale.com.br\/portal\/index.php?rest_route=\/wp\/v2\/users\/1"}],"replies":[{"embeddable":true,"href":"https:\/\/aconteceunovale.com.br\/portal\/index.php?rest_route=%2Fwp%2Fv2%2Fcomments&post=44822"}],"version-history":[{"count":0,"href":"https:\/\/aconteceunovale.com.br\/portal\/index.php?rest_route=\/wp\/v2\/posts\/44822\/revisions"}],"wp:featuredmedia":[{"embeddable":true,"href":"https:\/\/aconteceunovale.com.br\/portal\/index.php?rest_route=\/wp\/v2\/media\/44823"}],"wp:attachment":[{"href":"https:\/\/aconteceunovale.com.br\/portal\/index.php?rest_route=%2Fwp%2Fv2%2Fmedia&parent=44822"}],"wp:term":[{"taxonomy":"category","embeddable":true,"href":"https:\/\/aconteceunovale.com.br\/portal\/index.php?rest_route=%2Fwp%2Fv2%2Fcategories&post=44822"},{"taxonomy":"post_tag","embeddable":true,"href":"https:\/\/aconteceunovale.com.br\/portal\/index.php?rest_route=%2Fwp%2Fv2%2Ftags&post=44822"}],"curies":[{"name":"wp","href":"https:\/\/api.w.org\/{rel}","templated":true}]}}