{"id":44819,"date":"2014-11-08T11:23:55","date_gmt":"2014-11-08T14:23:55","guid":{"rendered":"http:\/\/aconteceunovale.com.br\/portal\/?p=44819"},"modified":"2014-11-08T11:24:40","modified_gmt":"2014-11-08T14:24:40","slug":"postos-de-saude-abrem-hoje-para-inicio-da-vacinacao-contra-polio-e-sarampo","status":"publish","type":"post","link":"https:\/\/aconteceunovale.com.br\/portal\/?p=44819","title":{"rendered":"Postos de sa\u00fade abrem hoje para in\u00edcio da vacina\u00e7\u00e3o contra p\u00f3lio e sarampo"},"content":{"rendered":"<div id=\"fb-root\"><\/div>\n<p>\t\t\t\t<script>(function(d, s, id) {\n\t\t\t\t  var js, fjs = d.getElementsByTagName(s)[0];\n\t\t\t\t  if (d.getElementById(id)) return;\n\t\t\t\t  js = d.createElement(s); js.id = id;\n\t\t\t\t  js.src = \"\/\/connect.facebook.net\/pt_BR\/sdk.js#xfbml=1&appId=691575364226355&version=v2.0\";\n\t\t\t\t  fjs.parentNode.insertBefore(js, fjs);\n\t\t\t\t}(document, 'script', 'facebook-jssdk'));<\/script><\/p>\n<div class=\"fb-like\" data-href=\"https:\/\/www.facebook.com\/aconteceunovale\" data-layout=\"button_count\" data-action=\"like\" data-show-faces=\"true\" data-share=\"true\"><\/div>\n<p><\/br><\/p>\n<p>Mais de 100 mil postos de sa\u00fade em todo o pa\u00eds abrem hoje (8) para o in\u00edcio da campanha de vacina\u00e7\u00e3o contra a poliomielite e o sarampo. A imuniza\u00e7\u00e3o segue at\u00e9 o dia 28 deste m\u00eas.<\/p>\n<p>No caso da poliomielite, tamb\u00e9m conhecida como paralisia infantil, devem ser vacinadas crian\u00e7as de 6 meses at\u00e9 5 anos incompletos. A expectativa do governo \u00e9 imunizar mais de 12,7 milh\u00f5es de crian\u00e7as.<\/p>\n<p>J\u00e1 na vacina\u00e7\u00e3o contra o sarampo, a faixa et\u00e1ria indicada \u00e9 de 1 ano at\u00e9 5 anos incompletos. A estimativa \u00e9 vacinar 10,9 milh\u00f5es de crian\u00e7as. A vacina tr\u00edplice viral protege, al\u00e9m do sarampo, contra a caxumba e a rub\u00e9ola.<\/p>\n<p>O governo garante que as doses s\u00e3o seguras e recomendadas pela Organiza\u00e7\u00e3o Mundial da Sa\u00fade (OMS). No caso da vacina oral e da vacina injet\u00e1vel contra a p\u00f3lio, as rea\u00e7\u00f5es s\u00e3o consideradas raras e, no caso da vacina contra o sarampo, as rea\u00e7\u00f5es incluem febre ou dor no local da aplica\u00e7\u00e3o.<\/p>\n<p>A poliomielite \u00e9 uma doen\u00e7a infectocontagiosa grave. Na maioria dos casos, a crian\u00e7a, quando infectada, n\u00e3o morre, mas adquire s\u00e9rias les\u00f5es que afetam o sistema nervoso e provocam paralisia irrevers\u00edvel, principalmente nos membros inferiores.<\/p>\n<p>J\u00e1 o sarampo \u00e9 uma doen\u00e7a viral aguda grave e altamente contagiosa. Os sintomas mais comuns incluem febre alta, tosse, manchas vermelhas, coriza e conjuntivite. A transmiss\u00e3o acontece de pessoa para pessoa por meio de secre\u00e7\u00f5es expelidas ao tossir, falar ou respirar. A \u00fanica forma de preven\u00e7\u00e3o da doen\u00e7a \u00e9 a vacina\u00e7\u00e3o. As informa\u00e7\u00f5es s\u00e3o da <strong>Ag\u00eancia Brasil<\/strong>.<\/p>\n","protected":false},"excerpt":{"rendered":"<p>Mais de 100 mil postos de sa\u00fade em todo o pa\u00eds abrem hoje (8) para o in\u00edcio da campanha de vacina\u00e7\u00e3o contra a poliomielite e o sarampo. A imuniza\u00e7\u00e3o segue at\u00e9 o dia 28 deste m\u00eas. No caso da poliomielite, tamb\u00e9m conhecida como paralisia infantil, devem ser vacinadas crian\u00e7as de 6 meses at\u00e9 5 anos [&hellip;]<\/p>\n","protected":false},"author":1,"featured_media":44649,"comment_status":"open","ping_status":"closed","sticky":false,"template":"","format":"standard","meta":{"amp_status":"","footnotes":""},"categories":[6],"tags":[15623,22286,21731,22285,22283,22077,19152,22284],"class_list":["post-44819","post","type-post","status-publish","format-standard","has-post-thumbnail","hentry","category-br","tag-campanha","tag-campanha-de-vacinacao-contra-a-poliomielite-e-o-sarampo","tag-imunizacao","tag-poliomielite","tag-postos-de-saude-abrem-hoje-para-inicio-da-vacinacao-contra-polio-e-sarampo","tag-sarampo","tag-saude","tag-vacinacao"],"_links":{"self":[{"href":"https:\/\/aconteceunovale.com.br\/portal\/index.php?rest_route=\/wp\/v2\/posts\/44819","targetHints":{"allow":["GET"]}}],"collection":[{"href":"https:\/\/aconteceunovale.com.br\/portal\/index.php?rest_route=\/wp\/v2\/posts"}],"about":[{"href":"https:\/\/aconteceunovale.com.br\/portal\/index.php?rest_route=\/wp\/v2\/types\/post"}],"author":[{"embeddable":true,"href":"https:\/\/aconteceunovale.com.br\/portal\/index.php?rest_route=\/wp\/v2\/users\/1"}],"replies":[{"embeddable":true,"href":"https:\/\/aconteceunovale.com.br\/portal\/index.php?rest_route=%2Fwp%2Fv2%2Fcomments&post=44819"}],"version-history":[{"count":0,"href":"https:\/\/aconteceunovale.com.br\/portal\/index.php?rest_route=\/wp\/v2\/posts\/44819\/revisions"}],"wp:featuredmedia":[{"embeddable":true,"href":"https:\/\/aconteceunovale.com.br\/portal\/index.php?rest_route=\/wp\/v2\/media\/44649"}],"wp:attachment":[{"href":"https:\/\/aconteceunovale.com.br\/portal\/index.php?rest_route=%2Fwp%2Fv2%2Fmedia&parent=44819"}],"wp:term":[{"taxonomy":"category","embeddable":true,"href":"https:\/\/aconteceunovale.com.br\/portal\/index.php?rest_route=%2Fwp%2Fv2%2Fcategories&post=44819"},{"taxonomy":"post_tag","embeddable":true,"href":"https:\/\/aconteceunovale.com.br\/portal\/index.php?rest_route=%2Fwp%2Fv2%2Ftags&post=44819"}],"curies":[{"name":"wp","href":"https:\/\/api.w.org\/{rel}","templated":true}]}}