{"id":44811,"date":"2014-11-08T10:38:12","date_gmt":"2014-11-08T13:38:12","guid":{"rendered":"http:\/\/aconteceunovale.com.br\/portal\/?p=44811"},"modified":"2014-11-08T10:38:12","modified_gmt":"2014-11-08T13:38:12","slug":"modelo-de-nanuque-e-uma-das-recordistas-de-desfiles-no-sao-paulo-fashion-week","status":"publish","type":"post","link":"https:\/\/aconteceunovale.com.br\/portal\/?p=44811","title":{"rendered":"Modelo de Nanuque \u00e9 uma das recordistas de desfiles no S\u00e3o Paulo Fashion Week"},"content":{"rendered":"<h4><strong><em>Top foi escolhida por 19 grifes nesta temporada. &#8216;Come\u00e7o o dia \u00e0s 6h da manh\u00e3 e vou at\u00e9 2h&#8217;, diz ela, que toma caf\u00e9 para aguentar a maratona.<\/em><\/strong><\/h4>\n<div id=\"fb-root\"><\/div>\n<p>\t\t\t\t<script>(function(d, s, id) {\n\t\t\t\t  var js, fjs = d.getElementsByTagName(s)[0];\n\t\t\t\t  if (d.getElementById(id)) return;\n\t\t\t\t  js = d.createElement(s); js.id = id;\n\t\t\t\t  js.src = \"\/\/connect.facebook.net\/pt_BR\/sdk.js#xfbml=1&appId=691575364226355&version=v2.0\";\n\t\t\t\t  fjs.parentNode.insertBefore(js, fjs);\n\t\t\t\t}(document, 'script', 'facebook-jssdk'));<\/script><\/p>\n<div class=\"fb-like\" data-href=\"https:\/\/www.facebook.com\/aconteceunovale\" data-layout=\"button_count\" data-action=\"like\" data-show-faces=\"true\" data-share=\"true\"><\/div>\n<p><\/br><\/p>\n<p>\u00c9 de Nanuque, cidade do Vale do Mucuri, uma das recordistas de desfiles da SPFW. Elle Ferraz, de 19 anos, foi escalada por 19 das 36 grifes que apresentaram suas cole\u00e7\u00f5es de inverno nesta temporada. &#8220;N\u00e3o imaginava que faria tantos&#8221;, comemora. &#8220;\u00c0s vezes come\u00e7o \u00e0s 6h da manh\u00e3 e vou at\u00e9 2h da madrugada, entre castings, provas de roupa e desfiles. \u00c9 muito cansativo, mas um cansa\u00e7o prazeroso, porque amo o que fa\u00e7o. Chego em casa com a sensa\u00e7\u00e3o de dever cumprido.&#8221;<\/p>\n<p><img decoding=\"async\" src=\"http:\/\/aconteceunovale.com.br\/portal\/wp-content\/uploads\/2014\/11\/modelo_nanuque_1.jpg\" alt=\"\" \/><em>Elle Ferraz na SPFW (Foto: Iwi Onodera \/ EGO)<\/em><br \/>\n<\/br><\/p>\n<p>Para aguentar a maratona, Elle n\u00e3o abre m\u00e3o de um cafezinho nos backstages. &#8220;Tomo o dia inteiro&#8221;, conta ela, que tamb\u00e9m leva lanchinhos de casa. &#8220;Normalmente trago comigo barrinhas de cereal, frutas e biscoitinhos integrais&#8221;.<\/p>\n<p>Com o dinheiro que vai ganhar nesta semana &#8211; uma modelo em in\u00edcio de carreira ganha cerca de R$ 800 por desfile -, a modelo s\u00f3 pensa numa coisa: investir para, no futuro, montar seu pr\u00f3prio laborat\u00f3rio de pesquisa. O interesse veio do curso de Biomedicina, que ela trancou em agosto, no quarto per\u00edodo, e agora ainda n\u00e3o sabe quando vai retomar.<\/p>\n<p>De l\u00e1 para c\u00e1, deixou Minas e se mudou para S\u00e3o Paulo, onde est\u00e1 h\u00e1 um m\u00eas dividindo um apartamento de tr\u00eas quartos com mais sete modelos. &#8220;J\u00e1 estou superacostumada com S\u00e3o Paulo. S\u00f3 sinto saudade mesmo \u00e9 da comida mineira. Adoro arroz, feij\u00e3o e p\u00e3o de queijo&#8221;, diz Elle, que garante comer de tudo. &#8220;Mas evito excessos, claro. E doce, s\u00f3 aos fins de semana.&#8221;<\/p>\n<p><img decoding=\"async\" src=\"http:\/\/aconteceunovale.com.br\/portal\/wp-content\/uploads\/2014\/11\/modelo_nanuque_2.jpg\" alt=\"\" \/><em>Elle Ferraz desfilando na SPFW (Foto: AgNews | Foto Rio News)<\/em><br \/>\n<\/br><\/p>\n<p><img decoding=\"async\" src=\"http:\/\/aconteceunovale.com.br\/portal\/wp-content\/uploads\/2014\/11\/modelo_nanuque_3.jpg\" alt=\"\" \/><em>Elle Ferraz na SPFW (Foto: Iwi Onodera \/ EGO)<\/em><br \/>\n<\/br><\/p>\n<p><strong><em>(Portal EGO)<\/em><\/strong><\/p>\n","protected":false},"excerpt":{"rendered":"<p>Top foi escolhida por 19 grifes nesta temporada. &#8216;Come\u00e7o o dia \u00e0s 6h da manh\u00e3 e vou at\u00e9 2h&#8217;, diz ela, que toma caf\u00e9 para aguentar a maratona. \u00c9 de Nanuque, cidade do Vale do Mucuri, uma das recordistas de desfiles da SPFW. Elle Ferraz, de 19 anos, foi escalada por 19 das 36 grifes [&hellip;]<\/p>\n","protected":false},"author":1,"featured_media":44812,"comment_status":"open","ping_status":"closed","sticky":false,"template":"","format":"standard","meta":{"amp_status":"","footnotes":""},"categories":[122],"tags":[1018,22276,22277,252,22278,22275],"class_list":["post-44811","post","type-post","status-publish","format-standard","has-post-thumbnail","hentry","category-mucuri","tag-destaque","tag-elle-ferraz","tag-modelo-de-nanuque-e-uma-das-recordistas-de-desfiles-no-sao-paulo-fashion-week","tag-nanuque","tag-sao-paulo-fashion-week","tag-spfw"],"_links":{"self":[{"href":"https:\/\/aconteceunovale.com.br\/portal\/index.php?rest_route=\/wp\/v2\/posts\/44811","targetHints":{"allow":["GET"]}}],"collection":[{"href":"https:\/\/aconteceunovale.com.br\/portal\/index.php?rest_route=\/wp\/v2\/posts"}],"about":[{"href":"https:\/\/aconteceunovale.com.br\/portal\/index.php?rest_route=\/wp\/v2\/types\/post"}],"author":[{"embeddable":true,"href":"https:\/\/aconteceunovale.com.br\/portal\/index.php?rest_route=\/wp\/v2\/users\/1"}],"replies":[{"embeddable":true,"href":"https:\/\/aconteceunovale.com.br\/portal\/index.php?rest_route=%2Fwp%2Fv2%2Fcomments&post=44811"}],"version-history":[{"count":0,"href":"https:\/\/aconteceunovale.com.br\/portal\/index.php?rest_route=\/wp\/v2\/posts\/44811\/revisions"}],"wp:featuredmedia":[{"embeddable":true,"href":"https:\/\/aconteceunovale.com.br\/portal\/index.php?rest_route=\/wp\/v2\/media\/44812"}],"wp:attachment":[{"href":"https:\/\/aconteceunovale.com.br\/portal\/index.php?rest_route=%2Fwp%2Fv2%2Fmedia&parent=44811"}],"wp:term":[{"taxonomy":"category","embeddable":true,"href":"https:\/\/aconteceunovale.com.br\/portal\/index.php?rest_route=%2Fwp%2Fv2%2Fcategories&post=44811"},{"taxonomy":"post_tag","embeddable":true,"href":"https:\/\/aconteceunovale.com.br\/portal\/index.php?rest_route=%2Fwp%2Fv2%2Ftags&post=44811"}],"curies":[{"name":"wp","href":"https:\/\/api.w.org\/{rel}","templated":true}]}}