{"id":44774,"date":"2014-11-07T21:57:05","date_gmt":"2014-11-08T00:57:05","guid":{"rendered":"http:\/\/aconteceunovale.com.br\/portal\/?p=44774"},"modified":"2014-11-07T21:57:05","modified_gmt":"2014-11-08T00:57:05","slug":"homem-e-assassinado-a-tiros-na-porta-de-bar-em-acucena","status":"publish","type":"post","link":"https:\/\/aconteceunovale.com.br\/portal\/?p=44774","title":{"rendered":"Homem \u00e9 assassinado a tiros na porta de bar em A\u00e7ucena"},"content":{"rendered":"<p><em><\/p>\n<h4><strong>Pol\u00edcia ainda n\u00e3o tem informa\u00e7\u00f5es sobre a autoria do crime. V\u00edtima fazia uso de bebidas alco\u00f3licas quando foi atingindo.<\/strong><\/h4>\n<p><\/em><\/p>\n<div id=\"fb-root\"><\/div>\n<p>\t\t\t\t<script>(function(d, s, id) {\n\t\t\t\t  var js, fjs = d.getElementsByTagName(s)[0];\n\t\t\t\t  if (d.getElementById(id)) return;\n\t\t\t\t  js = d.createElement(s); js.id = id;\n\t\t\t\t  js.src = \"\/\/connect.facebook.net\/pt_BR\/sdk.js#xfbml=1&appId=691575364226355&version=v2.0\";\n\t\t\t\t  fjs.parentNode.insertBefore(js, fjs);\n\t\t\t\t}(document, 'script', 'facebook-jssdk'));<\/script><\/p>\n<div class=\"fb-like\" data-href=\"https:\/\/www.facebook.com\/aconteceunovale\" data-layout=\"button_count\" data-action=\"like\" data-show-faces=\"true\" data-share=\"true\"><\/div>\n<p><\/br><\/p>\n<p>Um homem de 36 anos foi morto na noite dessa quinta-feira (6), por volta das 21h40, na zona rural do distrito de Felicina, em A\u00e7ucena, no leste de Minas. Segundo a pol\u00edcia, a v\u00edtima foi assassinada a tiros do lado de fora de um bar.<\/p>\n<p>A v\u00edtima Luis Carlos Lago foi encontrada ca\u00edda ao solo, depois de ser alvejada com disparos de arma de fogo, na regi\u00e3o da cabe\u00e7a e no rosto. Segundo relatos de testemunhas, a v\u00edtima conversava com alguns amigos quando foi atingida. O dono do bar confirmou para a pol\u00edcia que ele bebia cacha\u00e7a quase sempre no estabelecimento.<\/p>\n<p>De acordo com a PM, uma motocicleta com duas pessoas, que vestiam capa de chuva e usavam capacetes escuros passaram no local. Um dos ocupantes foi em dire\u00e7\u00e3o \u00e0 vitima, e efetuou tr\u00eas disparos. Em seguida, voltou para a motocicleta e, com o comparsa, fugiu em alta velocidade.<\/p>\n<p>Testemunhas que presenciaram o crime n\u00e3o souberam informar quem seria os suspeitos e nem a motiva\u00e7\u00e3o do crime. At\u00e9 o momento ningu\u00e9m foi preso.<\/p>\n","protected":false},"excerpt":{"rendered":"<p>Pol\u00edcia ainda n\u00e3o tem informa\u00e7\u00f5es sobre a autoria do crime. V\u00edtima fazia uso de bebidas alco\u00f3licas quando foi atingindo. Um homem de 36 anos foi morto na noite dessa quinta-feira (6), por volta das 21h40, na zona rural do distrito de Felicina, em A\u00e7ucena, no leste de Minas. Segundo a pol\u00edcia, a v\u00edtima foi assassinada [&hellip;]<\/p>\n","protected":false},"author":1,"featured_media":12845,"comment_status":"open","ping_status":"closed","sticky":false,"template":"","format":"standard","meta":{"amp_status":"","footnotes":""},"categories":[121],"tags":[971,22221,22219,22220],"class_list":["post-44774","post","type-post","status-publish","format-standard","has-post-thumbnail","hentry","category-leste","tag-acucena","tag-distrito-de-felicina","tag-homem-e-assassinado-a-tiros-na-porta-de-bar-em-acucena","tag-luis-carlos-lago"],"_links":{"self":[{"href":"https:\/\/aconteceunovale.com.br\/portal\/index.php?rest_route=\/wp\/v2\/posts\/44774","targetHints":{"allow":["GET"]}}],"collection":[{"href":"https:\/\/aconteceunovale.com.br\/portal\/index.php?rest_route=\/wp\/v2\/posts"}],"about":[{"href":"https:\/\/aconteceunovale.com.br\/portal\/index.php?rest_route=\/wp\/v2\/types\/post"}],"author":[{"embeddable":true,"href":"https:\/\/aconteceunovale.com.br\/portal\/index.php?rest_route=\/wp\/v2\/users\/1"}],"replies":[{"embeddable":true,"href":"https:\/\/aconteceunovale.com.br\/portal\/index.php?rest_route=%2Fwp%2Fv2%2Fcomments&post=44774"}],"version-history":[{"count":0,"href":"https:\/\/aconteceunovale.com.br\/portal\/index.php?rest_route=\/wp\/v2\/posts\/44774\/revisions"}],"wp:featuredmedia":[{"embeddable":true,"href":"https:\/\/aconteceunovale.com.br\/portal\/index.php?rest_route=\/wp\/v2\/media\/12845"}],"wp:attachment":[{"href":"https:\/\/aconteceunovale.com.br\/portal\/index.php?rest_route=%2Fwp%2Fv2%2Fmedia&parent=44774"}],"wp:term":[{"taxonomy":"category","embeddable":true,"href":"https:\/\/aconteceunovale.com.br\/portal\/index.php?rest_route=%2Fwp%2Fv2%2Fcategories&post=44774"},{"taxonomy":"post_tag","embeddable":true,"href":"https:\/\/aconteceunovale.com.br\/portal\/index.php?rest_route=%2Fwp%2Fv2%2Ftags&post=44774"}],"curies":[{"name":"wp","href":"https:\/\/api.w.org\/{rel}","templated":true}]}}