{"id":44752,"date":"2014-11-07T21:13:05","date_gmt":"2014-11-08T00:13:05","guid":{"rendered":"http:\/\/aconteceunovale.com.br\/portal\/?p=44752"},"modified":"2014-11-07T21:13:05","modified_gmt":"2014-11-08T00:13:05","slug":"professor-wagner-santiago-e-eleito-reitor-da-unimontes","status":"publish","type":"post","link":"https:\/\/aconteceunovale.com.br\/portal\/?p=44752","title":{"rendered":"Professor Wagner Santiago \u00e9 eleito reitor da Unimontes"},"content":{"rendered":"<h4><em><strong>De acordo com o presidente da comiss\u00e3o eleitoral, ele recebeu 39% dos votos. Mesmo vencedor, Santiago aguarda decis\u00e3o do governador de Minas.<\/strong><\/em><\/h4>\n<div id=\"fb-root\"><\/div>\n<p>\t\t\t\t<script>(function(d, s, id) {\n\t\t\t\t  var js, fjs = d.getElementsByTagName(s)[0];\n\t\t\t\t  if (d.getElementById(id)) return;\n\t\t\t\t  js = d.createElement(s); js.id = id;\n\t\t\t\t  js.src = \"\/\/connect.facebook.net\/pt_BR\/sdk.js#xfbml=1&appId=691575364226355&version=v2.0\";\n\t\t\t\t  fjs.parentNode.insertBefore(js, fjs);\n\t\t\t\t}(document, 'script', 'facebook-jssdk'));<\/script><\/p>\n<div class=\"fb-like\" data-href=\"https:\/\/www.facebook.com\/aconteceunovale\" data-layout=\"button_count\" data-action=\"like\" data-show-faces=\"true\" data-share=\"true\"><\/div>\n<p><\/br><\/p>\n<p>O professor Wagner de Paulo Santiago venceu, com 39% dos pontos, as elei\u00e7\u00f5es para o cargo de reitor da Universidade Estadual de Montes Claros (Unimontes). A informa\u00e7\u00e3o foi divulgada pelo presidente da comiss\u00e3o eleitoral, Paulo C\u00e9sar Mendes.<\/p>\n<p>A vota\u00e7\u00e3o foi realizada nesta quinta-feira (6) na universidade. Al\u00e9m do professor Wagner Santiago, concorriam ainda o atual reitor da Unimontes, Jo\u00e3o Canela, que teve 35% dos pontos, e o m\u00e9dico Jo\u00e3o Batista Silv\u00e9rio que ficou com 26%.<\/p>\n<p><img decoding=\"async\" src=\"http:\/\/aconteceunovale.com.br\/portal\/wp-content\/uploads\/2014\/11\/reitor_unimontes.jpg\" alt=\"\" \/><em>Professor Wagner Santiago vai aguardar pela decis\u00e3o do governador de Minas (Foto: Michelly Oda\/G1)<\/em><br \/>\n<\/br><\/p>\n<p>Conforme as regras do processo eleitoral, o voto na universidade \u00e9 partid\u00e1rio, professores t\u00eam 70% de peso, servidores t\u00e9cnicos-administrativos, 15%, e acad\u00eamicos, 15%.<\/p>\n<p>Apesar de ficar em primeiro na vota\u00e7\u00e3o, Wagner Santiago e a vice, S\u00edlvia Nietsche, v\u00e3o esperar o envio da lista tr\u00edplice com o nome dos candidatos ao governador de Minas Gerais, Alberto Pinto Coelho, que pode ou n\u00e3o, at\u00e9 04 de dezembro, nomear o candidato vencedor.<\/p>\n<p>Momentos ap\u00f3s divulga\u00e7\u00e3o do resultado, Wagner disse que espera que o governador atenda a vontade das urnas. &#8220;A apura\u00e7\u00e3o acabou h\u00e1 pouco e vamos mandar ao Conselho para homolog\u00e1-la, isso ser\u00e1 feito na ter\u00e7a-feira (11). Vamos pedir ao governador que honre o pedido do p\u00fablico, assim como foi feito pelo A\u00e9cio Neves e tamb\u00e9m o Anastasia, que optaram pelo mais votado. Acreditamos que governador o Alberto Pinto Coelho, que \u00e9 muito coerente, vai tomar esta postura&#8221;, afirma.<\/p>\n","protected":false},"excerpt":{"rendered":"<p>De acordo com o presidente da comiss\u00e3o eleitoral, ele recebeu 39% dos votos. Mesmo vencedor, Santiago aguarda decis\u00e3o do governador de Minas. O professor Wagner de Paulo Santiago venceu, com 39% dos pontos, as elei\u00e7\u00f5es para o cargo de reitor da Universidade Estadual de Montes Claros (Unimontes). A informa\u00e7\u00e3o foi divulgada pelo presidente da comiss\u00e3o [&hellip;]<\/p>\n","protected":false},"author":1,"featured_media":44753,"comment_status":"open","ping_status":"closed","sticky":false,"template":"","format":"standard","meta":{"amp_status":"","footnotes":""},"categories":[1236],"tags":[1402,22211,22210,210,22206,22207,22204,22205,22209,22212,763,18174,22208],"class_list":["post-44752","post","type-post","status-publish","format-standard","has-post-thumbnail","hentry","category-norte_de_minas","tag-alberto-pinto-coelho","tag-joao-batista-silverio","tag-joao-canela","tag-montes-claros","tag-novo-reitor-da-unimontes","tag-professor-wagner-santiago","tag-professor-wagner-santiago-e-eleito-reitor-da-unimontes","tag-reitor-da-unimontes","tag-reitor-da-universidade-estadual-de-montes-claros","tag-silvia-nietsche","tag-unimontes","tag-universidade-estadual-de-montes-claros","tag-wagner-de-paulo-santiago"],"_links":{"self":[{"href":"https:\/\/aconteceunovale.com.br\/portal\/index.php?rest_route=\/wp\/v2\/posts\/44752","targetHints":{"allow":["GET"]}}],"collection":[{"href":"https:\/\/aconteceunovale.com.br\/portal\/index.php?rest_route=\/wp\/v2\/posts"}],"about":[{"href":"https:\/\/aconteceunovale.com.br\/portal\/index.php?rest_route=\/wp\/v2\/types\/post"}],"author":[{"embeddable":true,"href":"https:\/\/aconteceunovale.com.br\/portal\/index.php?rest_route=\/wp\/v2\/users\/1"}],"replies":[{"embeddable":true,"href":"https:\/\/aconteceunovale.com.br\/portal\/index.php?rest_route=%2Fwp%2Fv2%2Fcomments&post=44752"}],"version-history":[{"count":0,"href":"https:\/\/aconteceunovale.com.br\/portal\/index.php?rest_route=\/wp\/v2\/posts\/44752\/revisions"}],"wp:featuredmedia":[{"embeddable":true,"href":"https:\/\/aconteceunovale.com.br\/portal\/index.php?rest_route=\/wp\/v2\/media\/44753"}],"wp:attachment":[{"href":"https:\/\/aconteceunovale.com.br\/portal\/index.php?rest_route=%2Fwp%2Fv2%2Fmedia&parent=44752"}],"wp:term":[{"taxonomy":"category","embeddable":true,"href":"https:\/\/aconteceunovale.com.br\/portal\/index.php?rest_route=%2Fwp%2Fv2%2Fcategories&post=44752"},{"taxonomy":"post_tag","embeddable":true,"href":"https:\/\/aconteceunovale.com.br\/portal\/index.php?rest_route=%2Fwp%2Fv2%2Ftags&post=44752"}],"curies":[{"name":"wp","href":"https:\/\/api.w.org\/{rel}","templated":true}]}}