{"id":44749,"date":"2014-11-07T20:37:48","date_gmt":"2014-11-07T23:37:48","guid":{"rendered":"http:\/\/aconteceunovale.com.br\/portal\/?p=44749"},"modified":"2014-11-07T20:37:48","modified_gmt":"2014-11-07T23:37:48","slug":"santana-do-paraiso-devera-importar-canabidiol-para-tratamento-de-crianca-com-sindrome-rara","status":"publish","type":"post","link":"https:\/\/aconteceunovale.com.br\/portal\/?p=44749","title":{"rendered":"Santana do Para\u00edso dever\u00e1 importar Canabidiol para tratamento de crian\u00e7a com s\u00edndrome rara"},"content":{"rendered":"<h4><strong><em>Crian\u00e7a de 7 anos sofre de doen\u00e7a rara e tem mais de 30 convuls\u00f5es por dia. MP determina que munic\u00edpio de Santana do Para\u00edso arque com rem\u00e9dio.<\/em><\/strong><\/h4>\n<div id=\"fb-root\"><\/div>\n<p>\t\t\t\t<script>(function(d, s, id) {\n\t\t\t\t  var js, fjs = d.getElementsByTagName(s)[0];\n\t\t\t\t  if (d.getElementById(id)) return;\n\t\t\t\t  js = d.createElement(s); js.id = id;\n\t\t\t\t  js.src = \"\/\/connect.facebook.net\/pt_BR\/sdk.js#xfbml=1&appId=691575364226355&version=v2.0\";\n\t\t\t\t  fjs.parentNode.insertBefore(js, fjs);\n\t\t\t\t}(document, 'script', 'facebook-jssdk'));<\/script><\/p>\n<div class=\"fb-like\" data-href=\"https:\/\/www.facebook.com\/aconteceunovale\" data-layout=\"button_count\" data-action=\"like\" data-show-faces=\"true\" data-share=\"true\"><\/div>\n<p><\/br><\/p>\n<p>O Minist\u00e9rio P\u00fablico de Ipatinga expediu uma liminar nesta quarta-feira (5) determinando que o munic\u00edpio de Santana do Para\u00edso arque com o Canabidiol para o tratamento de Maria Clara Oliveira. A crian\u00e7a, de sete anos, sofre com a S\u00edndrome de Lennox Gastaut e tem de 30 a 40 crises epil\u00e9ticas por dia.<\/p>\n<p>O medicamento Canabidiol (CBD) Cannabis sativa, derivado da maconha, \u00e9 produzido nos Estados Unidos e tem a venda proibida no Brasil, e s\u00f3 pode ser conseguido com autoriza\u00e7\u00e3o especial. A fam\u00edlia luta na Justi\u00e7a para conseguir o medicamento que pode salvar a vida de Maria Clara.<\/p>\n<p><img decoding=\"async\" src=\"http:\/\/aconteceunovale.com.br\/portal\/wp-content\/uploads\/2014\/11\/sp_canabidiol.jpg\" alt=\"\" \/><em>Fam\u00edlia espera que Anvisa libere o Canabidiol para filha (Foto: Wilkson Tarres\/G1)<\/em><br \/>\n<\/br><\/p>\n<p>Os pais da menina, Rodrigo da Silva e Tatiane Oliveira, disseram estar mais aliviados com o primeiro passo alcan\u00e7ado. Segundo eles, muitas pessoas se comoveram com a hist\u00f3ria da filha, depois da divulga\u00e7\u00e3o na imprensa. Tatiane Oliveira disse que pessoas de v\u00e1rios lugares se solidarizam.<\/p>\n<p>\u201cNosso telefone n\u00e3o parou durante essa \u00faltima semana. Fam\u00edlias do estado de Goi\u00e1s e dos Estados Unidos nos ligaram pedindo nosso endere\u00e7o para comprar o rem\u00e9dio e enviar para nossa casa. Em virtude da proibi\u00e7\u00e3o por parte da Anvisa, o rem\u00e9dio ainda n\u00e3o pode chegar \u00e0 nossa filha, mas estamos confiantes\u201d, afirma.<\/p>\n<p>A advogada da fam\u00edlia, Sandra Paula de Souza, disse que agora o pr\u00f3ximo passo \u00e9 requerer administrativamente junto a Anvisa a libera\u00e7\u00e3o do rem\u00e9dio. Para os pais fica a esperan\u00e7a de que Maria Clara possa voltar a andar, falar e ter uma vida saud\u00e1vel.<\/p>\n<p>A prefeitura municipal de Santana do Para\u00edso e a Anvisa ainda n\u00e3o se pronunciaram sobre o caso. As informa\u00e7\u00f5es s\u00e3o da <strong>Inter TV dos Vales<\/strong>.<\/p>\n","protected":false},"excerpt":{"rendered":"<p>Crian\u00e7a de 7 anos sofre de doen\u00e7a rara e tem mais de 30 convuls\u00f5es por dia. MP determina que munic\u00edpio de Santana do Para\u00edso arque com rem\u00e9dio. O Minist\u00e9rio P\u00fablico de Ipatinga expediu uma liminar nesta quarta-feira (5) determinando que o munic\u00edpio de Santana do Para\u00edso arque com o Canabidiol para o tratamento de Maria [&hellip;]<\/p>\n","protected":false},"author":1,"featured_media":44750,"comment_status":"open","ping_status":"closed","sticky":false,"template":"","format":"standard","meta":{"amp_status":"","footnotes":""},"categories":[121],"tags":[20778,1018,22201,22202,20775,22203,20776,22200,2101,22199,20774,20777],"class_list":["post-44749","post","type-post","status-publish","format-standard","has-post-thumbnail","hentry","category-leste","tag-canabidiol","tag-destaque","tag-importacao-de-canabidiol","tag-importar-canabidiol","tag-maria-clara-oliveira","tag-porque-o-canabidiol-nao-e-liberado-no-brasil","tag-rodrigo-da-silva","tag-sandra-paula-de-souza","tag-santana-do-paraiso","tag-santana-do-paraiso-devera-importar-canabidiol-para-tratamento-de-crianca-com-sindrome-rara","tag-sindrome-de-lennox-gastaut","tag-tatiane-oliveira"],"_links":{"self":[{"href":"https:\/\/aconteceunovale.com.br\/portal\/index.php?rest_route=\/wp\/v2\/posts\/44749","targetHints":{"allow":["GET"]}}],"collection":[{"href":"https:\/\/aconteceunovale.com.br\/portal\/index.php?rest_route=\/wp\/v2\/posts"}],"about":[{"href":"https:\/\/aconteceunovale.com.br\/portal\/index.php?rest_route=\/wp\/v2\/types\/post"}],"author":[{"embeddable":true,"href":"https:\/\/aconteceunovale.com.br\/portal\/index.php?rest_route=\/wp\/v2\/users\/1"}],"replies":[{"embeddable":true,"href":"https:\/\/aconteceunovale.com.br\/portal\/index.php?rest_route=%2Fwp%2Fv2%2Fcomments&post=44749"}],"version-history":[{"count":0,"href":"https:\/\/aconteceunovale.com.br\/portal\/index.php?rest_route=\/wp\/v2\/posts\/44749\/revisions"}],"wp:featuredmedia":[{"embeddable":true,"href":"https:\/\/aconteceunovale.com.br\/portal\/index.php?rest_route=\/wp\/v2\/media\/44750"}],"wp:attachment":[{"href":"https:\/\/aconteceunovale.com.br\/portal\/index.php?rest_route=%2Fwp%2Fv2%2Fmedia&parent=44749"}],"wp:term":[{"taxonomy":"category","embeddable":true,"href":"https:\/\/aconteceunovale.com.br\/portal\/index.php?rest_route=%2Fwp%2Fv2%2Fcategories&post=44749"},{"taxonomy":"post_tag","embeddable":true,"href":"https:\/\/aconteceunovale.com.br\/portal\/index.php?rest_route=%2Fwp%2Fv2%2Ftags&post=44749"}],"curies":[{"name":"wp","href":"https:\/\/api.w.org\/{rel}","templated":true}]}}