{"id":44735,"date":"2014-11-07T13:11:58","date_gmt":"2014-11-07T16:11:58","guid":{"rendered":"http:\/\/aconteceunovale.com.br\/portal\/?p=44735"},"modified":"2014-11-07T13:11:58","modified_gmt":"2014-11-07T16:11:58","slug":"plantao-do-samu-no-norte-de-minas-gerais-06-de-novembro-de-2014","status":"publish","type":"post","link":"https:\/\/aconteceunovale.com.br\/portal\/?p=44735","title":{"rendered":"Plant\u00e3o do Samu no Norte de Minas Gerais &#8211; 06 de novembro de 2014"},"content":{"rendered":"<h4><em><strong>Quinta-feira, 06 de novembro de 2014<\/strong><\/em><\/h4>\n<div id=\"fb-root\"><\/div>\n<p>\t\t\t\t<script>(function(d, s, id) {\n\t\t\t\t  var js, fjs = d.getElementsByTagName(s)[0];\n\t\t\t\t  if (d.getElementById(id)) return;\n\t\t\t\t  js = d.createElement(s); js.id = id;\n\t\t\t\t  js.src = \"\/\/connect.facebook.net\/pt_BR\/sdk.js#xfbml=1&appId=691575364226355&version=v2.0\";\n\t\t\t\t  fjs.parentNode.insertBefore(js, fjs);\n\t\t\t\t}(document, 'script', 'facebook-jssdk'));<\/script><\/p>\n<div class=\"fb-like\" data-href=\"https:\/\/www.facebook.com\/aconteceunovale\" data-layout=\"button_count\" data-action=\"like\" data-show-faces=\"true\" data-share=\"true\"><\/div>\n<p><\/br><\/p>\n<p>A unidade do SAMU de Montes Claros realizou nesta quinta-feira, 06 de novembro, 28 atendimentos, sendo 19 casos cl\u00ednicos, 07 em decorr\u00eancia de acidente de tr\u00e2nsito, todos envolvendo motocicleta, e 02 por picada de marimbondo.<\/p>\n<p>Por volta da 23h20, a unidade do Samu foi acionada na para atendimento a um homem de 26 anos que caiu de moto no trevo da sa\u00edda de Montes Claros para Glaucil\u00e2ndia. Ele apresentava h\u00e1lito et\u00edlico, agressividade, agita\u00e7\u00e3o e dificuldade respirat\u00f3ria.<\/p>\n<p>\u00c0s 22h14, a mulher de 28 anos caiu de moto Avenida Cula Mangabeira, bairro Santo Expedito. Ela estava com 8 semanas de gesta\u00e7\u00e3o e se queixava de lombalgia e dor abdominal.<\/p>\n<p>\u00c0s 17h, uma mulher de 33 anos caiu de moto no bairro Esplanada, e apresentava luxa\u00e7\u00e3o no joelho direito, com edema e deformidade local. No mesmo hor\u00e1rio, uma mulher de 35 anos caiu de moto na Avenida S\u00e3o Judas, e se queixava de tontura e n\u00e1useas, com escoria\u00e7\u00f5es no bra\u00e7o e flanco direitos. Uma mulher de 24 anos que estava na garupa da moto apresentava corte contuso na perna direita, sem suspeita de fratura, escoria\u00e7\u00f5es nas pernas e queixa de dor nas costas.<\/p>\n<p>\u00c0s 10h51, a unidade do Samu foi acionada para atendimento a dois homens, sendo um de 52 e outro de 24 anos, Pai e filho, que foram picados por marimbondo no bairro Distrito Industrial. Eles relatam terem mexido em uma colmeia e sofreram picadas por todo o corpo.<\/p>\n<p>\u00c0s 10h11, um homem de 35 anos ficou ferido ap\u00f3s colidir de moto contra um carro na Avenida Nossa Senhora de F\u00e1tima, bairro Maracan\u00e3. Ele estava consciente, orientado, se queixando de dor no bra\u00e7o direito. <\/p>\n<p>\u00c0s 07h12, um homem de 47 anos caiu de moto no bairro Morada do Parque e se queixava de dor em regi\u00e3o tor\u00e1cica.<\/p>\n<p>Em todas as ocorr\u00eancias os feridos receberam os primeiros atendimentos no local e foram encaminhados ao hospital para avalia\u00e7\u00e3o.<\/p>\n","protected":false},"excerpt":{"rendered":"<p>Quinta-feira, 06 de novembro de 2014 A unidade do SAMU de Montes Claros realizou nesta quinta-feira, 06 de novembro, 28 atendimentos, sendo 19 casos cl\u00ednicos, 07 em decorr\u00eancia de acidente de tr\u00e2nsito, todos envolvendo motocicleta, e 02 por picada de marimbondo. Por volta da 23h20, a unidade do Samu foi acionada na para atendimento a [&hellip;]<\/p>\n","protected":false},"author":1,"featured_media":37592,"comment_status":"open","ping_status":"closed","sticky":false,"template":"","format":"standard","meta":{"amp_status":"","footnotes":""},"categories":[1236],"tags":[210,19864,18898,22185,13731,4040],"class_list":["post-44735","post","type-post","status-publish","format-standard","has-post-thumbnail","hentry","category-norte_de_minas","tag-montes-claros","tag-plantao-do-samu-em-montes-claros","tag-plantao-do-samu-macro-norte","tag-plantao-do-samu-no-norte-de-minas-gerais-06-de-novembro-de-2014","tag-samu","tag-samu-macro-norte"],"_links":{"self":[{"href":"https:\/\/aconteceunovale.com.br\/portal\/index.php?rest_route=\/wp\/v2\/posts\/44735","targetHints":{"allow":["GET"]}}],"collection":[{"href":"https:\/\/aconteceunovale.com.br\/portal\/index.php?rest_route=\/wp\/v2\/posts"}],"about":[{"href":"https:\/\/aconteceunovale.com.br\/portal\/index.php?rest_route=\/wp\/v2\/types\/post"}],"author":[{"embeddable":true,"href":"https:\/\/aconteceunovale.com.br\/portal\/index.php?rest_route=\/wp\/v2\/users\/1"}],"replies":[{"embeddable":true,"href":"https:\/\/aconteceunovale.com.br\/portal\/index.php?rest_route=%2Fwp%2Fv2%2Fcomments&post=44735"}],"version-history":[{"count":0,"href":"https:\/\/aconteceunovale.com.br\/portal\/index.php?rest_route=\/wp\/v2\/posts\/44735\/revisions"}],"wp:featuredmedia":[{"embeddable":true,"href":"https:\/\/aconteceunovale.com.br\/portal\/index.php?rest_route=\/wp\/v2\/media\/37592"}],"wp:attachment":[{"href":"https:\/\/aconteceunovale.com.br\/portal\/index.php?rest_route=%2Fwp%2Fv2%2Fmedia&parent=44735"}],"wp:term":[{"taxonomy":"category","embeddable":true,"href":"https:\/\/aconteceunovale.com.br\/portal\/index.php?rest_route=%2Fwp%2Fv2%2Fcategories&post=44735"},{"taxonomy":"post_tag","embeddable":true,"href":"https:\/\/aconteceunovale.com.br\/portal\/index.php?rest_route=%2Fwp%2Fv2%2Ftags&post=44735"}],"curies":[{"name":"wp","href":"https:\/\/api.w.org\/{rel}","templated":true}]}}