{"id":44728,"date":"2014-11-07T13:07:12","date_gmt":"2014-11-07T16:07:12","guid":{"rendered":"http:\/\/aconteceunovale.com.br\/portal\/?p=44728"},"modified":"2014-11-07T13:07:21","modified_gmt":"2014-11-07T16:07:21","slug":"o-que-deixaremos-para-as-futuras-geracoes","status":"publish","type":"post","link":"https:\/\/aconteceunovale.com.br\/portal\/?p=44728","title":{"rendered":"O QUE DEIXAREMOS PARA AS FUTURAS GERA\u00c7\u00d5ES?"},"content":{"rendered":"<div id=\"fb-root\"><\/div>\n<p>\t\t\t\t<script>(function(d, s, id) {\n\t\t\t\t  var js, fjs = d.getElementsByTagName(s)[0];\n\t\t\t\t  if (d.getElementById(id)) return;\n\t\t\t\t  js = d.createElement(s); js.id = id;\n\t\t\t\t  js.src = \"\/\/connect.facebook.net\/pt_BR\/sdk.js#xfbml=1&appId=691575364226355&version=v2.0\";\n\t\t\t\t  fjs.parentNode.insertBefore(js, fjs);\n\t\t\t\t}(document, 'script', 'facebook-jssdk'));<\/script><\/p>\n<div class=\"fb-like\" data-href=\"https:\/\/www.facebook.com\/aconteceunovale\" data-layout=\"button_count\" data-action=\"like\" data-show-faces=\"true\" data-share=\"true\"><\/div>\n<p><\/br><\/p>\n<p>O novo relat\u00f3rio mundial sobre as mudan\u00e7as clim\u00e1ticas, divulgado pelo Painel Intergovernamental sobre Mudan\u00e7as Clim\u00e1ticas, IPCC, informa sobre os futuros problemas que devem ocorrer no planeta se a temperatura continuar a subir gradativamente e atingir m\u00e9dia 2o C, superior as m\u00e9dias atuais. Pelas proje\u00e7\u00f5es dos pesquisadores, se as a\u00e7\u00f5es dos governos n\u00e3o forem eficientes em conter a emiss\u00e3o dos gases do efeito estufa, esta nova m\u00e9dia de temperatura poder\u00e1 ser atingida em 2100. Segundo o relat\u00f3rio, v\u00e1rios s\u00e3o os ind\u00edcios de que estas mudan\u00e7as est\u00e3o acontecendo de fato. <\/p>\n<p>As pesquisas mostram que a temperatura m\u00e9dia global subiu 0,85\u00ba C entre 1880 e 2012, com as tr\u00eas \u00faltimas d\u00e9cadas sendo as mais quentes desde 1850. entre 1971 e 2010 a temperatura m\u00e9dia dos oceanos aumentou 0,11\u00ba C por d\u00e9cada, ou seja, nas \u00faltimas quatro d\u00e9cadas a temperatura m\u00e9dia da superf\u00edcie dos oceanos subiu 0,44\u00ba C. A superf\u00edcie m\u00e9dia da camada de gelo do \u00e1rtico reduziu de 3,5 a 4,1% por d\u00e9cada entre 1979 e 2012. O n\u00edvel m\u00e9dio dos mares subiu 19 cent\u00edmetros entre 1901 e 2010. A \u00e1gua das chuvas est\u00e1 se tornando cada vez mais \u00e1cida.<\/p>\n<p>As causas destas altera\u00e7\u00f5es s\u00e3o muito claras quando se avalia fatores como emiss\u00e3o de gases e consumo de combust\u00edveis f\u00f3sseis. Por exemplo: em 2010 foram emitidos na atmosfera do planeta, 49 gigatoneladas de gases do efeito estufa, principalmente o CO2. As energias f\u00f3sseis oriundas principalmente do petr\u00f3leo e da extra\u00e7\u00e3o do carv\u00e3o mineral s\u00e3o respons\u00e1veis por quase 80% deste valor. Por conta destas atividades, a concentra\u00e7\u00e3o destes gases (CO2, metano, \u00f3xido nitroso) apresenta os valores mais elevados dos \u00faltimos 800 mil anos. Entre 1750, com o in\u00edcio da revolu\u00e7\u00e3o industrial e 2011 estima-se que foram lan\u00e7ados na atmosfera cerca de 2.040 gigatoneladas de gases de efeito estufa. Metade destes gases foram emitidos apenas nas \u00faltimas quatro d\u00e9cadas sendo que 40% permanece na atmosfera e os demais 60% s\u00e3o retidos pela biomassa dos oceanos. O grande n\u00edvel de CO2 incorporado nos oceanos causam um grande problema pois as \u00e1guas dos mares reagem com estes gases tornando a \u00e1gua mais \u00e1cida. <\/p>\n<p>Por conta deste quadro, o grupo de pesquisadores que comandam o IPCC, informaram que a emiss\u00e3o de gases do efeito estufa deve ser reduzido entre 50 e 70% at\u00e9 2050. Caso isto n\u00e3o aconte\u00e7a e o acumulado de CO2 na atmosfera atingir 2900 gigatoneladas, preju\u00edzos graves, extensos e irrevers\u00edveis poder\u00e3o acontecer. Dentre eles a eleva\u00e7\u00e3o do n\u00edvel dos mares em quase um metro em algumas regi\u00f5es do planeta. A regi\u00e3o do \u00c1rtico ter\u00e1 as temperaturas elevadas acima da eleva\u00e7\u00e3o m\u00e9dia do planeta gerando com mais frequ\u00eancia ondas de calor no hemisf\u00e9rio Norte. Altera\u00e7\u00e3o do regime das chuvas no mundo com intensa redu\u00e7\u00e3o nas zonas tropicais. Com as \u00e1guas dos mares mais \u00e1cidas e com menores n\u00edveis de oxig\u00eanio diversas esp\u00e9cies desapareceriam por conta dos problemas de adapta\u00e7\u00e3o. Popula\u00e7\u00f5es inteiras que dependem da pesca seriam prejudicadas e novas variedades de plantas dever\u00e3o ser desenvolvidas, mais adaptadas ao clima mais quente.<\/p>\n<p>Como podemos observar, as mudan\u00e7as s\u00e3o praticamente certas, mas ainda d\u00e1 tempo para revertermos este quadro nada animador para a popula\u00e7\u00e3o do planeta, desde que os grandes l\u00edderes das na\u00e7\u00f5es desenvolvidas se conscientizem do que estamos deixando para as gera\u00e7\u00f5es futuras.<br \/>\n<\/br><\/p>\n<h4><strong>Quem \u00e9 Alexandre Sylvio Vieira da Costa?<\/strong><\/h4>\n<p><img decoding=\"async\" src=\"http:\/\/aconteceunovale.com.br\/portal\/wp-content\/uploads\/2014\/06\/alexandre_coluna_agro.jpg\" alt=\"\" \/><br \/>\n<\/br><\/p>\n<p>&#8211; Nascido na cidade de Niter\u00f3i, RJ;<br \/>\n&#8211; Engenheiro Agr\u00f4nomo Formado pela Universidade Federal Rural do Rio de Janeiro;<br \/>\n&#8211; Mestre em Produ\u00e7\u00e3o Vegetal pela Embrapa-Agrobiologia\/Universidade Federal Rural do<br \/>\nRio de Janeiro;<br \/>\n&#8211; Doutor em Produ\u00e7\u00e3o Vegetal pela Universidade Federal de Vi\u00e7osa;<br \/>\n&#8211; P\u00f3s doutorado em Geoci\u00eancias pela Universidade Federal de Minas Gerais;<br \/>\n&#8211; Foi Coordenador Adjunto da C\u00e2mara Especializada de Agronomia e Coordenador da<br \/>\nComiss\u00e3o T\u00e9cnica de Meio Ambiente do CREA\/Minas;<br \/>\n&#8211; Foi Presidente da C\u00e2mara T\u00e9cnica de eventos Cr\u00edticos do Comit\u00ea da Bacia<br \/>\nHidrogr\u00e1fica do Rio Doce;<br \/>\n&#8211; Atualmente, professor Adjunto dos cursos de Engenharia da Universidade Federal dos<br \/>\nVales do Jequitinhonha e Mucuri, Campus Te\u00f3filo Otoni;<\/p>\n<p>&#8211; Blog: <a href=\"http:\/\/asylvio.blogspot.com.br\" target=\"_blank\">asylvio.blogspot.com.br<\/a><br \/>\n&#8211; E-mail: alexandre.costa@ufvjm.edu.br<\/p>\n","protected":false},"excerpt":{"rendered":"<p>O novo relat\u00f3rio mundial sobre as mudan\u00e7as clim\u00e1ticas, divulgado pelo Painel Intergovernamental sobre Mudan\u00e7as Clim\u00e1ticas, IPCC, informa sobre os futuros problemas que devem ocorrer no planeta se a temperatura continuar a subir gradativamente e atingir m\u00e9dia 2o C, superior as m\u00e9dias atuais. Pelas proje\u00e7\u00f5es dos pesquisadores, se as a\u00e7\u00f5es dos governos n\u00e3o forem eficientes em [&hellip;]<\/p>\n","protected":false},"author":1,"featured_media":44730,"comment_status":"open","ping_status":"closed","sticky":false,"template":"","format":"standard","meta":{"amp_status":"","footnotes":""},"categories":[4927],"tags":[22184,21171,22181,6128,22180,22182,22183],"class_list":["post-44728","post","type-post","status-publish","format-standard","has-post-thumbnail","hentry","category-colunistas","tag-aumento-da-temperatura","tag-clima","tag-ipcc","tag-mudancas-climaticas","tag-o-que-deixaremos-para-as-futuras-geracoes","tag-painel-intergovernamental-sobre-mudancas-climaticas","tag-temperatura"],"_links":{"self":[{"href":"https:\/\/aconteceunovale.com.br\/portal\/index.php?rest_route=\/wp\/v2\/posts\/44728","targetHints":{"allow":["GET"]}}],"collection":[{"href":"https:\/\/aconteceunovale.com.br\/portal\/index.php?rest_route=\/wp\/v2\/posts"}],"about":[{"href":"https:\/\/aconteceunovale.com.br\/portal\/index.php?rest_route=\/wp\/v2\/types\/post"}],"author":[{"embeddable":true,"href":"https:\/\/aconteceunovale.com.br\/portal\/index.php?rest_route=\/wp\/v2\/users\/1"}],"replies":[{"embeddable":true,"href":"https:\/\/aconteceunovale.com.br\/portal\/index.php?rest_route=%2Fwp%2Fv2%2Fcomments&post=44728"}],"version-history":[{"count":0,"href":"https:\/\/aconteceunovale.com.br\/portal\/index.php?rest_route=\/wp\/v2\/posts\/44728\/revisions"}],"wp:featuredmedia":[{"embeddable":true,"href":"https:\/\/aconteceunovale.com.br\/portal\/index.php?rest_route=\/wp\/v2\/media\/44730"}],"wp:attachment":[{"href":"https:\/\/aconteceunovale.com.br\/portal\/index.php?rest_route=%2Fwp%2Fv2%2Fmedia&parent=44728"}],"wp:term":[{"taxonomy":"category","embeddable":true,"href":"https:\/\/aconteceunovale.com.br\/portal\/index.php?rest_route=%2Fwp%2Fv2%2Fcategories&post=44728"},{"taxonomy":"post_tag","embeddable":true,"href":"https:\/\/aconteceunovale.com.br\/portal\/index.php?rest_route=%2Fwp%2Fv2%2Ftags&post=44728"}],"curies":[{"name":"wp","href":"https:\/\/api.w.org\/{rel}","templated":true}]}}