{"id":44723,"date":"2014-11-07T12:58:44","date_gmt":"2014-11-07T15:58:44","guid":{"rendered":"http:\/\/aconteceunovale.com.br\/portal\/?p=44723"},"modified":"2014-11-07T12:59:00","modified_gmt":"2014-11-07T15:59:00","slug":"cpi-investigara-repasses-da-prefeitura-de-capelinha-no-dia-da-morte-do-ex-prefeito-pedro-vieira","status":"publish","type":"post","link":"https:\/\/aconteceunovale.com.br\/portal\/?p=44723","title":{"rendered":"CPI investigar\u00e1 repasses da prefeitura de Capelinha no dia da morte do ex-prefeito Pedro Vieira"},"content":{"rendered":"<div id=\"fb-root\"><\/div>\n<p>\t\t\t\t<script>(function(d, s, id) {\n\t\t\t\t  var js, fjs = d.getElementsByTagName(s)[0];\n\t\t\t\t  if (d.getElementById(id)) return;\n\t\t\t\t  js = d.createElement(s); js.id = id;\n\t\t\t\t  js.src = \"\/\/connect.facebook.net\/pt_BR\/sdk.js#xfbml=1&appId=691575364226355&version=v2.0\";\n\t\t\t\t  fjs.parentNode.insertBefore(js, fjs);\n\t\t\t\t}(document, 'script', 'facebook-jssdk'));<\/script><\/p>\n<div class=\"fb-like\" data-href=\"https:\/\/www.facebook.com\/aconteceunovale\" data-layout=\"button_count\" data-action=\"like\" data-show-faces=\"true\" data-share=\"true\"><\/div>\n<p><\/br><\/p>\n<p>Uma Comiss\u00e3o Parlamentar de Inqu\u00e9rito (CPI) instaurada na reuni\u00e3o da C\u00e2mara de Vereadores de Capelinha, na reuni\u00e3o de quarta-feira, 5 de novembro, ir\u00e1 investigar os repasses da Prefeitura Municipal de Capelinha para as contas banc\u00e1rias de duas empresas no dia da morte do ex-prefeito da cidade, Dr. Pedro Vieida da Silva. <\/p>\n<p>De acordo com o texto de justificativa assinado pelos vereadores Tadeu Filipe Fernandes de Abreu (SDD), Jailson Pereira (PSD), Luciano Rodrigues Ribeiro Mac\u00eado (PROS), Roberval Pimenta de Figueiredo (PDT), Cleuber Luiz de Miranda (PP) e Gedalvo Fernandes de Ara\u00fajo (PPL), nos dias 9 e 10 de dezembro de 2012, as empresas Acrople, do atual Secret\u00e1rio de Administra\u00e7\u00e3o e Planejamento do Munic\u00edpio, Welinton Gomes Vitor, e Gerir, de Dante Guedes, irm\u00e3o de Dailton Guedes, que o ocupava o cargo de Secret\u00e1rio de Finan\u00e7as na \u00e9poca.<\/p>\n<p>Segundo o Luciano Mac\u00eado, desde janeiro os vereadores solicitam a documenta\u00e7\u00e3o das empresas, por\u00e9m, nunca foram enviados. <\/p>\n<p><em><strong>Confira o documento abaixo:<\/strong><\/em><\/p>\n<p><img decoding=\"async\" src=\"https:\/\/fbcdn-sphotos-e-a.akamaihd.net\/hphotos-ak-xaf1\/v\/t1.0-9\/10616589_289581734573424_1973181613721619485_n.jpg?oh=65f230d5db2494458866d094056a4d6f&#038;oe=54E9C47D&#038;__gda__=1424591820_8230ecfebde2ba6d2e08d0f775c5f2b7\" alt=\"\" \/><img decoding=\"async\" src=\"https:\/\/fbcdn-sphotos-g-a.akamaihd.net\/hphotos-ak-xaf1\/v\/t1.0-9\/10406729_289581764573421_7330747082103999180_n.jpg?oh=41480cede7ad72f580302a3f5f9fb5c5&#038;oe=54D1D7FD&#038;__gda__=1423972428_051def00959b522e7c38079a66497324\" alt=\"\" \/><\/p>\n","protected":false},"excerpt":{"rendered":"<p>Uma Comiss\u00e3o Parlamentar de Inqu\u00e9rito (CPI) instaurada na reuni\u00e3o da C\u00e2mara de Vereadores de Capelinha, na reuni\u00e3o de quarta-feira, 5 de novembro, ir\u00e1 investigar os repasses da Prefeitura Municipal de Capelinha para as contas banc\u00e1rias de duas empresas no dia da morte do ex-prefeito da cidade, Dr. Pedro Vieida da Silva. De acordo com o [&hellip;]<\/p>\n","protected":false},"author":1,"featured_media":38381,"comment_status":"open","ping_status":"closed","sticky":false,"template":"","format":"standard","meta":{"amp_status":"","footnotes":""},"categories":[120],"tags":[22178,22176,132,22171,22165,22173,22174,22172,22177,22168,22169,22179,22166,22170,22167,22175],"class_list":["post-44723","post","type-post","status-publish","format-standard","has-post-thumbnail","hentry","category-jequi","tag-acrople","tag-acropole","tag-capelinha","tag-cleuber-luiz-de-miranda-pp","tag-cpi-investigara-repasses-da-prefeitura-de-capelinha-no-dia-da-morte-do-ex-prefeito-pedro-vieira","tag-dailton-guedes","tag-dante-guedes","tag-gedalvo-fernandes-de-araujo-ppl","tag-gerir","tag-jailson-pereira-psd","tag-luciano-rodrigues-ribeiro-macedo-pros","tag-pedro-vieida-da-silva","tag-pedro-vieira","tag-roberval-pimenta-de-figueiredo-pdt","tag-tadeu-filipe-fernandes-de-abreu-sdd","tag-welinton-gomes-vitor"],"_links":{"self":[{"href":"https:\/\/aconteceunovale.com.br\/portal\/index.php?rest_route=\/wp\/v2\/posts\/44723","targetHints":{"allow":["GET"]}}],"collection":[{"href":"https:\/\/aconteceunovale.com.br\/portal\/index.php?rest_route=\/wp\/v2\/posts"}],"about":[{"href":"https:\/\/aconteceunovale.com.br\/portal\/index.php?rest_route=\/wp\/v2\/types\/post"}],"author":[{"embeddable":true,"href":"https:\/\/aconteceunovale.com.br\/portal\/index.php?rest_route=\/wp\/v2\/users\/1"}],"replies":[{"embeddable":true,"href":"https:\/\/aconteceunovale.com.br\/portal\/index.php?rest_route=%2Fwp%2Fv2%2Fcomments&post=44723"}],"version-history":[{"count":0,"href":"https:\/\/aconteceunovale.com.br\/portal\/index.php?rest_route=\/wp\/v2\/posts\/44723\/revisions"}],"wp:featuredmedia":[{"embeddable":true,"href":"https:\/\/aconteceunovale.com.br\/portal\/index.php?rest_route=\/wp\/v2\/media\/38381"}],"wp:attachment":[{"href":"https:\/\/aconteceunovale.com.br\/portal\/index.php?rest_route=%2Fwp%2Fv2%2Fmedia&parent=44723"}],"wp:term":[{"taxonomy":"category","embeddable":true,"href":"https:\/\/aconteceunovale.com.br\/portal\/index.php?rest_route=%2Fwp%2Fv2%2Fcategories&post=44723"},{"taxonomy":"post_tag","embeddable":true,"href":"https:\/\/aconteceunovale.com.br\/portal\/index.php?rest_route=%2Fwp%2Fv2%2Ftags&post=44723"}],"curies":[{"name":"wp","href":"https:\/\/api.w.org\/{rel}","templated":true}]}}