{"id":44710,"date":"2014-11-07T11:44:32","date_gmt":"2014-11-07T14:44:32","guid":{"rendered":"http:\/\/aconteceunovale.com.br\/portal\/?p=44710"},"modified":"2014-11-07T12:41:10","modified_gmt":"2014-11-07T15:41:10","slug":"morre-o-ex-prefeito-de-capelinha-mauricio-pimenta-de-figueiredo","status":"publish","type":"post","link":"https:\/\/aconteceunovale.com.br\/portal\/?p=44710","title":{"rendered":"Morre o ex-prefeito de Capelinha, Maur\u00edcio Pimenta de Figueiredo"},"content":{"rendered":"<div id=\"fb-root\"><\/div>\n<p>\t\t\t\t<script>(function(d, s, id) {\n\t\t\t\t  var js, fjs = d.getElementsByTagName(s)[0];\n\t\t\t\t  if (d.getElementById(id)) return;\n\t\t\t\t  js = d.createElement(s); js.id = id;\n\t\t\t\t  js.src = \"\/\/connect.facebook.net\/pt_BR\/sdk.js#xfbml=1&appId=691575364226355&version=v2.0\";\n\t\t\t\t  fjs.parentNode.insertBefore(js, fjs);\n\t\t\t\t}(document, 'script', 'facebook-jssdk'));<\/script><\/p>\n<div class=\"fb-like\" data-href=\"https:\/\/www.facebook.com\/aconteceunovale\" data-layout=\"button_count\" data-action=\"like\" data-show-faces=\"true\" data-share=\"true\"><\/div>\n<p><\/br><\/p>\n<p>Morreu nesta quinta-feira, 6 de novembro, em Belo Horizonte, o ex-prefeito da cidade de Capelinha, Maur\u00edcio Pimenta de Figueiredo. O capelinhense estava internado em um hospital da capital h\u00e1 cerca de dez dias para tratamento de um c\u00e2ncer, mas n\u00e3o resistiu e veio a \u00f3bito ap\u00f3s outras complica\u00e7\u00f5es na sa\u00fade.<\/p>\n<p><img decoding=\"async\" src=\"http:\/\/aconteceunovale.com.br\/portal\/wp-content\/uploads\/2014\/11\/mauricio_pimenta1.jpg\" alt=\"\" \/><em>Maur\u00edcio Pimenta de Figueiredo, ex-prefeito de Capelinha, no Vale do Jequitinhonha &#8211; Foto: Arquivo\/SSVP<\/em><br \/>\n<\/br><\/p>\n<p>Maur\u00edcio Pimenta esteve \u00e0 frente a administra\u00e7\u00e3o municipal da cidade de 1971 a 1972. Ele tamb\u00e9m era militante da Sociedade S\u00e3o Vicente de Paulo (SSVP) e participava da diretoria, sendo presidente e vice-presidente por v\u00e1rios mandatos. &#8220;Seu Maur\u00edcio&#8221;, como era carinhosamente chamado por seus conterr\u00e2neos, sempre tratava a todos com muita simpatia e era muito querido na cidade.<\/p>\n<p>O corpo est\u00e1 sendo velado na Funer\u00e1ria S\u00e3o Geraldo, na regi\u00e3o Central de Capelinha, e o sepultamento ser\u00e1 realizado no cemit\u00e9rio municipal \u00e0s 19 horas.<\/p>\n","protected":false},"excerpt":{"rendered":"<p>Morreu nesta quinta-feira, 6 de novembro, em Belo Horizonte, o ex-prefeito da cidade de Capelinha, Maur\u00edcio Pimenta de Figueiredo. O capelinhense estava internado em um hospital da capital h\u00e1 cerca de dez dias para tratamento de um c\u00e2ncer, mas n\u00e3o resistiu e veio a \u00f3bito ap\u00f3s outras complica\u00e7\u00f5es na sa\u00fade. Maur\u00edcio Pimenta de Figueiredo, ex-prefeito [&hellip;]<\/p>\n","protected":false},"author":1,"featured_media":44720,"comment_status":"open","ping_status":"closed","sticky":false,"template":"","format":"standard","meta":{"amp_status":"","footnotes":""},"categories":[120],"tags":[132,1018,1287,22158,22157,22156],"class_list":["post-44710","post","type-post","status-publish","format-standard","has-post-thumbnail","hentry","category-jequi","tag-capelinha","tag-destaque","tag-ex-prefeito-de-capelinha","tag-mauricio-pimenta","tag-mauricio-pimenta-de-figueiredo","tag-morre-o-ex-prefeito-de-capelinha-mauricio-pimenta-de-figueiredo"],"_links":{"self":[{"href":"https:\/\/aconteceunovale.com.br\/portal\/index.php?rest_route=\/wp\/v2\/posts\/44710","targetHints":{"allow":["GET"]}}],"collection":[{"href":"https:\/\/aconteceunovale.com.br\/portal\/index.php?rest_route=\/wp\/v2\/posts"}],"about":[{"href":"https:\/\/aconteceunovale.com.br\/portal\/index.php?rest_route=\/wp\/v2\/types\/post"}],"author":[{"embeddable":true,"href":"https:\/\/aconteceunovale.com.br\/portal\/index.php?rest_route=\/wp\/v2\/users\/1"}],"replies":[{"embeddable":true,"href":"https:\/\/aconteceunovale.com.br\/portal\/index.php?rest_route=%2Fwp%2Fv2%2Fcomments&post=44710"}],"version-history":[{"count":0,"href":"https:\/\/aconteceunovale.com.br\/portal\/index.php?rest_route=\/wp\/v2\/posts\/44710\/revisions"}],"wp:featuredmedia":[{"embeddable":true,"href":"https:\/\/aconteceunovale.com.br\/portal\/index.php?rest_route=\/wp\/v2\/media\/44720"}],"wp:attachment":[{"href":"https:\/\/aconteceunovale.com.br\/portal\/index.php?rest_route=%2Fwp%2Fv2%2Fmedia&parent=44710"}],"wp:term":[{"taxonomy":"category","embeddable":true,"href":"https:\/\/aconteceunovale.com.br\/portal\/index.php?rest_route=%2Fwp%2Fv2%2Fcategories&post=44710"},{"taxonomy":"post_tag","embeddable":true,"href":"https:\/\/aconteceunovale.com.br\/portal\/index.php?rest_route=%2Fwp%2Fv2%2Ftags&post=44710"}],"curies":[{"name":"wp","href":"https:\/\/api.w.org\/{rel}","templated":true}]}}