{"id":44705,"date":"2014-11-07T11:17:36","date_gmt":"2014-11-07T14:17:36","guid":{"rendered":"http:\/\/aconteceunovale.com.br\/portal\/?p=44705"},"modified":"2014-11-07T11:20:20","modified_gmt":"2014-11-07T14:20:20","slug":"melhorias-para-a-agricultura-familiar-sao-discutidas-durante-seminario-em-pirapora","status":"publish","type":"post","link":"https:\/\/aconteceunovale.com.br\/portal\/?p=44705","title":{"rendered":"Melhorias para a agricultura familiar s\u00e3o discutidas durante semin\u00e1rio em Pirapora"},"content":{"rendered":"<h4><em><strong>Palestras e discuss\u00f5es buscam melhorias da qualidade da produ\u00e7\u00e3o local. 82% dos pequenos agricultores n\u00e3o possuem registro<\/strong><\/em><\/h4>\n<div id=\"fb-root\"><\/div>\n<p>\t\t\t\t<script>(function(d, s, id) {\n\t\t\t\t  var js, fjs = d.getElementsByTagName(s)[0];\n\t\t\t\t  if (d.getElementById(id)) return;\n\t\t\t\t  js = d.createElement(s); js.id = id;\n\t\t\t\t  js.src = \"\/\/connect.facebook.net\/pt_BR\/sdk.js#xfbml=1&appId=691575364226355&version=v2.0\";\n\t\t\t\t  fjs.parentNode.insertBefore(js, fjs);\n\t\t\t\t}(document, 'script', 'facebook-jssdk'));<\/script><\/p>\n<div class=\"fb-like\" data-href=\"https:\/\/www.facebook.com\/aconteceunovale\" data-layout=\"button_count\" data-action=\"like\" data-show-faces=\"true\" data-share=\"true\"><\/div>\n<p><\/br><\/p>\n<p>Cerca de 200 agricultores familiares participaram do 1\u00ba Semin\u00e1rio Microrregional da Agricultura Familiar, em Pirapora, no Norte de Minas Gerais. O Semin\u00e1rio \u00e9 uma parceria do Sebrae, Emater e a Secretaria Municipal de Desenvolvimento Econ\u00f4mico, Agropecu\u00e1rio, Emprego e Renda (Sedere) de Pirapora.<\/p>\n<p>Al\u00e9m de debates com troca de informa\u00e7\u00f5es envolvendo a agricultura familiar, os presentes no evento ainda participaram de palestras de aprimoramento da produ\u00e7\u00e3o.<\/p>\n<p><img decoding=\"async\" src=\"http:\/\/aconteceunovale.com.br\/portal\/wp-content\/uploads\/2014\/11\/agricultura_familiar_pirapora.jpg\" alt=\"\" \/><em>Evento \u00e9 realizado no Centro de Conven\u00e7\u00f5es do munic\u00edpio (Foto: Ivan Rodrigues\/Ascom)<\/em><br \/>\n<\/br><\/p>\n<p>De acordo com o palestrante Alexsander Souza, representante do governo do Estado, os agricultores devem registrar seus produtos afim de agregar valor na produ\u00e7\u00e3o. \u201dHoje, 82% dos agricultores familiares n\u00e3o possuem registro\u201d, alertou.<\/p>\n<p>Apesar dos transtornos vividos na regi\u00e3o por causa da seca, o evento foi bem recebido pelos produtores. De acordo com a agricultora M\u00edriam Alves dos Santos esta \u00e9 uma grande oportunidade de capacita\u00e7\u00e3o. \u201cO momento \u00e9 bastante delicado para o produtor, em raz\u00e3o da seca, por\u00e9m esse tipo de evento \u00e9 um grande incentivo aos pequenos produtores\u201d, explica.<\/p>\n<p>Durante o evento, o gerente regional da Emater, Ricardo Demicheli, enfatizou a import\u00e2ncia da agricultura familiar para o munic\u00edpio. Ele afirmou ainda que, para ajudar no escoamento da produ\u00e7\u00e3o local, j\u00e1 foi aprovado a constru\u00e7\u00e3o de um Banco de Alimentos na cidade. &#8220;Em breve teremos o Banco de Alimentos em Pirapora, j\u00e1 aprovado pela C\u00e2mara. Isso vai organizar o fluxo de produ\u00e7\u00e3o e favorecer a agricultura familiar\u201d.<\/p>\n","protected":false},"excerpt":{"rendered":"<p>Palestras e discuss\u00f5es buscam melhorias da qualidade da produ\u00e7\u00e3o local. 82% dos pequenos agricultores n\u00e3o possuem registro Cerca de 200 agricultores familiares participaram do 1\u00ba Semin\u00e1rio Microrregional da Agricultura Familiar, em Pirapora, no Norte de Minas Gerais. O Semin\u00e1rio \u00e9 uma parceria do Sebrae, Emater e a Secretaria Municipal de Desenvolvimento Econ\u00f4mico, Agropecu\u00e1rio, Emprego e [&hellip;]<\/p>\n","protected":false},"author":1,"featured_media":44706,"comment_status":"open","ping_status":"closed","sticky":false,"template":"","format":"standard","meta":{"amp_status":"","footnotes":""},"categories":[1236],"tags":[22153,22155,254,22154,22152],"class_list":["post-44705","post","type-post","status-publish","format-standard","has-post-thumbnail","hentry","category-norte_de_minas","tag-1o-seminario-microrregional-da-agricultura-familiar","tag-melhorias-para-a-agricultura-familiar-sao-discutidas-durante-seminario-em-pirapora","tag-pirapora","tag-sedere","tag-seminario-discute-melhorias-para-agricultura-familiar-em-pirapora"],"_links":{"self":[{"href":"https:\/\/aconteceunovale.com.br\/portal\/index.php?rest_route=\/wp\/v2\/posts\/44705","targetHints":{"allow":["GET"]}}],"collection":[{"href":"https:\/\/aconteceunovale.com.br\/portal\/index.php?rest_route=\/wp\/v2\/posts"}],"about":[{"href":"https:\/\/aconteceunovale.com.br\/portal\/index.php?rest_route=\/wp\/v2\/types\/post"}],"author":[{"embeddable":true,"href":"https:\/\/aconteceunovale.com.br\/portal\/index.php?rest_route=\/wp\/v2\/users\/1"}],"replies":[{"embeddable":true,"href":"https:\/\/aconteceunovale.com.br\/portal\/index.php?rest_route=%2Fwp%2Fv2%2Fcomments&post=44705"}],"version-history":[{"count":0,"href":"https:\/\/aconteceunovale.com.br\/portal\/index.php?rest_route=\/wp\/v2\/posts\/44705\/revisions"}],"wp:featuredmedia":[{"embeddable":true,"href":"https:\/\/aconteceunovale.com.br\/portal\/index.php?rest_route=\/wp\/v2\/media\/44706"}],"wp:attachment":[{"href":"https:\/\/aconteceunovale.com.br\/portal\/index.php?rest_route=%2Fwp%2Fv2%2Fmedia&parent=44705"}],"wp:term":[{"taxonomy":"category","embeddable":true,"href":"https:\/\/aconteceunovale.com.br\/portal\/index.php?rest_route=%2Fwp%2Fv2%2Fcategories&post=44705"},{"taxonomy":"post_tag","embeddable":true,"href":"https:\/\/aconteceunovale.com.br\/portal\/index.php?rest_route=%2Fwp%2Fv2%2Ftags&post=44705"}],"curies":[{"name":"wp","href":"https:\/\/api.w.org\/{rel}","templated":true}]}}