{"id":44698,"date":"2014-11-07T10:48:37","date_gmt":"2014-11-07T13:48:37","guid":{"rendered":"http:\/\/aconteceunovale.com.br\/portal\/?p=44698"},"modified":"2014-11-07T10:48:37","modified_gmt":"2014-11-07T13:48:37","slug":"briga-entre-irmaos-termina-em-morte-na-cidade-de-jequitinhonha","status":"publish","type":"post","link":"https:\/\/aconteceunovale.com.br\/portal\/?p=44698","title":{"rendered":"Briga entre irm\u00e3os termina em morte na cidade de Jequitinhonha"},"content":{"rendered":"<h4><em><strong>Uma faca, um machado e um fac\u00e3o foram recolhidos pela pol\u00edcia. Suspeito de 32 anos foi preso e encaminhado \u00e0 Delegacia.<\/strong><\/em><\/h4>\n<div id=\"fb-root\"><\/div>\n<p>\t\t\t\t<script>(function(d, s, id) {\n\t\t\t\t  var js, fjs = d.getElementsByTagName(s)[0];\n\t\t\t\t  if (d.getElementById(id)) return;\n\t\t\t\t  js = d.createElement(s); js.id = id;\n\t\t\t\t  js.src = \"\/\/connect.facebook.net\/pt_BR\/sdk.js#xfbml=1&appId=691575364226355&version=v2.0\";\n\t\t\t\t  fjs.parentNode.insertBefore(js, fjs);\n\t\t\t\t}(document, 'script', 'facebook-jssdk'));<\/script><\/p>\n<div class=\"fb-like\" data-href=\"https:\/\/www.facebook.com\/aconteceunovale\" data-layout=\"button_count\" data-action=\"like\" data-show-faces=\"true\" data-share=\"true\"><\/div>\n<p><\/br><\/p>\n<p>Um desentendimento entre irm\u00e3os acabou em morte, na tarde dessa quinta-feira, 6 de novembro, em Jequitinhonha, no Vale do Jequitinhonha. De acordo com a Pol\u00edcia Militar, os irm\u00e3os de 22 e 32 anos come\u00e7aram a brigar, por volta das 16 horas, dentro da casa da m\u00e3e deles.<\/p>\n<p>Ainda segundo a PM, a m\u00e3e relatou que saiu de casa para chamar uma filha, e juntas, tentarem intervir na discuss\u00e3o. Quando elas chegaram na resid\u00eancia, Manoel Alves de Souza, de 22 anos, j\u00e1 estava morto. A per\u00edcia t\u00e9cnica da Pol\u00edcia Civil compareceu ao local e constatou que a v\u00edtima apresentava ferimentos no queixo, peito, cabe\u00e7a, bra\u00e7o direito e afundamento do cr\u00e2nio. Um machado, um fac\u00e3o e uma faca foram recolhidos no local do crime.<\/p>\n<p>O suspeito Ant\u00f4nio Alves de Souza, de 32 anos, foi localizado pela PM e confessou que matou o irm\u00e3o porque, segundo ele, o jovem batia na m\u00e3e deles frequentemente. Ele foi encaminhado ao Hospital S\u00e3o Miguel, onde passou por exames e, em seguida, levado \u00e0 Delegacia de Jequitinhonha.<\/p>\n","protected":false},"excerpt":{"rendered":"<p>Uma faca, um machado e um fac\u00e3o foram recolhidos pela pol\u00edcia. Suspeito de 32 anos foi preso e encaminhado \u00e0 Delegacia. Um desentendimento entre irm\u00e3os acabou em morte, na tarde dessa quinta-feira, 6 de novembro, em Jequitinhonha, no Vale do Jequitinhonha. De acordo com a Pol\u00edcia Militar, os irm\u00e3os de 22 e 32 anos come\u00e7aram [&hellip;]<\/p>\n","protected":false},"author":1,"featured_media":13667,"comment_status":"open","ping_status":"closed","sticky":false,"template":"","format":"standard","meta":{"amp_status":"","footnotes":""},"categories":[120],"tags":[22149,22147,22148,206030],"class_list":["post-44698","post","type-post","status-publish","format-standard","has-post-thumbnail","hentry","category-jequi","tag-antonio-alves-de-souza","tag-briga-entre-irmaos-termina-em-morte-na-cidade-de-jequitinhonha","tag-manoel-alves-de-souza","tag-jequi"],"_links":{"self":[{"href":"https:\/\/aconteceunovale.com.br\/portal\/index.php?rest_route=\/wp\/v2\/posts\/44698","targetHints":{"allow":["GET"]}}],"collection":[{"href":"https:\/\/aconteceunovale.com.br\/portal\/index.php?rest_route=\/wp\/v2\/posts"}],"about":[{"href":"https:\/\/aconteceunovale.com.br\/portal\/index.php?rest_route=\/wp\/v2\/types\/post"}],"author":[{"embeddable":true,"href":"https:\/\/aconteceunovale.com.br\/portal\/index.php?rest_route=\/wp\/v2\/users\/1"}],"replies":[{"embeddable":true,"href":"https:\/\/aconteceunovale.com.br\/portal\/index.php?rest_route=%2Fwp%2Fv2%2Fcomments&post=44698"}],"version-history":[{"count":0,"href":"https:\/\/aconteceunovale.com.br\/portal\/index.php?rest_route=\/wp\/v2\/posts\/44698\/revisions"}],"wp:featuredmedia":[{"embeddable":true,"href":"https:\/\/aconteceunovale.com.br\/portal\/index.php?rest_route=\/wp\/v2\/media\/13667"}],"wp:attachment":[{"href":"https:\/\/aconteceunovale.com.br\/portal\/index.php?rest_route=%2Fwp%2Fv2%2Fmedia&parent=44698"}],"wp:term":[{"taxonomy":"category","embeddable":true,"href":"https:\/\/aconteceunovale.com.br\/portal\/index.php?rest_route=%2Fwp%2Fv2%2Fcategories&post=44698"},{"taxonomy":"post_tag","embeddable":true,"href":"https:\/\/aconteceunovale.com.br\/portal\/index.php?rest_route=%2Fwp%2Fv2%2Ftags&post=44698"}],"curies":[{"name":"wp","href":"https:\/\/api.w.org\/{rel}","templated":true}]}}