{"id":44695,"date":"2014-11-07T10:23:49","date_gmt":"2014-11-07T13:23:49","guid":{"rendered":"http:\/\/aconteceunovale.com.br\/portal\/?p=44695"},"modified":"2014-11-07T23:13:41","modified_gmt":"2014-11-08T02:13:41","slug":"oito-alunos-de-minas-gerais-sao-finalistas-na-olimpiada-de-portugues","status":"publish","type":"post","link":"https:\/\/aconteceunovale.com.br\/portal\/?p=44695","title":{"rendered":"Oito alunos de Minas Gerais s\u00e3o finalistas na olimp\u00edada de portugu\u00eas"},"content":{"rendered":"<h4><em><strong>Alunos e professores est\u00e3o classificados para final, que ser\u00e1 realizada em Bras\u00edlia, em dezembro. Joyce Pinheiro da Escola Estadual Professora Edite Gomes em Turmalina, \u00e9 uma das finalistas.<\/strong><\/em><\/h4>\n<div id=\"fb-root\"><\/div>\n<p>\t\t\t\t<script>(function(d, s, id) {\n\t\t\t\t  var js, fjs = d.getElementsByTagName(s)[0];\n\t\t\t\t  if (d.getElementById(id)) return;\n\t\t\t\t  js = d.createElement(s); js.id = id;\n\t\t\t\t  js.src = \"\/\/connect.facebook.net\/pt_BR\/sdk.js#xfbml=1&appId=691575364226355&version=v2.0\";\n\t\t\t\t  fjs.parentNode.insertBefore(js, fjs);\n\t\t\t\t}(document, 'script', 'facebook-jssdk'));<\/script><\/p>\n<div class=\"fb-like\" data-href=\"https:\/\/www.facebook.com\/aconteceunovale\" data-layout=\"button_count\" data-action=\"like\" data-show-faces=\"true\" data-share=\"true\"><\/div>\n<p><\/br><\/p>\n<p>Minas Gerais j\u00e1 tem oito alunos finalistas para as Olimp\u00edadas de L\u00edngua Portuguesa Escrevendo o Futuro. Eles participam das categorias Poema e Mem\u00f3rias Liter\u00e1rias. At\u00e9 o fim de novembro, mais oito alunos ainda ser\u00e3o selecionados para os g\u00eaneros de Cr\u00f4nica e Artigo de Opini\u00e3o. A premia\u00e7\u00e3o final ser\u00e1 em Bras\u00edlia, no dia 17 de dezembro.<\/p>\n<p><img decoding=\"async\" src=\"http:\/\/aconteceunovale.com.br\/portal\/wp-content\/uploads\/2014\/11\/finalista_turmalina.jpg\" alt=\"\" \/><em>Semifinal foi realizada em Belo Horizonte, no dia 20 de outubro &#8211; Foto: Divulga\u00e7\u00e3o<\/em><br \/>\n<\/br><\/p>\n<p>O evento \u00e9 uma parceria entre o Minist\u00e9rio da Educa\u00e7\u00e3o e a Funda\u00e7\u00e3o Ita\u00fa Cultural e busca fortalecer a forma\u00e7\u00e3o de alunos e professores. Segundo os organizadores, o objetivo n\u00e3o \u00e9 descobrir um novo \u201cg\u00eanio da literatura\u201d, mas reconhecer o trabalho dentro da classe. \u201cA coisa mais bonita \u00e9 ver, na hora da premia\u00e7\u00e3o, aluno e professor se abra\u00e7ando emocionados e sendo homenageados juntos\u201d, avalia Isabel Santana, superintendente da Funda\u00e7\u00e3o Ita\u00fa Cultural.<\/p>\n<p>Para Gabriela Santos, 12, que \u00e9 finalista na categoria Mem\u00f3rias Liter\u00e1rias, a rela\u00e7\u00e3o com a professora foi important\u00edssima. \u201cFiquei muito emocionada quando me escolheram. Treinei muito e acho que reescrevi o meu texto 20 vezes\u201d, conta, orgulhosa, a moradora de Coronel Xavier Chaves, no Campo das Vertentes.<\/p>\n<p><img decoding=\"async\" src=\"http:\/\/aconteceunovale.com.br\/portal\/wp-content\/uploads\/2014\/11\/final_portugues.jpg\" alt=\"\" \/><em>Em destaque na foto est\u00e3o Joyce Aparecida Martins Pinheiro, de Turmalina, e sua professora Paloma. Em seu perfil no Facebook, Joyce falou sobre a dificuldade de chegar at\u00e9 a final e agradeceu \u00e0 sua professora Paloma Figueiredo e \u00e0 diretora da escola, Aparecida Costa Souza.<\/em><br \/>\n<\/br><\/p>\n<h4>Finalistas<\/h4>\n<p><strong>Categoria Mem\u00f3rias Liter\u00e1rias:<\/strong><\/p>\n<p>&#8211; Joyce Aparecida Martins Pinheiro da Escola Estadual Professora Edite Gomes de Turmalina<br \/>\n&#8211; Gabriela Chaves Santos da Escola Estadual Coronel Xavier Chaves no munic\u00edpio de Coronel Xavier Chaves<br \/>\n&#8211; Eveline Rose Vieira de Souza da Escola Estadual Santana de Bras\u00edlia de Minas<br \/>\n&#8211; Larissa Helena Silva de Ouro Fino<\/p>\n<p><strong>Categoria Poema:<\/strong><\/p>\n<p>&#8211; Ma\u00edra Chaves Santos da Escola Estadual Coronel Xavier Chaves no munic\u00edpio de Coronel Xavier Chaves<br \/>\n&#8211; Almir Augusto Fonseca da Escola Municipal Padre Jaime Antunes de Souza de Coimbra<br \/>\n&#8211; Paola Yasmini de Souza da Escola Municipal Geralda M\u00e1rcia Gon\u00e7alves de Tr\u00eas Marias<br \/>\n&#8211; Victor Hugo Luiz Cota de de Alvorada de Minas<\/p>\n<p>Esses alunos e seus professores j\u00e1 foram premiados com medalhas de prata e tablets. Na final nacional, 20 textos ser\u00e3o selecionados e as respectivas escolas ir\u00e3o receber laborat\u00f3rio de inform\u00e1tica equipado e livros para a biblioteca. As informa\u00e7\u00f5es s\u00e3o do <strong>Jornal O Tempo<\/strong>.<\/p>\n","protected":false},"excerpt":{"rendered":"<p>Alunos e professores est\u00e3o classificados para final, que ser\u00e1 realizada em Bras\u00edlia, em dezembro. Joyce Pinheiro da Escola Estadual Professora Edite Gomes em Turmalina, \u00e9 uma das finalistas. Minas Gerais j\u00e1 tem oito alunos finalistas para as Olimp\u00edadas de L\u00edngua Portuguesa Escrevendo o Futuro. Eles participam das categorias Poema e Mem\u00f3rias Liter\u00e1rias. At\u00e9 o fim [&hellip;]<\/p>\n","protected":false},"author":1,"featured_media":44696,"comment_status":"open","ping_status":"closed","sticky":false,"template":"","format":"standard","meta":{"amp_status":"","footnotes":""},"categories":[123],"tags":[972,195,22143,1763,22141,22136,22134,22138,22144,22142,22137,22135,22133,22139,22140,22146,22132,22131,1542,1533,178,22145],"class_list":["post-44695","post","type-post","status-publish","format-standard","has-post-thumbnail","hentry","category-gerais","tag-alvorada-de-minas","tag-brasilia-de-minas","tag-coimbra-paola-yasmini-de-souza","tag-coronel-xavier-chaves","tag-coronel-xavier-chaves-almir-augusto-fonseca","tag-escola-estadual-coronel-xavier-chaves","tag-escola-estadual-professora-edite-gomes","tag-escola-estadual-santana","tag-escola-municipal-geralda-marcia-goncalves","tag-escola-municipal-padre-jaime-antunes-de-souza","tag-eveline-rose-vieira-de-souza","tag-gabriela-chaves-santos","tag-joyce-aparecida-martins-pinheiro","tag-larissa-helena-silva","tag-maira-chaves-santos","tag-oito-alunos-de-minas-gerais-sao-finalistas-na-olimpiada-de-portugues","tag-olimpiadas-de-lingua-portuguesa","tag-olimpiadas-de-lingua-portuguesa-escrevendo-o-futuro","tag-ouro-fino","tag-tres-marias","tag-turmalina","tag-victor-hugo-luiz-cota"],"_links":{"self":[{"href":"https:\/\/aconteceunovale.com.br\/portal\/index.php?rest_route=\/wp\/v2\/posts\/44695","targetHints":{"allow":["GET"]}}],"collection":[{"href":"https:\/\/aconteceunovale.com.br\/portal\/index.php?rest_route=\/wp\/v2\/posts"}],"about":[{"href":"https:\/\/aconteceunovale.com.br\/portal\/index.php?rest_route=\/wp\/v2\/types\/post"}],"author":[{"embeddable":true,"href":"https:\/\/aconteceunovale.com.br\/portal\/index.php?rest_route=\/wp\/v2\/users\/1"}],"replies":[{"embeddable":true,"href":"https:\/\/aconteceunovale.com.br\/portal\/index.php?rest_route=%2Fwp%2Fv2%2Fcomments&post=44695"}],"version-history":[{"count":0,"href":"https:\/\/aconteceunovale.com.br\/portal\/index.php?rest_route=\/wp\/v2\/posts\/44695\/revisions"}],"wp:featuredmedia":[{"embeddable":true,"href":"https:\/\/aconteceunovale.com.br\/portal\/index.php?rest_route=\/wp\/v2\/media\/44696"}],"wp:attachment":[{"href":"https:\/\/aconteceunovale.com.br\/portal\/index.php?rest_route=%2Fwp%2Fv2%2Fmedia&parent=44695"}],"wp:term":[{"taxonomy":"category","embeddable":true,"href":"https:\/\/aconteceunovale.com.br\/portal\/index.php?rest_route=%2Fwp%2Fv2%2Fcategories&post=44695"},{"taxonomy":"post_tag","embeddable":true,"href":"https:\/\/aconteceunovale.com.br\/portal\/index.php?rest_route=%2Fwp%2Fv2%2Ftags&post=44695"}],"curies":[{"name":"wp","href":"https:\/\/api.w.org\/{rel}","templated":true}]}}