{"id":44693,"date":"2014-11-07T09:53:51","date_gmt":"2014-11-07T12:53:51","guid":{"rendered":"http:\/\/aconteceunovale.com.br\/portal\/?p=44693"},"modified":"2014-11-07T09:53:51","modified_gmt":"2014-11-07T12:53:51","slug":"fazer-selfie-durante-provas-do-enem-esta-proibido","status":"publish","type":"post","link":"https:\/\/aconteceunovale.com.br\/portal\/?p=44693","title":{"rendered":"Fazer selfie durante provas do Enem est\u00e1 proibido"},"content":{"rendered":"<div id=\"fb-root\"><\/div>\n<p>\t\t\t\t<script>(function(d, s, id) {\n\t\t\t\t  var js, fjs = d.getElementsByTagName(s)[0];\n\t\t\t\t  if (d.getElementById(id)) return;\n\t\t\t\t  js = d.createElement(s); js.id = id;\n\t\t\t\t  js.src = \"\/\/connect.facebook.net\/pt_BR\/sdk.js#xfbml=1&appId=691575364226355&version=v2.0\";\n\t\t\t\t  fjs.parentNode.insertBefore(js, fjs);\n\t\t\t\t}(document, 'script', 'facebook-jssdk'));<\/script><\/p>\n<div class=\"fb-like\" data-href=\"https:\/\/www.facebook.com\/aconteceunovale\" data-layout=\"button_count\" data-action=\"like\" data-show-faces=\"true\" data-share=\"true\"><\/div>\n<p><\/br><\/p>\n<p>Durante o Exame Nacional do Ensino M\u00e9dio (Enem) est\u00e1 proibido fazer selfie. Os candidatos que postarem fotos de si mesmos no local do exame, da prova ou do cart\u00e3o de respostas, mesmo que n\u00e3o esteja preenchido, poder\u00e3o ser eliminados.<\/p>\n<p>A regra est\u00e1 no edital: n\u00e3o \u00e9 permitido portar m\u00e1quinas calculadoras, agendas eletr\u00f4nicas ou similares, telefones celulares, smartphones, tablets, ipods, pen drives, mp3 ou similar, gravadores, rel\u00f3gios, alarmes de qualquer esp\u00e9cie ou qualquer transmissor, gravador ou receptor de dados, imagens, v\u00eddeos e mensagens.<\/p>\n<p>A recomenda\u00e7\u00e3o \u00e9 que os candidatos n\u00e3o levem esses objetos, mas caso estejam com eles, guardem em porta-objetos fornecido pelo aplicador. Os equipamentos e o celular dever\u00e3o estar desligados. A embalagem dever\u00e1 ser lacrada e identificada com o nome do participante. Dever\u00e1 ser colocada embaixo da carteira e retirada apenas no fim da prova.<\/p>\n<p>Os candidatos que portarem qualquer um desses objetos durante a prova, que fizerem postagens de texto nas redes sociais ou trocarem mensagens eletr\u00f4nicas ou por e-mail tamb\u00e9m est\u00e3o sujeitos \u00e0 elimina\u00e7\u00e3o.<\/p>\n<p>As provas do Enem ser\u00e3o aplicadas  amanh\u00e3 (8) e domingo. O exame tem 8,7 milh\u00f5es de inscritos e ocorrer\u00e1 em 1,7 mil cidades brasileiras. A prova ter\u00e1 inic\u00edo \u00e0s 13h, no hor\u00e1rio de Bras\u00edlia. Os candidatos dever\u00e3o chegar com uma hora de anteced\u00eancia. Para verificar o local de prova, o candidato pode acessar o cart\u00e3o de confirma\u00e7\u00e3o no <a href=\"http:\/\/enem.inep.gov.br\/\" target=\"_blank\">site do Enem<\/a>. As informa\u00e7\u00f5es s\u00e3o da <strong>Ag\u00eancia Brasil<\/strong>.<\/p>\n","protected":false},"excerpt":{"rendered":"<p>Durante o Exame Nacional do Ensino M\u00e9dio (Enem) est\u00e1 proibido fazer selfie. Os candidatos que postarem fotos de si mesmos no local do exame, da prova ou do cart\u00e3o de respostas, mesmo que n\u00e3o esteja preenchido, poder\u00e3o ser eliminados. A regra est\u00e1 no edital: n\u00e3o \u00e9 permitido portar m\u00e1quinas calculadoras, agendas eletr\u00f4nicas ou similares, telefones [&hellip;]<\/p>\n","protected":false},"author":1,"featured_media":28404,"comment_status":"open","ping_status":"closed","sticky":false,"template":"","format":"standard","meta":{"amp_status":"","footnotes":""},"categories":[6],"tags":[22126,22127,6662,19776,22124,22130,18378,1168,22125,22128,22129],"class_list":["post-44693","post","type-post","status-publish","format-standard","has-post-thumbnail","hentry","category-br","tag-eletronicos","tag-eliminacao","tag-enem-2014","tag-exame-nacional-do-ensino-medio","tag-fazer-selfie-durante-provas-do-enem-esta-proibido","tag-foto-da-prova-do-enem","tag-inep","tag-mec","tag-selfie","tag-selfie-enem","tag-tirar-foto-da-prova-do-enem"],"_links":{"self":[{"href":"https:\/\/aconteceunovale.com.br\/portal\/index.php?rest_route=\/wp\/v2\/posts\/44693","targetHints":{"allow":["GET"]}}],"collection":[{"href":"https:\/\/aconteceunovale.com.br\/portal\/index.php?rest_route=\/wp\/v2\/posts"}],"about":[{"href":"https:\/\/aconteceunovale.com.br\/portal\/index.php?rest_route=\/wp\/v2\/types\/post"}],"author":[{"embeddable":true,"href":"https:\/\/aconteceunovale.com.br\/portal\/index.php?rest_route=\/wp\/v2\/users\/1"}],"replies":[{"embeddable":true,"href":"https:\/\/aconteceunovale.com.br\/portal\/index.php?rest_route=%2Fwp%2Fv2%2Fcomments&post=44693"}],"version-history":[{"count":0,"href":"https:\/\/aconteceunovale.com.br\/portal\/index.php?rest_route=\/wp\/v2\/posts\/44693\/revisions"}],"wp:featuredmedia":[{"embeddable":true,"href":"https:\/\/aconteceunovale.com.br\/portal\/index.php?rest_route=\/wp\/v2\/media\/28404"}],"wp:attachment":[{"href":"https:\/\/aconteceunovale.com.br\/portal\/index.php?rest_route=%2Fwp%2Fv2%2Fmedia&parent=44693"}],"wp:term":[{"taxonomy":"category","embeddable":true,"href":"https:\/\/aconteceunovale.com.br\/portal\/index.php?rest_route=%2Fwp%2Fv2%2Fcategories&post=44693"},{"taxonomy":"post_tag","embeddable":true,"href":"https:\/\/aconteceunovale.com.br\/portal\/index.php?rest_route=%2Fwp%2Fv2%2Ftags&post=44693"}],"curies":[{"name":"wp","href":"https:\/\/api.w.org\/{rel}","templated":true}]}}