{"id":44680,"date":"2014-11-06T21:45:23","date_gmt":"2014-11-07T00:45:23","guid":{"rendered":"http:\/\/aconteceunovale.com.br\/portal\/?p=44680"},"modified":"2014-11-06T21:45:23","modified_gmt":"2014-11-07T00:45:23","slug":"policia-de-meio-ambiente-desarticula-exploracao-ilegal-de-garimpo-no-leste-de-minas","status":"publish","type":"post","link":"https:\/\/aconteceunovale.com.br\/portal\/?p=44680","title":{"rendered":"Pol\u00edcia de Meio Ambiente desarticula explora\u00e7\u00e3o ilegal de garimpo no Leste de Minas"},"content":{"rendered":"<h4><em><strong>Local foi fiscalizado outras tr\u00eas vezes somente este ano. Garimpeiros podem responder por crime ambiental.<\/strong><\/em><\/h4>\n<div id=\"fb-root\"><\/div>\n<p>\t\t\t\t<script>(function(d, s, id) {\n\t\t\t\t  var js, fjs = d.getElementsByTagName(s)[0];\n\t\t\t\t  if (d.getElementById(id)) return;\n\t\t\t\t  js = d.createElement(s); js.id = id;\n\t\t\t\t  js.src = \"\/\/connect.facebook.net\/pt_BR\/sdk.js#xfbml=1&appId=691575364226355&version=v2.0\";\n\t\t\t\t  fjs.parentNode.insertBefore(js, fjs);\n\t\t\t\t}(document, 'script', 'facebook-jssdk'));<\/script><\/p>\n<div class=\"fb-like\" data-href=\"https:\/\/www.facebook.com\/aconteceunovale\" data-layout=\"button_count\" data-action=\"like\" data-show-faces=\"true\" data-share=\"true\"><\/div>\n<p><\/br><\/p>\n<p>Quinze pessoas foram presas na tarde dessa quinta-feira (6), suspeitas de garimpo ilegal no distrito de Hematita, munic\u00edpio de Ant\u00f4nio Dias, no leste de Minas. Segundo informa\u00e7\u00f5es do Sargento Wesley Chaves, a 12\u00aa Cia Independente de Meio Ambiente e Tr\u00e2nsito de Ipatinga, a pol\u00edcia chegou ao  local por meio de den\u00fancias an\u00f4nimas.<\/p>\n<p>Com os garimpeiros n\u00e3o foram encontradas nenhuma pedra preciosa. Essa \u00e9 a terceira vez, somente este ano, que a pol\u00edcia atua no garimpo ilegal. Os garimpeiros, moradores de Ipatinga, Nova Era e Ant\u00f4nio Dias, disseram \u00e0 pol\u00edcia que aceitaram o trabalho, porque foram informados que a \u00e1rea estava legalizada. \u201cOs trabalhadores informaram que somente aceitaram o trabalho porque foram informados pelo contratante que tudo estava legalizado. A maioria deles n\u00e3o tem passagens pela pol\u00edcia\u201d, contou o sargento Wesley.<\/p>\n<p><img decoding=\"async\" src=\"http:\/\/aconteceunovale.com.br\/portal\/wp-content\/uploads\/2014\/11\/garimpo_ilegal_antonio_dias.jpg\" alt=\"\" \/><em>Garimpeiros foram presos em flagrantes (Foto: Jana\u00edna Gon\u00e7alves \/ Inter TV dos Vales)<\/em><br \/>\n<\/br><\/p>\n<p>Com o grupo foram apreendidas v\u00e1rias ferramentas, como p\u00e1s, enxadas e carrinho de m\u00e3o. Tamb\u00e9m foi apreendida uma arma de fogo que era utilizada por um dos detidos.<\/p>\n<p>Os garimpeiros  foram presos em flagrantes e encaminhados para delegacia de Ipatinga. Segundo o sargento Chaves eles podem responder por crime ambiental.<\/p>\n<h4>Opera\u00e7\u00f5es passadas<\/h4>\n<p>Ainda segundo a PM, o garimpo onde os trabalhadores foram presos, \u00e9 o mesmo que h\u00e1 tr\u00eas meses, oito pessoas foram presas por extra\u00e7\u00e3o ilegal de mineral. Na \u00e9poca, 15 quilos de top\u00e1zio foram apreendidos.<\/p>\n<p>Em setembro de 2013, um homem de 58 anos, tamb\u00e9m foi preso por explora\u00e7\u00e3o ilegal de pedras preciosas e semipreciosas e posse irregular de arma de fogo. Na oportunidade a PM, cumpriu um mandando de busca e apreens\u00e3o expedido pela Justi\u00e7a, e policiais se deslocaram at\u00e9 a resid\u00eancia de Carlos Miranda Alves Pereira.<\/p>\n<p>Na \u00e9poca da apreens\u00e3o, os militarem encontraram na resid\u00eancia de Carlos Miranda, pedras de turmalina, \u00e1guas marinhas, alexandrita, esmeraldas, ametista e top\u00e1zio.<\/p>\n<p>\u201cO Miranda foi apontado por esse grupo apreendido como o propriet\u00e1rio do garimpo. Ele foi preso em setembro do ano passado, mas responde o processo em liberdade. Os garimpeiros afirmaram que foram contratados para trabalhar para o Carlos Miranda e que todo servi\u00e7o era dividido em 50%, para eles e para o Miranda\u201d, explicou Chaves.<\/p>\n<p><strong><em>(Inter TV dos Vales)<\/em><\/strong><\/p>\n","protected":false},"excerpt":{"rendered":"<p>Local foi fiscalizado outras tr\u00eas vezes somente este ano. Garimpeiros podem responder por crime ambiental. Quinze pessoas foram presas na tarde dessa quinta-feira (6), suspeitas de garimpo ilegal no distrito de Hematita, munic\u00edpio de Ant\u00f4nio Dias, no leste de Minas. Segundo informa\u00e7\u00f5es do Sargento Wesley Chaves, a 12\u00aa Cia Independente de Meio Ambiente e Tr\u00e2nsito [&hellip;]<\/p>\n","protected":false},"author":1,"featured_media":44681,"comment_status":"open","ping_status":"closed","sticky":false,"template":"","format":"standard","meta":{"amp_status":"","footnotes":""},"categories":[121],"tags":[1740,22113,22114,201,22112,22111],"class_list":["post-44680","post","type-post","status-publish","format-standard","has-post-thumbnail","hentry","category-leste","tag-antonio-dias","tag-garimpo-ilegal-no-distrito-de-hematita","tag-hematita","tag-ipatinga","tag-policia-de-meio-ambiente-desarticula-exploracao-ilegal-de-garimpo-em-antonio-dias","tag-policia-de-meio-ambiente-desarticula-exploracao-ilegal-de-garimpo-no-leste-de-minas"],"_links":{"self":[{"href":"https:\/\/aconteceunovale.com.br\/portal\/index.php?rest_route=\/wp\/v2\/posts\/44680","targetHints":{"allow":["GET"]}}],"collection":[{"href":"https:\/\/aconteceunovale.com.br\/portal\/index.php?rest_route=\/wp\/v2\/posts"}],"about":[{"href":"https:\/\/aconteceunovale.com.br\/portal\/index.php?rest_route=\/wp\/v2\/types\/post"}],"author":[{"embeddable":true,"href":"https:\/\/aconteceunovale.com.br\/portal\/index.php?rest_route=\/wp\/v2\/users\/1"}],"replies":[{"embeddable":true,"href":"https:\/\/aconteceunovale.com.br\/portal\/index.php?rest_route=%2Fwp%2Fv2%2Fcomments&post=44680"}],"version-history":[{"count":0,"href":"https:\/\/aconteceunovale.com.br\/portal\/index.php?rest_route=\/wp\/v2\/posts\/44680\/revisions"}],"wp:featuredmedia":[{"embeddable":true,"href":"https:\/\/aconteceunovale.com.br\/portal\/index.php?rest_route=\/wp\/v2\/media\/44681"}],"wp:attachment":[{"href":"https:\/\/aconteceunovale.com.br\/portal\/index.php?rest_route=%2Fwp%2Fv2%2Fmedia&parent=44680"}],"wp:term":[{"taxonomy":"category","embeddable":true,"href":"https:\/\/aconteceunovale.com.br\/portal\/index.php?rest_route=%2Fwp%2Fv2%2Fcategories&post=44680"},{"taxonomy":"post_tag","embeddable":true,"href":"https:\/\/aconteceunovale.com.br\/portal\/index.php?rest_route=%2Fwp%2Fv2%2Ftags&post=44680"}],"curies":[{"name":"wp","href":"https:\/\/api.w.org\/{rel}","templated":true}]}}