{"id":44666,"date":"2014-11-06T20:30:26","date_gmt":"2014-11-06T23:30:26","guid":{"rendered":"http:\/\/aconteceunovale.com.br\/portal\/?p=44666"},"modified":"2014-11-06T20:30:26","modified_gmt":"2014-11-06T23:30:26","slug":"petrobras-anuncia-reajuste-da-gasolina-em-3-e-do-diesel-em-5-a-partir-desta-sexta","status":"publish","type":"post","link":"https:\/\/aconteceunovale.com.br\/portal\/?p=44666","title":{"rendered":"Petrobras anuncia reajuste da gasolina em 3% e do diesel em 5% a partir desta sexta"},"content":{"rendered":"<div id=\"fb-root\"><\/div>\n<p>\t\t\t\t<script>(function(d, s, id) {\n\t\t\t\t  var js, fjs = d.getElementsByTagName(s)[0];\n\t\t\t\t  if (d.getElementById(id)) return;\n\t\t\t\t  js = d.createElement(s); js.id = id;\n\t\t\t\t  js.src = \"\/\/connect.facebook.net\/pt_BR\/sdk.js#xfbml=1&appId=691575364226355&version=v2.0\";\n\t\t\t\t  fjs.parentNode.insertBefore(js, fjs);\n\t\t\t\t}(document, 'script', 'facebook-jssdk'));<\/script><\/p>\n<div class=\"fb-like\" data-href=\"https:\/\/www.facebook.com\/aconteceunovale\" data-layout=\"button_count\" data-action=\"like\" data-show-faces=\"true\" data-share=\"true\"><\/div>\n<p><\/br><\/p>\n<p>A Petrobras informou na noite desta quinta-feira (6), que reajustar\u00e1 o pre\u00e7o de venda da gasolina A em 3% e do diesel em 5% nas refinarias. O aumento vale a partir da 0h desta sexta-feira. O valor do combust\u00edvel nas bombas ainda depende de determina\u00e7\u00e3o dos postos de gasolina de todo o pa\u00eds.<\/p>\n<p>Segundo o comunicado, os pre\u00e7os da gasolina e do diesel, sobre os quais incide o reajuste anunciado, n\u00e3o incluem os tributos federais Cide e PIS\/Cofins e o tributo estadual ICMS. As informa\u00e7\u00f5es s\u00e3o da <strong>Ag\u00eancia Estado<\/strong>.<\/p>\n","protected":false},"excerpt":{"rendered":"<p>A Petrobras informou na noite desta quinta-feira (6), que reajustar\u00e1 o pre\u00e7o de venda da gasolina A em 3% e do diesel em 5% nas refinarias. O aumento vale a partir da 0h desta sexta-feira. O valor do combust\u00edvel nas bombas ainda depende de determina\u00e7\u00e3o dos postos de gasolina de todo o pa\u00eds. Segundo o [&hellip;]<\/p>\n","protected":false},"author":1,"featured_media":44255,"comment_status":"open","ping_status":"closed","sticky":false,"template":"","format":"standard","meta":{"amp_status":"","footnotes":""},"categories":[6],"tags":[21580,22100,5499,22099,22101],"class_list":["post-44666","post","type-post","status-publish","format-standard","has-post-thumbnail","hentry","category-br","tag-aumento-da-gasolina","tag-aumento-do-diesel","tag-petrobras","tag-petrobras-anuncia-reajuste-da-gasolina-em-3-e-do-diesel-em-5-a-partir-desta-sexta","tag-reajuste-combustiveis"],"_links":{"self":[{"href":"https:\/\/aconteceunovale.com.br\/portal\/index.php?rest_route=\/wp\/v2\/posts\/44666","targetHints":{"allow":["GET"]}}],"collection":[{"href":"https:\/\/aconteceunovale.com.br\/portal\/index.php?rest_route=\/wp\/v2\/posts"}],"about":[{"href":"https:\/\/aconteceunovale.com.br\/portal\/index.php?rest_route=\/wp\/v2\/types\/post"}],"author":[{"embeddable":true,"href":"https:\/\/aconteceunovale.com.br\/portal\/index.php?rest_route=\/wp\/v2\/users\/1"}],"replies":[{"embeddable":true,"href":"https:\/\/aconteceunovale.com.br\/portal\/index.php?rest_route=%2Fwp%2Fv2%2Fcomments&post=44666"}],"version-history":[{"count":0,"href":"https:\/\/aconteceunovale.com.br\/portal\/index.php?rest_route=\/wp\/v2\/posts\/44666\/revisions"}],"wp:featuredmedia":[{"embeddable":true,"href":"https:\/\/aconteceunovale.com.br\/portal\/index.php?rest_route=\/wp\/v2\/media\/44255"}],"wp:attachment":[{"href":"https:\/\/aconteceunovale.com.br\/portal\/index.php?rest_route=%2Fwp%2Fv2%2Fmedia&parent=44666"}],"wp:term":[{"taxonomy":"category","embeddable":true,"href":"https:\/\/aconteceunovale.com.br\/portal\/index.php?rest_route=%2Fwp%2Fv2%2Fcategories&post=44666"},{"taxonomy":"post_tag","embeddable":true,"href":"https:\/\/aconteceunovale.com.br\/portal\/index.php?rest_route=%2Fwp%2Fv2%2Ftags&post=44666"}],"curies":[{"name":"wp","href":"https:\/\/api.w.org\/{rel}","templated":true}]}}