{"id":44654,"date":"2014-11-06T14:18:19","date_gmt":"2014-11-06T17:18:19","guid":{"rendered":"http:\/\/aconteceunovale.com.br\/portal\/?p=44654"},"modified":"2014-11-06T14:18:19","modified_gmt":"2014-11-06T17:18:19","slug":"turbina-de-aviao-pega-fogo-no-ar-e-piloto-e-obrigado-a-fazer-pouso-de-emergencia-em-confins","status":"publish","type":"post","link":"https:\/\/aconteceunovale.com.br\/portal\/?p=44654","title":{"rendered":"Turbina de avi\u00e3o pega fogo no ar e piloto \u00e9 obrigado a fazer pouso de emerg\u00eancia em Confins"},"content":{"rendered":"<h4><strong><em>Aeronave da American Airlines que decolou com destino a Miami apresentou problema em turbina. Todos os passageiros ser\u00e3o reacomodados em um voo nesta sexta<\/em><\/strong><\/h4>\n<div id=\"fb-root\"><\/div>\n<p>\t\t\t\t<script>(function(d, s, id) {\n\t\t\t\t  var js, fjs = d.getElementsByTagName(s)[0];\n\t\t\t\t  if (d.getElementById(id)) return;\n\t\t\t\t  js = d.createElement(s); js.id = id;\n\t\t\t\t  js.src = \"\/\/connect.facebook.net\/pt_BR\/sdk.js#xfbml=1&appId=691575364226355&version=v2.0\";\n\t\t\t\t  fjs.parentNode.insertBefore(js, fjs);\n\t\t\t\t}(document, 'script', 'facebook-jssdk'));<\/script><\/p>\n<div class=\"fb-like\" data-href=\"https:\/\/www.facebook.com\/aconteceunovale\" data-layout=\"button_count\" data-action=\"like\" data-show-faces=\"true\" data-share=\"true\"><\/div>\n<p><\/br><\/p>\n<p>Um problema mec\u00e2nico em uma aeronave da American Airlines, que saiu do Aeroporto Internacional de Confins, na Grande BH, em dire\u00e7\u00e3o ao Aeroporto Internacional de Miami (Fl\u00f3rida \u2013 EUA), na noite de quarta-feira, obrigou o piloto a retornar emergencialmente ao terminal de origem. O voo 0992 saiu \u00e0s 23h32 e voltou a Confins \u00e0s 23h59. Pelas redes sociais, passageiros e familiares comentaram que uma turbina pegou fogo no ar. <\/p>\n<p>De acordo com informa\u00e7\u00f5es da companhia a\u00e9rea, que vai enviar uma nota com posicionamento sobre o ocorrido, todos os passageiros ser\u00e3o remanejados para um novo voo que decolar\u00e1 de Confins por volta de 23h desta quinta-feira.<\/p>\n<p><img decoding=\"async\" src=\"http:\/\/aconteceunovale.com.br\/portal\/wp-content\/uploads\/2014\/11\/aviao_aa_fogo.jpg\" alt=\"\" \/><em>Avi\u00e3o apresentou problemas mec\u00e2nicos e retornou para Confins &#8211; Foto: Leandro Couri\/Estado de Minas<\/em><br \/>\n<\/br><\/p>\n<p>Alguns foram levados para um hotel nas imedia\u00e7\u00f5es do aeroporto e outros receberam vouchers para voltar para casa. Um taxista do aeroporto levou uma das passageiras e contou o relato dela sobre os momentos de p\u00e2nico na aeronave. Segundo o motorista, a mulher disse que foram os pr\u00f3prios passageiros que avisaram aos comiss\u00e1rios sobre o fogo na turbina. As pessoas ouviram barulho e viram que o equipamento estava em chamas. <\/p>\n<p>Os funcion\u00e1rios da companhia a\u00e9rea avisaram ao piloto, que decidiu retornar a Confins. Segundo o relato da passageira ao taxista, o clima foi de muita tens\u00e3o no voo. O taxista est\u00e1 com um voucher da American Airlines para buscar a cliente novamente nesta quinta-feira par ao reembarque. <\/p>\n<p>A assessoria do aeroporto informou que, no momento do pouso, toda a estrutura de emerg\u00eancia foi mobilizada na pista. Ambul\u00e2ncias e viaturas do Corpo de Bombeiros estavam dispon\u00edveis, mas o pouso ocorreu com tranquilidade sem que ningu\u00e9m precisasse de atendimento m\u00e9dico. <\/p>\n<p>Conforme contou um funcion\u00e1rio de um canteiro de obras localizado pr\u00f3ximo ao p\u00e1tio 3, terminal de cargas da Azul, ao pegar servi\u00e7o nesta manh\u00e3, ele ouviu do colega que fez o plant\u00e3o da madrugada que a aeronave com problema havia sido levada para o local por volta das 3h30. Segundo relato do homem, o avi\u00e3o teria chegado ao p\u00e1tio com um barulho muito alto sendo emitido pela turbina. &#8220;A maioria dos avi\u00f5es que chegam com problemas graves v\u00e3o para o hangar da Gol, mas como outras tr\u00eas aeronaves j\u00e1 est\u00e3o no local, esse veio pra c\u00e1, que tamb\u00e9m \u00e9 usado para manuten\u00e7\u00e3o&#8221;, completou o funcion\u00e1rio, que n\u00e3o quis se identificar. Por volta das 13h, era poss\u00edvel ver o avi\u00e3o no p\u00e1tio, mas n\u00e3o havia sinal da equipe de manuten\u00e7\u00e3o.<\/p>\n<h4>Madrugada no aeroporto<\/h4>\n<p>A cabeleireira Mara L\u00facia Coelho, 55 anos, era uma das passageiras do voo. Ela mora em Miami h\u00e1 27 anos e veio a Belo Horizonte visitar a fam\u00edlia. Na viagem de retorno, passou pelo susto no avi\u00e3o da American Airlines. Ela relatou que n\u00e3o viu o fogo na turbina, pois apenas alguns passageiros conseguiram enxergar as chamas. A tens\u00e3o se espalhou rapidamente de assento a assento e o piloto anunciou pelo \u00e1udio que retornaria a Confins por quest\u00e3o de seguran\u00e7a. <\/p>\n<p>Quando pousaram em solo mineiro, os passageiros ficaram cerca de 20 minutos dentro do avi\u00e3o at\u00e9 se encaminharem ao sagu\u00e3o do aeroporto, onde passaram mais de cinco horas na madrugada. Segundo Coelho, havia apenas dois funcion\u00e1rios da companhia que deram poucas informa\u00e7\u00f5es. <\/p>\n<p>Os clientes se ajeitaram em cadeiras, onde repousaram at\u00e9 amanhecer. Quando outros funcion\u00e1rios chegaram, os passageiros foram atendidos e orientados sobre os novos v\u00f4os. Alguns voltaram para casa, outros foram para o hotel e h\u00e1 pessoas que optaram por pegar voos para outras localidades. Todos receberam um lanche fornecido pela American. Muito cansada, a cabeleireira relatou que est\u00e1 ansiosa para embarcar hoje \u00e0s 23h15.<\/p>\n<p><strong><em>(Estado de Minas)<\/em><\/strong><\/p>\n","protected":false},"excerpt":{"rendered":"<p>Aeronave da American Airlines que decolou com destino a Miami apresentou problema em turbina. Todos os passageiros ser\u00e3o reacomodados em um voo nesta sexta Um problema mec\u00e2nico em uma aeronave da American Airlines, que saiu do Aeroporto Internacional de Confins, na Grande BH, em dire\u00e7\u00e3o ao Aeroporto Internacional de Miami (Fl\u00f3rida \u2013 EUA), na noite [&hellip;]<\/p>\n","protected":false},"author":1,"featured_media":44655,"comment_status":"open","ping_status":"closed","sticky":false,"template":"","format":"standard","meta":{"amp_status":"","footnotes":""},"categories":[123],"tags":[22089,22093,18755,22092,22090,1018,22091,22088],"class_list":["post-44654","post","type-post","status-publish","format-standard","has-post-thumbnail","hentry","category-gerais","tag-aeronave-da-american-airlines","tag-aeroporto-internacional-de-confins","tag-american-airlines","tag-aviao-da-american-airlines","tag-confins","tag-destaque","tag-problema-com-aviao-da-american-airlines","tag-turbina-de-aviao-pega-fogo-no-ar-e-piloto-e-obrigado-a-fazer-pouso-de-emergencia-em-confins"],"_links":{"self":[{"href":"https:\/\/aconteceunovale.com.br\/portal\/index.php?rest_route=\/wp\/v2\/posts\/44654","targetHints":{"allow":["GET"]}}],"collection":[{"href":"https:\/\/aconteceunovale.com.br\/portal\/index.php?rest_route=\/wp\/v2\/posts"}],"about":[{"href":"https:\/\/aconteceunovale.com.br\/portal\/index.php?rest_route=\/wp\/v2\/types\/post"}],"author":[{"embeddable":true,"href":"https:\/\/aconteceunovale.com.br\/portal\/index.php?rest_route=\/wp\/v2\/users\/1"}],"replies":[{"embeddable":true,"href":"https:\/\/aconteceunovale.com.br\/portal\/index.php?rest_route=%2Fwp%2Fv2%2Fcomments&post=44654"}],"version-history":[{"count":0,"href":"https:\/\/aconteceunovale.com.br\/portal\/index.php?rest_route=\/wp\/v2\/posts\/44654\/revisions"}],"wp:featuredmedia":[{"embeddable":true,"href":"https:\/\/aconteceunovale.com.br\/portal\/index.php?rest_route=\/wp\/v2\/media\/44655"}],"wp:attachment":[{"href":"https:\/\/aconteceunovale.com.br\/portal\/index.php?rest_route=%2Fwp%2Fv2%2Fmedia&parent=44654"}],"wp:term":[{"taxonomy":"category","embeddable":true,"href":"https:\/\/aconteceunovale.com.br\/portal\/index.php?rest_route=%2Fwp%2Fv2%2Fcategories&post=44654"},{"taxonomy":"post_tag","embeddable":true,"href":"https:\/\/aconteceunovale.com.br\/portal\/index.php?rest_route=%2Fwp%2Fv2%2Ftags&post=44654"}],"curies":[{"name":"wp","href":"https:\/\/api.w.org\/{rel}","templated":true}]}}