{"id":44647,"date":"2014-11-06T12:43:51","date_gmt":"2014-11-06T15:43:51","guid":{"rendered":"http:\/\/aconteceunovale.com.br\/portal\/?p=44647"},"modified":"2014-11-06T12:43:51","modified_gmt":"2014-11-06T15:43:51","slug":"campanhas-de-vacinacao-contra-poliomielite-e-sarampo-tem-inicio-no-sabado","status":"publish","type":"post","link":"https:\/\/aconteceunovale.com.br\/portal\/?p=44647","title":{"rendered":"Campanhas de Vacina\u00e7\u00e3o contra Poliomielite e Sarampo t\u00eam in\u00edcio no s\u00e1bado"},"content":{"rendered":"<h4><strong><em>Mais de um milh\u00e3o de crian\u00e7as devem ser vacinadas em Minas. Campanhas v\u00e3o at\u00e9 o dia 28 de novembro em todas as unidades b\u00e1sicas de sa\u00fade<\/em><\/strong><\/h4>\n<div id=\"fb-root\"><\/div>\n<p>\t\t\t\t<script>(function(d, s, id) {\n\t\t\t\t  var js, fjs = d.getElementsByTagName(s)[0];\n\t\t\t\t  if (d.getElementById(id)) return;\n\t\t\t\t  js = d.createElement(s); js.id = id;\n\t\t\t\t  js.src = \"\/\/connect.facebook.net\/pt_BR\/sdk.js#xfbml=1&appId=691575364226355&version=v2.0\";\n\t\t\t\t  fjs.parentNode.insertBefore(js, fjs);\n\t\t\t\t}(document, 'script', 'facebook-jssdk'));<\/script><\/p>\n<div class=\"fb-like\" data-href=\"https:\/\/www.facebook.com\/aconteceunovale\" data-layout=\"button_count\" data-action=\"like\" data-show-faces=\"true\" data-share=\"true\"><\/div>\n<p><\/br><\/p>\n<p>S\u00e1bado (08\/11) \u00e9 o dia D da Campanha Nacional de Vacina\u00e7\u00e3o contra a Poliomielite e da Campanha de Seguimento Contra o Sarampo.  As campanhas v\u00e3o at\u00e9 o dia 28 de novembro e as vacinas ficam dispon\u00edveis em todas as unidades b\u00e1sicas de sa\u00fade do Estado. A expectativa em Minas Gerais \u00e9 imunizar 1,1 milh\u00e3o de crian\u00e7as de seis meses a menos de cinco anos contra a Poliomielite; e um milh\u00e3o de crian\u00e7as de um a menos de cinco anos contra o Sarampo.<\/p>\n<p>Em 2014, o Brasil celebra 25 anos de erradica\u00e7\u00e3o da Poliomielite, com o \u00faltimo caso da doen\u00e7a tendo sido registrado em mar\u00e7o de 1989, no munic\u00edpio de Souza, na Para\u00edba. Em Minas, o \u00faltimo registro foi em 1987 na cidade de Santa Maria de Itabira. Para manter a doen\u00e7a longe das crian\u00e7as brasileiras \u00e9 imprescind\u00edvel manter altas as taxas de imuniza\u00e7\u00e3o infantil, j\u00e1 que a poliomielite ainda \u00e9 registrada em pa\u00edses da \u00c1frica e \u00c1sia. Somente neste ano, j\u00e1 foram registrados 247 casos da doen\u00e7a no mundo.<\/p>\n<p>N\u00e3o h\u00e1 contraindica\u00e7\u00e3o para a vacina contra a poliomielite. Mesmo as crian\u00e7as que j\u00e1 se vacinaram em anos anteriores devem receber uma nova dose. Apenas n\u00e3o poder\u00e3o ser vacinadas as crian\u00e7as que estiverem com infec\u00e7\u00f5es agudas, com febre de 38\u00bac, ou que apresentaram alguma alergia ou rea\u00e7\u00e3o a doses anteriores. Na campanha do ano passado, 96% das crian\u00e7as at\u00e9 cinco anos de idade foram imunizadas em Minas Gerais. O mesmo percentual foi alcan\u00e7ado na vacina\u00e7\u00e3o nacional.<\/p>\n<h4>Campanha de Seguimento contra o Sarampo<\/h4>\n<p>A Campanha de Seguimento Contra o Sarampo tem o objetivo de corrigir falhas de imuniza\u00e7\u00e3o em crian\u00e7as de um a menos de cinco anos que n\u00e3o estejam com o esquema vacinal em dia. Por\u00e9m, mesmo que a crian\u00e7a j\u00e1 tenha se vacinado, deve receber a dose de refor\u00e7o. De 2010 a 2012, todos os casos de sarampo registrado no Brasil eram importados ou relacionados \u00e0 importa\u00e7\u00e3o. No entanto, em 2013 e 2014, foram registrados 596 casos da doen\u00e7a no pa\u00eds, com maior concentra\u00e7\u00e3o nos estados de Pernambuco (224 casos) e Cear\u00e1 (365 casos). Em ambos os estados, as crian\u00e7as menores de cinco anos foram as mais acometidas.  Em 2013 foram confirmados dois casos de sarampo em Minas. Em 2014, at\u00e9 o momento, n\u00e3o foi confirmado nenhum caso no estado.<\/p>\n<p>Na \u00faltima campanha de seguimento contra o sarampo, em 2011, foram vacinadas 1,5 milh\u00e3o de crian\u00e7as de um a seis anos em Minas Gerais, uma cobertura de 98,24% do p\u00fablico esperado. Em todo o Brasil foram 16,8 milh\u00f5es de crian\u00e7as imunizados, representando 98,36% de cobertura.<\/p>\n<p>N\u00e3o poder\u00e3o ser vacinadas contra o sarampo as crian\u00e7as que estiverem com doen\u00e7as febris moderadas ou graves. Neste caso, a vacina\u00e7\u00e3o dever ser adiada at\u00e9 que a crian\u00e7a melhore.  Para as que estiverem em uso de imunoglobulina, sangue e derivados a vacina\u00e7\u00e3o dever\u00e1 ser adiada por tr\u00eas a 11 meses, dependendo do hemoderivado e da dose administrada, para evitar preju\u00edzos na resposta imunol\u00f3gica p\u00f3s-vacina\u00e7\u00e3o. A vacina tamb\u00e9m \u00e9 contraindicada para crian\u00e7as que apresentaram rea\u00e7\u00f5es al\u00e9rgicas em doses anteriores e com imunodefici\u00eancia cong\u00eanita adquirida.<\/p>\n<p><em><strong>(Ag\u00eancia Minas)<\/strong><\/em><\/p>\n","protected":false},"excerpt":{"rendered":"<p>Mais de um milh\u00e3o de crian\u00e7as devem ser vacinadas em Minas. Campanhas v\u00e3o at\u00e9 o dia 28 de novembro em todas as unidades b\u00e1sicas de sa\u00fade S\u00e1bado (08\/11) \u00e9 o dia D da Campanha Nacional de Vacina\u00e7\u00e3o contra a Poliomielite e da Campanha de Seguimento Contra o Sarampo. As campanhas v\u00e3o at\u00e9 o dia 28 [&hellip;]<\/p>\n","protected":false},"author":1,"featured_media":44649,"comment_status":"open","ping_status":"closed","sticky":false,"template":"","format":"standard","meta":{"amp_status":"","footnotes":""},"categories":[123],"tags":[22076,22078,22075,22077,22079,22080],"class_list":["post-44647","post","type-post","status-publish","format-standard","has-post-thumbnail","hentry","category-gerais","tag-campanha-de-seguimento-contra-o-sarampo","tag-campanha-nacional-de-vacinacao-contra-a-poliomielite-e-da-campanha-de-seguimento-contra-o-sarampo","tag-campanhas-de-vacinacao-contra-poliomielite-e-sarampo-tem-inicio-no-sabado","tag-sarampo","tag-vacinacao-contra-poliomielite","tag-vacinacao-contra-sarampo"],"_links":{"self":[{"href":"https:\/\/aconteceunovale.com.br\/portal\/index.php?rest_route=\/wp\/v2\/posts\/44647","targetHints":{"allow":["GET"]}}],"collection":[{"href":"https:\/\/aconteceunovale.com.br\/portal\/index.php?rest_route=\/wp\/v2\/posts"}],"about":[{"href":"https:\/\/aconteceunovale.com.br\/portal\/index.php?rest_route=\/wp\/v2\/types\/post"}],"author":[{"embeddable":true,"href":"https:\/\/aconteceunovale.com.br\/portal\/index.php?rest_route=\/wp\/v2\/users\/1"}],"replies":[{"embeddable":true,"href":"https:\/\/aconteceunovale.com.br\/portal\/index.php?rest_route=%2Fwp%2Fv2%2Fcomments&post=44647"}],"version-history":[{"count":0,"href":"https:\/\/aconteceunovale.com.br\/portal\/index.php?rest_route=\/wp\/v2\/posts\/44647\/revisions"}],"wp:featuredmedia":[{"embeddable":true,"href":"https:\/\/aconteceunovale.com.br\/portal\/index.php?rest_route=\/wp\/v2\/media\/44649"}],"wp:attachment":[{"href":"https:\/\/aconteceunovale.com.br\/portal\/index.php?rest_route=%2Fwp%2Fv2%2Fmedia&parent=44647"}],"wp:term":[{"taxonomy":"category","embeddable":true,"href":"https:\/\/aconteceunovale.com.br\/portal\/index.php?rest_route=%2Fwp%2Fv2%2Fcategories&post=44647"},{"taxonomy":"post_tag","embeddable":true,"href":"https:\/\/aconteceunovale.com.br\/portal\/index.php?rest_route=%2Fwp%2Fv2%2Ftags&post=44647"}],"curies":[{"name":"wp","href":"https:\/\/api.w.org\/{rel}","templated":true}]}}