{"id":44634,"date":"2014-11-06T11:45:11","date_gmt":"2014-11-06T14:45:11","guid":{"rendered":"http:\/\/aconteceunovale.com.br\/portal\/?p=44634"},"modified":"2014-11-06T11:45:51","modified_gmt":"2014-11-06T14:45:51","slug":"bruno-quer-voltar-a-cumprir-pena-na-grande-bh","status":"publish","type":"post","link":"https:\/\/aconteceunovale.com.br\/portal\/?p=44634","title":{"rendered":"Bruno quer voltar a cumprir pena na Grande BH"},"content":{"rendered":"<h4><strong><em>Advogados do goleiro pediram na Justi\u00e7a que o atleta pudesse jogar no jogar pelo Montes Claros Clube, mas n\u00e3o conseguiram autoriza\u00e7\u00e3o<\/em><\/strong><\/h4>\n<div id=\"fb-root\"><\/div>\n<p>\t\t\t\t<script>(function(d, s, id) {\n\t\t\t\t  var js, fjs = d.getElementsByTagName(s)[0];\n\t\t\t\t  if (d.getElementById(id)) return;\n\t\t\t\t  js = d.createElement(s); js.id = id;\n\t\t\t\t  js.src = \"\/\/connect.facebook.net\/pt_BR\/sdk.js#xfbml=1&appId=691575364226355&version=v2.0\";\n\t\t\t\t  fjs.parentNode.insertBefore(js, fjs);\n\t\t\t\t}(document, 'script', 'facebook-jssdk'));<\/script><\/p>\n<div class=\"fb-like\" data-href=\"https:\/\/www.facebook.com\/aconteceunovale\" data-layout=\"button_count\" data-action=\"like\" data-show-faces=\"true\" data-share=\"true\"><\/div>\n<p><\/br><\/p>\n<p>Transferido h\u00e1 pouco mais de quatro meses para a Penitenci\u00e1ria de Francisco S\u00e1, no Norte de Minas, o ex-goleiro Bruno Fernandes das Dores de Souza pretende retornar para uma unidade prisional na Grande BH. O motivo \u00e9 que Bruno teve negado pela Justi\u00e7a do munic\u00edpio o pedido para jogar pelo Montes Claros Clube, time da cidade vizinha que est\u00e1 no M\u00f3dulo II do Campeonato Mineiro. Ao constatar o fracasso da estrat\u00e9gia de seus ex-advogados, de benefici\u00e1-lo com o trabalho externo, o ex-atleta, que cumpre pena de cumprir pena de 22 anos e tr\u00eas meses pelo sequestro e morte de sua ex-amante Eliza Samudio, em junho de 2010, contratou novo defensor que vai tentar sua transfer\u00eancia para a Penitenci\u00e1ria Jos\u00e9 Maria Alckimin, em Ribeir\u00e3o das Neves. Antes de ir para o Norte de Minas, o ex-goleiro cumpria pena em penitenci\u00e1ria de Contagem.<\/p>\n<p>O novo advogado do ex-goleiro \u00e9 Marco Ant\u00f4nio Siqueira. Ele foi defensor de S\u00e9rgio Rosa Sales, primo de Bruno, executado a tiros antes de ser julgado tamb\u00e9m pela morte de Eliza Samudio. Siqueira evitou falar sobre que a\u00e7\u00f5es vai adotar, afirmando que vai tratar do processo \u201cexclusivamente\u201d com a 4\u00aa C\u00e2mara Criminal do Tribunal de Justi\u00e7a (TJMG), que julga recurso de apela\u00e7\u00e3o para anular o j\u00fari em que seu novo cliente foi condenado.<\/p>\n<p>Por\u00e9m, ele j\u00e1 iniciou sua atua\u00e7\u00e3o na segunda-feira. Um of\u00edcio foi enviado \u00e0 Vara de Execu\u00e7\u00f5es de Francisco S\u00e1, em que pede a interven\u00e7\u00e3o do juiz e promotor de Justi\u00e7a junto ao diretor da penitenci\u00e1ria local, visando a transfer\u00eancia do ex-jogador para Ribeir\u00e3o das Neves. O defensor destaca, no documento, que a unidade prisional do munic\u00edpio \u00e9 de regime fechado e seguran\u00e7a m\u00e1xima e n\u00e3o oferece condi\u00e7\u00f5es para que Bruno exer\u00e7a atividade profissional externa de goleiro. E voltar ao futebol foi objetivo de sua ida para Francisco S\u00e1, conforme a estrat\u00e9gia de seus ex-defensores, visando sua ressocializa\u00e7\u00e3o.<\/p>\n<h4>Processo<\/h4>\n<p>O objetivo do novo defensor n\u00e3o se limita \u00e0 transfer\u00eancia de seu cliente para Neves, cidade em que Bruno Fernandes nasceu e tem parentes. Na ter\u00e7a-feira, o advogado protocolou of\u00edcio no TJ em que pede o desmembramento do processo. Ele aponta que o recurso de apela\u00e7\u00e3o contra o j\u00fari que condenou Bruno est\u00e1 parado desde 29 de outubro de 2013, esperando a manifesta\u00e7\u00e3o de advogados de outros dois condenados no caso Eliza Samudio. O ex-jogador foi condenado em mar\u00e7o de 2013 pelo assassinato e oculta\u00e7\u00e3o de cad\u00e1ver de Eliza, que continua desaparecido, e sequestro e c\u00e1rcere privado do filho da v\u00edtima, do qual seria o pai biol\u00f3gico. Outras cinco pessoas tamb\u00e9m foram sentenciadas pelo crime.<\/p>\n<p><em><strong>(Estado de Minas)<\/strong><\/em><\/p>\n","protected":false},"excerpt":{"rendered":"<p>Advogados do goleiro pediram na Justi\u00e7a que o atleta pudesse jogar no jogar pelo Montes Claros Clube, mas n\u00e3o conseguiram autoriza\u00e7\u00e3o Transferido h\u00e1 pouco mais de quatro meses para a Penitenci\u00e1ria de Francisco S\u00e1, no Norte de Minas, o ex-goleiro Bruno Fernandes das Dores de Souza pretende retornar para uma unidade prisional na Grande BH. [&hellip;]<\/p>\n","protected":false},"author":1,"featured_media":19873,"comment_status":"open","ping_status":"closed","sticky":false,"template":"","format":"standard","meta":{"amp_status":"","footnotes":""},"categories":[123],"tags":[10545,22067,12348,1395,3752,210,3753],"class_list":["post-44634","post","type-post","status-publish","format-standard","has-post-thumbnail","hentry","category-gerais","tag-bruno-fernandes","tag-bruno-quer-voltar-a-cumprir-pena-na-grande-bh","tag-eliza-samudio","tag-francisco-sa","tag-goleiro-bruno","tag-montes-claros","tag-montes-claros-futebol-clube"],"_links":{"self":[{"href":"https:\/\/aconteceunovale.com.br\/portal\/index.php?rest_route=\/wp\/v2\/posts\/44634","targetHints":{"allow":["GET"]}}],"collection":[{"href":"https:\/\/aconteceunovale.com.br\/portal\/index.php?rest_route=\/wp\/v2\/posts"}],"about":[{"href":"https:\/\/aconteceunovale.com.br\/portal\/index.php?rest_route=\/wp\/v2\/types\/post"}],"author":[{"embeddable":true,"href":"https:\/\/aconteceunovale.com.br\/portal\/index.php?rest_route=\/wp\/v2\/users\/1"}],"replies":[{"embeddable":true,"href":"https:\/\/aconteceunovale.com.br\/portal\/index.php?rest_route=%2Fwp%2Fv2%2Fcomments&post=44634"}],"version-history":[{"count":0,"href":"https:\/\/aconteceunovale.com.br\/portal\/index.php?rest_route=\/wp\/v2\/posts\/44634\/revisions"}],"wp:featuredmedia":[{"embeddable":true,"href":"https:\/\/aconteceunovale.com.br\/portal\/index.php?rest_route=\/wp\/v2\/media\/19873"}],"wp:attachment":[{"href":"https:\/\/aconteceunovale.com.br\/portal\/index.php?rest_route=%2Fwp%2Fv2%2Fmedia&parent=44634"}],"wp:term":[{"taxonomy":"category","embeddable":true,"href":"https:\/\/aconteceunovale.com.br\/portal\/index.php?rest_route=%2Fwp%2Fv2%2Fcategories&post=44634"},{"taxonomy":"post_tag","embeddable":true,"href":"https:\/\/aconteceunovale.com.br\/portal\/index.php?rest_route=%2Fwp%2Fv2%2Ftags&post=44634"}],"curies":[{"name":"wp","href":"https:\/\/api.w.org\/{rel}","templated":true}]}}