{"id":44626,"date":"2014-11-06T11:31:28","date_gmt":"2014-11-06T14:31:28","guid":{"rendered":"http:\/\/aconteceunovale.com.br\/portal\/?p=44626"},"modified":"2014-11-06T11:31:28","modified_gmt":"2014-11-06T14:31:28","slug":"cidades-dos-vales-do-jequitinhonha-e-mucuri-estao-entre-as-dez-com-os-menores-indices-socioeconomicos-de-minas","status":"publish","type":"post","link":"https:\/\/aconteceunovale.com.br\/portal\/?p=44626","title":{"rendered":"Cidades dos Vales do Jequitinhonha e Mucuri est\u00e3o entre as dez com os menores \u00edndices socioecon\u00f4micos de Minas"},"content":{"rendered":"<h4><strong><em>\u00c1gua Boa ocupa a \u00faltima posi\u00e7\u00e3o no \u00cdndice Firjan de Desenvolvimento Municipal (IFDM). Nova Lima \u00e9 considerada a cidade com melhores \u00edndices socioecon\u00f4micos de Minas Gerais.<\/em><\/strong><\/h4>\n<div id=\"fb-root\"><\/div>\n<p>\t\t\t\t<script>(function(d, s, id) {\n\t\t\t\t  var js, fjs = d.getElementsByTagName(s)[0];\n\t\t\t\t  if (d.getElementById(id)) return;\n\t\t\t\t  js = d.createElement(s); js.id = id;\n\t\t\t\t  js.src = \"\/\/connect.facebook.net\/pt_BR\/sdk.js#xfbml=1&appId=691575364226355&version=v2.0\";\n\t\t\t\t  fjs.parentNode.insertBefore(js, fjs);\n\t\t\t\t}(document, 'script', 'facebook-jssdk'));<\/script><\/p>\n<div class=\"fb-like\" data-href=\"https:\/\/www.facebook.com\/aconteceunovale\" data-layout=\"button_count\" data-action=\"like\" data-show-faces=\"true\" data-share=\"true\"><\/div>\n<p><\/br><\/p>\n<p>Nova Lima \u00e9 a cidade com o melhor quadro socioecon\u00f4mico de Minas Gerais, de acordo com \u00edndice Firjan de Desenvolvimento Municipal (IFDM). Patos de Minas, Santa Rita do Sapuca\u00ed, Varginha e Pouso Alegre lideram a lista dos cinco munic\u00edpios com as melhores avalia\u00e7\u00f5es. O balan\u00e7o deste ano avalia as estat\u00edsticas de 2011, contemplando os aspectos emprego e renda, educa\u00e7\u00e3o e sa\u00fade. O \u00edndice varia de 0 a 1, sendo que, quanto mais pr\u00f3ximo de 1, maior o desenvolvimento da localidade.<\/p>\n<p><img decoding=\"async\" src=\"http:\/\/aconteceunovale.com.br\/portal\/wp-content\/uploads\/2014\/11\/ifdm_1.jpg\" alt=\"\" \/><br \/>\n<\/br><\/p>\n<p>Belo Horizonte apareceu na 22\u00aa posi\u00e7\u00e3o estadual e 220\u00ba nacional, com IFDM de 0,8173 pontos. Na compara\u00e7\u00e3o com 2010, a capital mineira avan\u00e7ou 1%, devido \u00e0s altas de 2,3% em sa\u00fade, 2,1% em educa\u00e7\u00e3o e recuo de 1,2% em emprego e renda. Com os resultados, BH subiu da 7\u00aa para a 6\u00aa posi\u00e7\u00e3o no ranking das capitais brasileiras.<\/p>\n<p>O resultado mostra que os munic\u00edpios mineiros apresentaram um quadro socioecon\u00f4mico melhor do que a maioria do Brasil em 2011. Das 853 cidades, 602 (70,6%) registraram IFDM moderado ou alto (pontua\u00e7\u00e3o superior a 0,6 pontos), frente a 60,7% observados em n\u00edvel nacional. Al\u00e9m disso, 50 munic\u00edpios mineiros ficaram entre os 500 maiores IFDMs do pa\u00eds, com cinco deles no Top 100 nacional. Entretanto, Minas Gerais ficou com 22 munic\u00edpios entre os 500 menores IFDMs do Brasil, evidenciando a disparidade de realidades dentro do pr\u00f3prio estado.<\/p>\n<p>O IFDM foi criado em 2008, a partir da necessidade de monitorar o desenvolvimento socioecon\u00f4mico dos munic\u00edpios brasileiros. No quesito Emprego e Renda, a pesquisa contempla gera\u00e7\u00e3o de emprego formal, absor\u00e7\u00e3o da m\u00e3o de obra local, gera\u00e7\u00e3o de renda formal, sal\u00e1rios m\u00e9dios do emprego formal e desigualdade. <\/p>\n<p>No aspecto Educa\u00e7\u00e3o, o \u00edndice avalia matr\u00edculas na educa\u00e7\u00e3o infantil, abandono do ensino fundamental, distor\u00e7\u00e3o idade-s\u00e9rie no ensino fundamental, docentes com ensino superior no ensino fundamental, m\u00e9dia de aula di\u00e1rias no ensino fundamental e resultado do IDEB (\u00cdndice de desenvolvimento da Educa\u00e7\u00e3o B\u00e1sica) no ensino fundamental. No quadro de Sa\u00fade foram avaliados n\u00fameros de consultas pr\u00e9-natal, \u00f3bitos por causas mal-definidas, \u00f3bitos infantis por causas evit\u00e1veis e interna\u00e7\u00e3o sens\u00edvel \u00e0 aten\u00e7\u00e3o b\u00e1sica.<\/p>\n<p><img decoding=\"async\" src=\"http:\/\/aconteceunovale.com.br\/portal\/wp-content\/uploads\/2014\/11\/ifdm_2.jpg\" alt=\"\" \/><br \/>\n<\/br><\/p>\n<p><em><strong>(Estado de Minas)<\/strong><\/em><\/p>\n","protected":false},"excerpt":{"rendered":"<p>\u00c1gua Boa ocupa a \u00faltima posi\u00e7\u00e3o no \u00cdndice Firjan de Desenvolvimento Municipal (IFDM). Nova Lima \u00e9 considerada a cidade com melhores \u00edndices socioecon\u00f4micos de Minas Gerais. Nova Lima \u00e9 a cidade com o melhor quadro socioecon\u00f4mico de Minas Gerais, de acordo com \u00edndice Firjan de Desenvolvimento Municipal (IFDM). Patos de Minas, Santa Rita do Sapuca\u00ed, [&hellip;]<\/p>\n","protected":false},"author":1,"featured_media":44628,"comment_status":"open","ping_status":"closed","sticky":false,"template":"","format":"standard","meta":{"amp_status":"","footnotes":""},"categories":[120],"tags":[130,22064,490,481,22060,199,22062,22061,1544,1706,344,1496,22063,962,214,215,216,445,409,990,9546,327,168,221,223],"class_list":["post-44626","post","type-post","status-publish","format-standard","has-post-thumbnail","hentry","category-jequi","tag-agua-boa","tag-agua-boa-ocupa-a-ultima-posicao-no-indice-firjan-de-desenvolvimento-municipal","tag-carai","tag-chapada-do-norte","tag-cidades-dos-vales-do-jequitinhonha-e-mucuri-estao-entre-as-dez-com-os-menores-indices-socioeconomicos-de-minas","tag-divinopolis","tag-ifdm","tag-indice-firjan-de-desenvolvimento-municipal","tag-itajuba","tag-juvenilia","tag-ladainha","tag-nova-lima","tag-nova-lima-e-considerada-a-cidade-com-melhores-indices-socioeconomicos-de-minas-gerais","tag-para-de-minas","tag-patos-de-minas","tag-pocos-de-caldas","tag-pouso-alegre","tag-rio-vermelho","tag-salto-da-divisa","tag-santa-helena-de-minas","tag-santa-rita-do-sapucai","tag-serra-azul-de-minas","tag-setubinha","tag-uberlandia","tag-varginha"],"_links":{"self":[{"href":"https:\/\/aconteceunovale.com.br\/portal\/index.php?rest_route=\/wp\/v2\/posts\/44626","targetHints":{"allow":["GET"]}}],"collection":[{"href":"https:\/\/aconteceunovale.com.br\/portal\/index.php?rest_route=\/wp\/v2\/posts"}],"about":[{"href":"https:\/\/aconteceunovale.com.br\/portal\/index.php?rest_route=\/wp\/v2\/types\/post"}],"author":[{"embeddable":true,"href":"https:\/\/aconteceunovale.com.br\/portal\/index.php?rest_route=\/wp\/v2\/users\/1"}],"replies":[{"embeddable":true,"href":"https:\/\/aconteceunovale.com.br\/portal\/index.php?rest_route=%2Fwp%2Fv2%2Fcomments&post=44626"}],"version-history":[{"count":0,"href":"https:\/\/aconteceunovale.com.br\/portal\/index.php?rest_route=\/wp\/v2\/posts\/44626\/revisions"}],"wp:featuredmedia":[{"embeddable":true,"href":"https:\/\/aconteceunovale.com.br\/portal\/index.php?rest_route=\/wp\/v2\/media\/44628"}],"wp:attachment":[{"href":"https:\/\/aconteceunovale.com.br\/portal\/index.php?rest_route=%2Fwp%2Fv2%2Fmedia&parent=44626"}],"wp:term":[{"taxonomy":"category","embeddable":true,"href":"https:\/\/aconteceunovale.com.br\/portal\/index.php?rest_route=%2Fwp%2Fv2%2Fcategories&post=44626"},{"taxonomy":"post_tag","embeddable":true,"href":"https:\/\/aconteceunovale.com.br\/portal\/index.php?rest_route=%2Fwp%2Fv2%2Ftags&post=44626"}],"curies":[{"name":"wp","href":"https:\/\/api.w.org\/{rel}","templated":true}]}}