{"id":44618,"date":"2014-11-06T10:45:52","date_gmt":"2014-11-06T13:45:52","guid":{"rendered":"http:\/\/aconteceunovale.com.br\/portal\/?p=44618"},"modified":"2014-11-06T10:46:05","modified_gmt":"2014-11-06T13:46:05","slug":"cemig-realiza-obras-na-rede-eletrica-de-capelinha-2","status":"publish","type":"post","link":"https:\/\/aconteceunovale.com.br\/portal\/?p=44618","title":{"rendered":"Cemig realiza obras na rede el\u00e9trica de Capelinha"},"content":{"rendered":"<div id=\"fb-root\"><\/div>\n<p>\t\t\t\t<script>(function(d, s, id) {\n\t\t\t\t  var js, fjs = d.getElementsByTagName(s)[0];\n\t\t\t\t  if (d.getElementById(id)) return;\n\t\t\t\t  js = d.createElement(s); js.id = id;\n\t\t\t\t  js.src = \"\/\/connect.facebook.net\/pt_BR\/sdk.js#xfbml=1&appId=691575364226355&version=v2.0\";\n\t\t\t\t  fjs.parentNode.insertBefore(js, fjs);\n\t\t\t\t}(document, 'script', 'facebook-jssdk'));<\/script><\/p>\n<div class=\"fb-like\" data-href=\"https:\/\/www.facebook.com\/aconteceunovale\" data-layout=\"button_count\" data-action=\"like\" data-show-faces=\"true\" data-share=\"true\"><\/div>\n<p><\/br><\/p>\n<p>A Companhia Energ\u00e9tica de Minas Gerais (Cemig) informa que, visando assegurar a qualidade do servi\u00e7o prestado aos seus clientes, no pr\u00f3ximo domingo (09\/11), realizar\u00e1 obra de manuten\u00e7\u00e3o na Rede de Distribui\u00e7\u00e3o Urbana em Capelinha<\/p>\n<p>Para executar esse trabalho com seguran\u00e7a, ser\u00e1 necess\u00e1rio interromper o fornecimento de energia de 09h \u00e0s 15h, nos seguintes endere\u00e7os:<\/p>\n<p>&#8211; Avenida Tancredo Neves, Entre n\u00fameros 910 e 982<br \/>\n&#8211; Rua S\u00e3o Jo\u00e3o, Entre n\u00fameros 19 e 40<br \/>\n&#8211; Rua Portugal, Entre n\u00fameros 2 E 162<br \/>\n&#8211; Rua Minas Novas, Entre n\u00fameros 7 e 228<br \/>\n&#8211; Rua Porto Alegre, Entre n\u00fameros 20 e 343, Centro<br \/>\n&#8211; Rua Juvenata,  N\u00famero 59<br \/>\n&#8211; Rua do Caf\u00e9, Entre n\u00fameros 29 e 85<br \/>\n&#8211; Rua Santa Tereza, N\u00famero 23<br \/>\n&#8211; Rua Araguari, Entre n\u00fameros 120 e 226, Piedade<br \/>\n&#8211; Rua S\u00e3o Geraldo, Entre n\u00fameros 58 e 400, Subesta\u00e7\u00e3o<\/p>\n<p>A Empresa realizar\u00e1 esse trabalho durante o fim de semana, para minimizar o impacto da interrup\u00e7\u00e3o de energia para as atividades atingidas pelo desligamento.<\/p>\n<p>Durante esse per\u00edodo, caso precise executar algum servi\u00e7o na instala\u00e7\u00e3o el\u00e9trica interna, o consumidor dever\u00e1 desligar antes a chave geral (disjuntor) para sua seguran\u00e7a.<\/p>\n<p>Esclarecemos que em fun\u00e7\u00e3o da complexidade dos servi\u00e7os a serem executados poder\u00e1 ocorrer atraso no hor\u00e1rio previsto ou cancelamento deste desligamento sem aviso pr\u00e9vio. Por medida de seguran\u00e7a todos os equipamentos devem ser considerados energizados durante o per\u00edodo mencionado. Caso os servi\u00e7os de melhoria sejam conclu\u00eddos antes do hor\u00e1rio indicado o fornecimento de energia el\u00e9trica ser\u00e1 restabelecido.<\/p>\n","protected":false},"excerpt":{"rendered":"<p>A Companhia Energ\u00e9tica de Minas Gerais (Cemig) informa que, visando assegurar a qualidade do servi\u00e7o prestado aos seus clientes, no pr\u00f3ximo domingo (09\/11), realizar\u00e1 obra de manuten\u00e7\u00e3o na Rede de Distribui\u00e7\u00e3o Urbana em Capelinha Para executar esse trabalho com seguran\u00e7a, ser\u00e1 necess\u00e1rio interromper o fornecimento de energia de 09h \u00e0s 15h, nos seguintes endere\u00e7os: &#8211; [&hellip;]<\/p>\n","protected":false},"author":1,"featured_media":24001,"comment_status":"open","ping_status":"closed","sticky":false,"template":"","format":"standard","meta":{"amp_status":"","footnotes":""},"categories":[120],"tags":[132,7706],"class_list":["post-44618","post","type-post","status-publish","format-standard","has-post-thumbnail","hentry","category-jequi","tag-capelinha","tag-cemig-realiza-obras-na-rede-eletrica-de-capelinha"],"_links":{"self":[{"href":"https:\/\/aconteceunovale.com.br\/portal\/index.php?rest_route=\/wp\/v2\/posts\/44618","targetHints":{"allow":["GET"]}}],"collection":[{"href":"https:\/\/aconteceunovale.com.br\/portal\/index.php?rest_route=\/wp\/v2\/posts"}],"about":[{"href":"https:\/\/aconteceunovale.com.br\/portal\/index.php?rest_route=\/wp\/v2\/types\/post"}],"author":[{"embeddable":true,"href":"https:\/\/aconteceunovale.com.br\/portal\/index.php?rest_route=\/wp\/v2\/users\/1"}],"replies":[{"embeddable":true,"href":"https:\/\/aconteceunovale.com.br\/portal\/index.php?rest_route=%2Fwp%2Fv2%2Fcomments&post=44618"}],"version-history":[{"count":0,"href":"https:\/\/aconteceunovale.com.br\/portal\/index.php?rest_route=\/wp\/v2\/posts\/44618\/revisions"}],"wp:featuredmedia":[{"embeddable":true,"href":"https:\/\/aconteceunovale.com.br\/portal\/index.php?rest_route=\/wp\/v2\/media\/24001"}],"wp:attachment":[{"href":"https:\/\/aconteceunovale.com.br\/portal\/index.php?rest_route=%2Fwp%2Fv2%2Fmedia&parent=44618"}],"wp:term":[{"taxonomy":"category","embeddable":true,"href":"https:\/\/aconteceunovale.com.br\/portal\/index.php?rest_route=%2Fwp%2Fv2%2Fcategories&post=44618"},{"taxonomy":"post_tag","embeddable":true,"href":"https:\/\/aconteceunovale.com.br\/portal\/index.php?rest_route=%2Fwp%2Fv2%2Ftags&post=44618"}],"curies":[{"name":"wp","href":"https:\/\/api.w.org\/{rel}","templated":true}]}}