{"id":44611,"date":"2014-11-06T10:39:51","date_gmt":"2014-11-06T13:39:51","guid":{"rendered":"http:\/\/aconteceunovale.com.br\/portal\/?p=44611"},"modified":"2014-11-06T10:39:51","modified_gmt":"2014-11-06T13:39:51","slug":"municipios-da-microrregiao-da-serra-geral-sao-parceiros-pela-vida","status":"publish","type":"post","link":"https:\/\/aconteceunovale.com.br\/portal\/?p=44611","title":{"rendered":"Munic\u00edpios da microrregi\u00e3o da Serra Geral s\u00e3o parceiros pela vida"},"content":{"rendered":"<h4><strong><em>15 Munic\u00edpios abra\u00e7am campanha do Samu Macro Norte que visa orientar a popula\u00e7\u00e3o para melhor utiliza\u00e7\u00e3o do servi\u00e7o<\/em><\/strong><\/h4>\n<div id=\"fb-root\"><\/div>\n<p>\t\t\t\t<script>(function(d, s, id) {\n\t\t\t\t  var js, fjs = d.getElementsByTagName(s)[0];\n\t\t\t\t  if (d.getElementById(id)) return;\n\t\t\t\t  js = d.createElement(s); js.id = id;\n\t\t\t\t  js.src = \"\/\/connect.facebook.net\/pt_BR\/sdk.js#xfbml=1&appId=691575364226355&version=v2.0\";\n\t\t\t\t  fjs.parentNode.insertBefore(js, fjs);\n\t\t\t\t}(document, 'script', 'facebook-jssdk'));<\/script><\/p>\n<div class=\"fb-like\" data-href=\"https:\/\/www.facebook.com\/aconteceunovale\" data-layout=\"button_count\" data-action=\"like\" data-show-faces=\"true\" data-share=\"true\"><\/div>\n<p><\/br><\/p>\n<p>Representantes dos 15 munic\u00edpios que comp\u00f5em a regi\u00e3o de sa\u00fade Jana\u00faba\/Monte Azul, na Serra Geral, Norte de Minas Gerais, participaram da reuni\u00e3o p\u00fablica promovida pelo Servi\u00e7o de Atendimento M\u00f3vel de Urg\u00eancia (SAMU) na tarde desta quarta-feira (05\/11), em Monte Azul.<\/p>\n<p><img decoding=\"async\" src=\"http:\/\/aconteceunovale.com.br\/portal\/wp-content\/uploads\/2014\/11\/parceria_pela_vida_serra_geral_1.jpg\" alt=\"\" \/><em>Serra Geral s\u00e3o parceiros pela vida &#8211; Foto: Jerusia Arruda \/ Divulga\u00e7\u00e3o<\/em><br \/>\n<\/br><\/p>\n<p>Com o tema \u201cParceria pela Vida: O Samu mais perto de voc\u00ea\u201d, as reuni\u00f5es est\u00e3o sendo realizadas nos munic\u00edpios sede das microrregi\u00f5es com objetivo de promover um esfor\u00e7o de comunica\u00e7\u00e3o de car\u00e1ter educativo e social para que a popula\u00e7\u00e3o seja orientada em rela\u00e7\u00e3o \u00e0 melhor utiliza\u00e7\u00e3o do servi\u00e7o.<\/p>\n<p>Em Monte Azul, a programa\u00e7\u00e3o come\u00e7ou \u00e0s 8h, com um curso de atualiza\u00e7\u00e3o em urg\u00eancia e emerg\u00eancia ministrado pelo N\u00facleo de Educa\u00e7\u00e3o Permanente do Samu, que contou com a participa\u00e7\u00e3o de cerca de 70 profissionais dos hospitais e centros de sa\u00fade, al\u00e9m dos socorristas das bases do Samu da microrregi\u00e3o.<\/p>\n<p>\u00c0 tarde, prefeitos, secret\u00e1rios de sa\u00fade, autoridades municipais e a comunidade se reuniram para o encontro Parceria pela Vida. \u201cEsse esfor\u00e7o de comunica\u00e7\u00e3o \u00e9 fundamental para o fortalecimento da coopera\u00e7\u00e3o e parceria que marcam a gest\u00e3o p\u00fablica da sa\u00fade em nossa regi\u00e3o. O empenho dos prefeitos em se deslocar de seus munic\u00edpios, muitos deles bem distantes, para se fazer presentes neste encontro demonstra a seriedade e o compromisso em promover uma sa\u00fade p\u00fablica mais acess\u00edvel e \u00e9 motivo de orgulho para o Cisrun, que sempre buscou cumprir seu papel de agente integrador para garantir a efetividade do atendimento do Samu na regi\u00e3o\u201d, avalia Ricardo Afonso Veloso, presidente do Cons\u00f3rcio Intermunicipal de Sa\u00fade da Rede de Urg\u00eancia do Norte de Minas (Cisrun) e prefeito de Bocaiuva.<\/p>\n<p>O presidente ressalta que a efetividade da parceria entre os munic\u00edpios e os governos Estadual e Federal garantiu ao Norte de Minas um atendimento pr\u00e9-hospitalar de excel\u00eancia, refer\u00eancia para todo o pa\u00eds. \u201cEm cada munic\u00edpio da regi\u00e3o, independentemente do tamanho ou contingente populacional, o cidad\u00e3o conta com um servi\u00e7o pr\u00e9-hospitalar de excel\u00eancia que, antes da organiza\u00e7\u00e3o da Rede de Urg\u00eancia e Emerg\u00eancia na regi\u00e3o, s\u00f3 era poss\u00edvel nas grandes cidades. Essa conquista est\u00e1 possibilitando a redu\u00e7\u00e3o de mortes por causas evit\u00e1veis e promovendo mais qualidade de vida para a popula\u00e7\u00e3o norte mineira\u201d, assegura o prefeito.<\/p>\n<p>A regi\u00e3o de sa\u00fade Jana\u00faba\/Monte Azul possui 15 munic\u00edpios e cerca 270.566 habitantes. O Samu possui sete bases na regi\u00e3o, sendo seis b\u00e1sicas e uma avan\u00e7ada, recebendo uma m\u00e9dia de 1.212 chamados, sendo 78% na \u00e1rea urbana e 22% na \u00e1rea rural.<\/p>\n<p>De acordo com o prefeito de Monte Azul, Jos\u00e9 Edvaldo Antunes de Souza, o servi\u00e7o prestado pelo Samu redimensionou o atendimento \u00e0s urg\u00eancias e emerg\u00eancias na regi\u00e3o. \u201cTemos um entroncamento rodovi\u00e1rio com muitas ocorr\u00eancias de acidentes graves, al\u00e9m de grandes dist\u00e2ncias entre os munic\u00edpios, e o Samu possibilita o atendimento nesses locais, com qualidade t\u00e9cnica, al\u00e9m de encaminhar o paciente ao hospital com seguran\u00e7a e, o mais importante, de forma assistida. N\u00e3o \u00e9 poss\u00edvel imaginar a assist\u00eancia \u00e0 sa\u00fade sem esse elemento t\u00e3o fundamental, que \u00e9 o Samu\u201d, avalia o prefeito.<\/p>\n<p>Durante o encontro, o m\u00e9dico coordenador do Samu, \u00canius Freire Versiani, apresentou os dados estat\u00edsticos dos atendimentos na microrregi\u00e3o e os avan\u00e7os alcan\u00e7ados pelo servi\u00e7o nos \u00faltimos cinco anos, orientando sobre a ado\u00e7\u00e3o de comportamento seguro para evitar acidentes ou situa\u00e7\u00f5es que coloquem a vida em risco e as situa\u00e7\u00f5es em que o Samu deve ser acionado pelo n\u00famero 192. <\/p>\n<p>O m\u00e9dico tamb\u00e9m destacou que 30% dos chamados recebidos pelo Samu s\u00e3o liga\u00e7\u00f5es de brincadeira (trotes) e os preju\u00edzos causados por essa pr\u00e1tica.<\/p>\n<p>Ao final do encontro, os prefeitos da microrregi\u00e3o receberam uma placa de homenagem como Munic\u00edpio Parceiro pela Vida.<\/p>\n<p>As pr\u00f3ximas reuni\u00f5es p\u00fablicas ser\u00e3o realizadas nos munic\u00edpios de S\u00e3o Francisco (11\/11), Janu\u00e1ria e Manga (12\/11), Francisco S\u00e1 (19\/11), Cora\u00e7\u00e3o de Jesus (26\/11), Bocaiuva (27\/11), Montes Claros (28\/11), Taiobeiras (04\/12) e Pirapora (08\/12).<\/p>\n<p><img decoding=\"async\" src=\"http:\/\/aconteceunovale.com.br\/portal\/wp-content\/uploads\/2014\/11\/parceria_pela_vida_serra_geral_2.jpg\" alt=\"\" \/><em>Serra Geral s\u00e3o parceiros pela vida &#8211; Foto: Jerusia Arruda \/ Divulga\u00e7\u00e3o<\/em><br \/>\n<\/br><\/p>\n<p><img decoding=\"async\" src=\"http:\/\/aconteceunovale.com.br\/portal\/wp-content\/uploads\/2014\/11\/parceria_pela_vida_serra_geral_3.jpg\" alt=\"\" \/><em>Serra Geral s\u00e3o parceiros pela vida &#8211; Foto: Jerusia Arruda \/ Divulga\u00e7\u00e3o<\/em><br \/>\n<\/br><\/p>\n<p><img decoding=\"async\" src=\"http:\/\/aconteceunovale.com.br\/portal\/wp-content\/uploads\/2014\/11\/parceria_pela_vida_serra_geral_4.jpg\" alt=\"\" \/><em>Serra Geral s\u00e3o parceiros pela vida &#8211; Foto: Jerusia Arruda \/ Divulga\u00e7\u00e3o<\/em><br \/>\n<\/br><\/p>\n<p><img decoding=\"async\" src=\"http:\/\/aconteceunovale.com.br\/portal\/wp-content\/uploads\/2014\/11\/parceria_pela_vida_serra_geral_5.jpg\" alt=\"\" \/><em>Serra Geral s\u00e3o parceiros pela vida &#8211; Foto: Jerusia Arruda \/ Divulga\u00e7\u00e3o<\/em><br \/>\n<\/br><\/p>\n<p><strong><em>(Ascom Samu Macro Norte)<\/em><\/strong><\/p>\n","protected":false},"excerpt":{"rendered":"<p>15 Munic\u00edpios abra\u00e7am campanha do Samu Macro Norte que visa orientar a popula\u00e7\u00e3o para melhor utiliza\u00e7\u00e3o do servi\u00e7o Representantes dos 15 munic\u00edpios que comp\u00f5em a regi\u00e3o de sa\u00fade Jana\u00faba\/Monte Azul, na Serra Geral, Norte de Minas Gerais, participaram da reuni\u00e3o p\u00fablica promovida pelo Servi\u00e7o de Atendimento M\u00f3vel de Urg\u00eancia (SAMU) na tarde desta quarta-feira (05\/11), [&hellip;]<\/p>\n","protected":false},"author":1,"featured_media":44612,"comment_status":"open","ping_status":"closed","sticky":false,"template":"","format":"standard","meta":{"amp_status":"","footnotes":""},"categories":[1236],"tags":[645,22050,22051,204,22052,22048,1277,22047,21817,14636,22049],"class_list":["post-44611","post","type-post","status-publish","format-standard","has-post-thumbnail","hentry","category-norte_de_minas","tag-bocaiuva","tag-cisrun","tag-consorcio-intermunicipal-de-saude-da-rede-de-urgencia-do-norte-de-minas","tag-janauba","tag-jose-edvaldo-antunes-de-souza","tag-microrregiao-da-serra-geral","tag-monte-azul","tag-municipios-da-microrregiao-da-serra-geral-sao-parceiros-pela-vida","tag-parceria-pela-vida-o-samu-mais-perto-de-voce","tag-ricardo-afonso-veloso","tag-serra-geral"],"_links":{"self":[{"href":"https:\/\/aconteceunovale.com.br\/portal\/index.php?rest_route=\/wp\/v2\/posts\/44611","targetHints":{"allow":["GET"]}}],"collection":[{"href":"https:\/\/aconteceunovale.com.br\/portal\/index.php?rest_route=\/wp\/v2\/posts"}],"about":[{"href":"https:\/\/aconteceunovale.com.br\/portal\/index.php?rest_route=\/wp\/v2\/types\/post"}],"author":[{"embeddable":true,"href":"https:\/\/aconteceunovale.com.br\/portal\/index.php?rest_route=\/wp\/v2\/users\/1"}],"replies":[{"embeddable":true,"href":"https:\/\/aconteceunovale.com.br\/portal\/index.php?rest_route=%2Fwp%2Fv2%2Fcomments&post=44611"}],"version-history":[{"count":0,"href":"https:\/\/aconteceunovale.com.br\/portal\/index.php?rest_route=\/wp\/v2\/posts\/44611\/revisions"}],"wp:featuredmedia":[{"embeddable":true,"href":"https:\/\/aconteceunovale.com.br\/portal\/index.php?rest_route=\/wp\/v2\/media\/44612"}],"wp:attachment":[{"href":"https:\/\/aconteceunovale.com.br\/portal\/index.php?rest_route=%2Fwp%2Fv2%2Fmedia&parent=44611"}],"wp:term":[{"taxonomy":"category","embeddable":true,"href":"https:\/\/aconteceunovale.com.br\/portal\/index.php?rest_route=%2Fwp%2Fv2%2Fcategories&post=44611"},{"taxonomy":"post_tag","embeddable":true,"href":"https:\/\/aconteceunovale.com.br\/portal\/index.php?rest_route=%2Fwp%2Fv2%2Ftags&post=44611"}],"curies":[{"name":"wp","href":"https:\/\/api.w.org\/{rel}","templated":true}]}}