{"id":44575,"date":"2014-11-05T20:36:04","date_gmt":"2014-11-05T23:36:04","guid":{"rendered":"http:\/\/aconteceunovale.com.br\/portal\/?p=44575"},"modified":"2014-11-05T20:36:04","modified_gmt":"2014-11-05T23:36:04","slug":"corpo-encontrado-as-margens-da-br-381-em-setembro-ainda-nao-foi-identificado","status":"publish","type":"post","link":"https:\/\/aconteceunovale.com.br\/portal\/?p=44575","title":{"rendered":"Corpo encontrado \u00e0s margens da BR-381 em setembro ainda n\u00e3o foi identificado"},"content":{"rendered":"<h4><strong><em>O corpo foi encontrado \u00e0s margens da BR-381 no dia 12 de setembro. O homem foi assassinado com quatro tiros e a pol\u00edcia suspeita que ele n\u00e3o seja da regi\u00e3o.<\/em><\/strong><\/h4>\n<div id=\"fb-root\"><\/div>\n<p>\t\t\t\t<script>(function(d, s, id) {\n\t\t\t\t  var js, fjs = d.getElementsByTagName(s)[0];\n\t\t\t\t  if (d.getElementById(id)) return;\n\t\t\t\t  js = d.createElement(s); js.id = id;\n\t\t\t\t  js.src = \"\/\/connect.facebook.net\/pt_BR\/sdk.js#xfbml=1&appId=691575364226355&version=v2.0\";\n\t\t\t\t  fjs.parentNode.insertBefore(js, fjs);\n\t\t\t\t}(document, 'script', 'facebook-jssdk'));<\/script><\/p>\n<div class=\"fb-like\" data-href=\"https:\/\/www.facebook.com\/aconteceunovale\" data-layout=\"button_count\" data-action=\"like\" data-show-faces=\"true\" data-share=\"true\"><\/div>\n<p><\/br><\/p>\n<p>A Pol\u00edcia Civil de Governador Valadares trabalha na identifica\u00e7\u00e3o do corpo de um homem que foi encontrado \u00e0s margens da BR-381, no munic\u00edpio de Periquito, no dia 12 de setembro. O corpo, que est\u00e1 no Posto de Per\u00edcia Integrada (PPI), apresenta ter entre 45 e 50 anos. A pol\u00edcia acredita que o homem seja de outra cidade. <\/p>\n<p>De acordo com o delegado de homic\u00eddios, Gean Vitor Fanti, respons\u00e1vel pelo caso, o corpo foi encontrado \u00e0s margens da rodovia, no km 188. \u201cDe imediato foi feito o trabalho de praxe, sendo ele o de necropsia, o que se constatou no laudo que esse corpo foi v\u00edtima de quatro disparos de arma de fogo, sendo tr\u00eas na regi\u00e3o da cabe\u00e7a e um na regi\u00e3o do ombro\u201d, disse, acrescentando que a v\u00edtima estava vestida com bermuda azul acinzentada, camisa verde de malha, cueca cinza, pulseira met\u00e1lica prateada e dourada no pulso direito e rel\u00f3gio no pulso esquerdo. O delegado disse que o corpo tem aproximadamente 1,71, tem os dentes naturais, \u00e9 moreno claro, olhos castanhos, est\u00e1 de barba e bigode aparados. \u201cEle estava descal\u00e7o e foi encontrado ca\u00eddo na posi\u00e7\u00e3o dec\u00fabito ventral, ou seja, de barriga para baixo. As evid\u00eancias e vest\u00edgios relacionados ao fato d\u00e3o conta de que no local a v\u00edtima foi colocada de joelhos e ficou com as m\u00e3os juntas e pr\u00f3ximas ao rosto. Recebeu o primeiro disparo de arma de fogo na regi\u00e3o da nuca, vindo a cair no ch\u00e3o de barriga para baixo. Em seguida, o autor realizou mais disparos na regi\u00e3o da cabe\u00e7a e um que acertou o ombro\u201d, informou.<\/p>\n<p><img decoding=\"async\" src=\"http:\/\/aconteceunovale.com.br\/portal\/wp-content\/uploads\/2014\/11\/corpo_encontrado_gv.jpg\" alt=\"\" \/><em>Delegado Gean Fanti pede ajuda a popula\u00e7\u00e3o para identificar a v\u00edtima &#8211; Foto: Ant\u00f4nio Cota\/DRD<\/em><br \/>\n<\/br><\/p>\n<h4>Dificuldade<\/h4>\n<p>Gean Vitor Fanti destacou que eles est\u00e3o tendo dificuldade em identificar essa pessoa. \u201cV\u00e1rias dilig\u00eancias foram empreendidas nesse sentido, por\u00e9m, at\u00e9 agora n\u00e3o logramos \u00eaxito. Em se tratando de homic\u00eddio, a boa cartilha investigativa nos ensina que enquanto n\u00e3o se identifica a v\u00edtima as investiga\u00e7\u00f5es muito dificilmente progridem, pois s\u00f3 a partir da identifica\u00e7\u00e3o a gente consegue identificar sua vida pregressa, desafetos e motivos pelos quais algu\u00e9m teria interesse em sua morte. E s\u00f3 a\u00ed conseguir\u00edamos indicar a autoria do caso.\u201d<\/p>\n<p>O delegado ressaltou que trabalha com a hip\u00f3tese de essa pessoa morta n\u00e3o ser de Valadares. \u201cJ\u00e1 fizemos v\u00e1rias dilig\u00eancias aqui na cidade, em Periquito e nos distritos vizinhos, mas ningu\u00e9m deu conta da identifica\u00e7\u00e3o desse corpo. Inclusive, o mesmo se encontra no necrot\u00e9rio de Governador Valadares; j\u00e1 solicitamos a coleta das digitais tamb\u00e9m, al\u00e9m de material gen\u00e9tico. Solicitamos que caso algu\u00e9m tenha alguma informa\u00e7\u00e3o sobre a identidade desse corpo que entre em contato com a delegacia de homic\u00eddio. Caso tenha medo de falar e sabe alguma coisa sobre a autoria desse crime, ligue no 181, 197 ou mesmo no 190. O sigilo da fonte ser\u00e1 mantido\u201d, concluiu Fanti.<\/p>\n<p><em><strong>(Di\u00e1rio do Rio Doce)<\/strong><\/em><\/p>\n","protected":false},"excerpt":{"rendered":"<p>O corpo foi encontrado \u00e0s margens da BR-381 no dia 12 de setembro. O homem foi assassinado com quatro tiros e a pol\u00edcia suspeita que ele n\u00e3o seja da regi\u00e3o. A Pol\u00edcia Civil de Governador Valadares trabalha na identifica\u00e7\u00e3o do corpo de um homem que foi encontrado \u00e0s margens da BR-381, no munic\u00edpio de Periquito, [&hellip;]<\/p>\n","protected":false},"author":1,"featured_media":44576,"comment_status":"open","ping_status":"closed","sticky":false,"template":"","format":"standard","meta":{"amp_status":"","footnotes":""},"categories":[121],"tags":[22018,247,1670],"class_list":["post-44575","post","type-post","status-publish","format-standard","has-post-thumbnail","hentry","category-leste","tag-corpo-encontrado-as-margens-da-br-381-em-setembro-ainda-nao-foi-identificado","tag-governador-valadares","tag-periquito"],"_links":{"self":[{"href":"https:\/\/aconteceunovale.com.br\/portal\/index.php?rest_route=\/wp\/v2\/posts\/44575","targetHints":{"allow":["GET"]}}],"collection":[{"href":"https:\/\/aconteceunovale.com.br\/portal\/index.php?rest_route=\/wp\/v2\/posts"}],"about":[{"href":"https:\/\/aconteceunovale.com.br\/portal\/index.php?rest_route=\/wp\/v2\/types\/post"}],"author":[{"embeddable":true,"href":"https:\/\/aconteceunovale.com.br\/portal\/index.php?rest_route=\/wp\/v2\/users\/1"}],"replies":[{"embeddable":true,"href":"https:\/\/aconteceunovale.com.br\/portal\/index.php?rest_route=%2Fwp%2Fv2%2Fcomments&post=44575"}],"version-history":[{"count":0,"href":"https:\/\/aconteceunovale.com.br\/portal\/index.php?rest_route=\/wp\/v2\/posts\/44575\/revisions"}],"wp:featuredmedia":[{"embeddable":true,"href":"https:\/\/aconteceunovale.com.br\/portal\/index.php?rest_route=\/wp\/v2\/media\/44576"}],"wp:attachment":[{"href":"https:\/\/aconteceunovale.com.br\/portal\/index.php?rest_route=%2Fwp%2Fv2%2Fmedia&parent=44575"}],"wp:term":[{"taxonomy":"category","embeddable":true,"href":"https:\/\/aconteceunovale.com.br\/portal\/index.php?rest_route=%2Fwp%2Fv2%2Fcategories&post=44575"},{"taxonomy":"post_tag","embeddable":true,"href":"https:\/\/aconteceunovale.com.br\/portal\/index.php?rest_route=%2Fwp%2Fv2%2Ftags&post=44575"}],"curies":[{"name":"wp","href":"https:\/\/api.w.org\/{rel}","templated":true}]}}