{"id":44571,"date":"2014-11-05T19:44:07","date_gmt":"2014-11-05T22:44:07","guid":{"rendered":"http:\/\/aconteceunovale.com.br\/portal\/?p=44571"},"modified":"2014-11-05T20:30:55","modified_gmt":"2014-11-05T23:30:55","slug":"ocorrencias-em-destaque-nos-vales-do-jequitinhonha-rio-doce-e-mucuri-05-de-novembro-de-2014","status":"publish","type":"post","link":"https:\/\/aconteceunovale.com.br\/portal\/?p=44571","title":{"rendered":"Ocorr\u00eancias em destaque nos Vales do Jequitinhonha, Rio Doce e Mucuri &#8211; 05 de novembro de 2014"},"content":{"rendered":"<h4><strong>Jovem cai de moto e \u00e9 preso com drogas em Almenara<\/strong><\/h4>\n<div id=\"fb-root\"><\/div>\n<p>\t\t\t\t<script>(function(d, s, id) {\n\t\t\t\t  var js, fjs = d.getElementsByTagName(s)[0];\n\t\t\t\t  if (d.getElementById(id)) return;\n\t\t\t\t  js = d.createElement(s); js.id = id;\n\t\t\t\t  js.src = \"\/\/connect.facebook.net\/pt_BR\/sdk.js#xfbml=1&appId=691575364226355&version=v2.0\";\n\t\t\t\t  fjs.parentNode.insertBefore(js, fjs);\n\t\t\t\t}(document, 'script', 'facebook-jssdk'));<\/script><\/p>\n<div class=\"fb-like\" data-href=\"https:\/\/www.facebook.com\/aconteceunovale\" data-layout=\"button_count\" data-action=\"like\" data-show-faces=\"true\" data-share=\"true\"><\/div>\n<p><\/br><\/p>\n<p>Um rapaz de 19 anos foi preso na tarde desta quarta-feira, 5 de novembro, ap\u00f3s cair de moto na Rua Bias Fortes, em Almenara, no Vale do Jequitinhonha. De acordo com a Pol\u00edcia Militar, durante patrulhamento na referida rua, o autor F.J.F.G, ao perceber a presen\u00e7a da viatura tentou esconder um objeto embaixo da blusa, e logo em seguia, empreendeu fuga em alta velocidade. <\/p>\n<p>Ele foi acompanhado pela guarni\u00e7\u00e3o, e em determinado momento, perdeu o controle direcional e caiu. Ainda segundo a PM, F.J.F.G jogou um embrulho em um terreno baldio e  tentou fugir a p\u00e9, mas foi alcan\u00e7ado. Ap\u00f3s prenderem o autor, os militares localizaram um inv\u00f3lucro contendo tr\u00eas tabletes de maconha.<\/p>\n<p>O jovem foi conduzido ao Hospital Deraldo Guimar\u00e3es para atendimento m\u00e9dico e posteriormente \u00e0 Delegacia de Almenara para demais provid\u00eancias.<br \/>\n<\/br><\/p>\n<h4><strong>Dois jovens s\u00e3o v\u00edtimas de tentativa de homic\u00eddio em Te\u00f3filo Otoni<\/strong><\/h4>\n<div id=\"fb-root\"><\/div>\n<p>\t\t\t\t<script>(function(d, s, id) {\n\t\t\t\t  var js, fjs = d.getElementsByTagName(s)[0];\n\t\t\t\t  if (d.getElementById(id)) return;\n\t\t\t\t  js = d.createElement(s); js.id = id;\n\t\t\t\t  js.src = \"\/\/connect.facebook.net\/pt_BR\/sdk.js#xfbml=1&appId=691575364226355&version=v2.0\";\n\t\t\t\t  fjs.parentNode.insertBefore(js, fjs);\n\t\t\t\t}(document, 'script', 'facebook-jssdk'));<\/script><\/p>\n<div class=\"fb-like\" data-href=\"https:\/\/www.facebook.com\/aconteceunovale\" data-layout=\"button_count\" data-action=\"like\" data-show-faces=\"true\" data-share=\"true\"><\/div>\n<p><\/br><\/p>\n<p>Uma rapaz de 18 anos e um adolescente de 14 ficaram feridos em uma tentativa de homic\u00eddio, na noite de ter\u00e7a-feira, 4 de novembro, no Bairro Manoel Pimenta, em Te\u00f3filo Otoni. De acordo com Pol\u00edcia Militar, as v\u00edtimas andavam pela rua Deolinda Ana Junger, quando quatro homens apareceram em um carro, e um deles come\u00e7ou a atirar. L.F.P.L, de 18 anos foi atingido na m\u00e3o. J\u00e1 o adolescente D.P.B conseguiu fugir dos tiros, mas caiu e fraturou a perna.<\/p>\n<p>As v\u00edtimas foram encaminhadas para uma Unidade de Pronto Atendimento da cidade. No local do crime, a PM encontrou  dois cartuchos. Os militares realizaram rastreamento, mas at\u00e9 o momento ningu\u00e9m foi preso.<br \/>\n<\/br><\/p>\n<h4><strong>Homem \u00e9 preso por recepta\u00e7\u00e3o de ve\u00edculo em Itaobim<\/strong><\/h4>\n<div id=\"fb-root\"><\/div>\n<p>\t\t\t\t<script>(function(d, s, id) {\n\t\t\t\t  var js, fjs = d.getElementsByTagName(s)[0];\n\t\t\t\t  if (d.getElementById(id)) return;\n\t\t\t\t  js = d.createElement(s); js.id = id;\n\t\t\t\t  js.src = \"\/\/connect.facebook.net\/pt_BR\/sdk.js#xfbml=1&appId=691575364226355&version=v2.0\";\n\t\t\t\t  fjs.parentNode.insertBefore(js, fjs);\n\t\t\t\t}(document, 'script', 'facebook-jssdk'));<\/script><\/p>\n<div class=\"fb-like\" data-href=\"https:\/\/www.facebook.com\/aconteceunovale\" data-layout=\"button_count\" data-action=\"like\" data-show-faces=\"true\" data-share=\"true\"><\/div>\n<p><\/br><\/p>\n<p>Um homem de 23 anos foi preso na tarde de ter\u00e7a-feira, 4 de novembro, por recepta\u00e7\u00e3o de uma motocicleta om queixa de furto\/roubo, em Itaobim, no Vale do Jequitinhonha. Ap\u00f3s den\u00fancia an\u00f4nima, policiais militares deslocaram at\u00e9 a comunidade C\u00f3rrego de areia, onde localizaram a motocicleta Yamaha Factor YBR, placa ECG-8591, de Cajati\/SP. O autor M.C.C relatou que teria comprado o ve\u00edculo de um caminhoneiro por R$ 1400,00, mas n\u00e3o apresentou nota fiscal. O receptor foi preso e encaminhado \u00e0 Delegacia de Plant\u00e3o para demais provid\u00eancias.<br \/>\n<\/br><\/p>\n<h4><strong>Bandidos assaltam caminh\u00e3o de bebidas e levam R$ 7500 em Santana do Para\u00edso<\/strong><\/h4>\n<div id=\"fb-root\"><\/div>\n<p>\t\t\t\t<script>(function(d, s, id) {\n\t\t\t\t  var js, fjs = d.getElementsByTagName(s)[0];\n\t\t\t\t  if (d.getElementById(id)) return;\n\t\t\t\t  js = d.createElement(s); js.id = id;\n\t\t\t\t  js.src = \"\/\/connect.facebook.net\/pt_BR\/sdk.js#xfbml=1&appId=691575364226355&version=v2.0\";\n\t\t\t\t  fjs.parentNode.insertBefore(js, fjs);\n\t\t\t\t}(document, 'script', 'facebook-jssdk'));<\/script><\/p>\n<div class=\"fb-like\" data-href=\"https:\/\/www.facebook.com\/aconteceunovale\" data-layout=\"button_count\" data-action=\"like\" data-show-faces=\"true\" data-share=\"true\"><\/div>\n<p><\/br><\/p>\n<p>O caminh\u00e3o de uma distribuidora de bebidas foi alvo de criminosos armados na noite de ter\u00e7a-feira, 4 de novembro, na MG-232, na altura do Morro Chico Lucas, em Santana do Para\u00edso, no Vale do A\u00e7o. <\/p>\n<p>De acordo com os dois funcion\u00e1rios da empresa Mega Giro Distribuidoras de Bebidas, que estavam no caminh\u00e3o, os bandidos aproveitaram que o ve\u00edculo transitava em baixa velocidade e anunciaram o assalto. Os suspeitos atravessaram na frente do ve\u00edculo e mandaram os funcion\u00e1rios descer. Eles roubaram um celular, a chave do ve\u00edculo, R$ 7500,00 que estava no cofre, boleto banc\u00e1rio e nota promiss\u00f3ria.<\/p>\n<p>Segundo as v\u00edtimas, os bandidos utilizaram uma marreta para arrancar o cofre do ve\u00edculo que fica debaixo do banco do carona. As v\u00edtimas informaram tamb\u00e9m que ap\u00f3s o assalto, os criminosos fugiram a p\u00e9. A pol\u00edcia realizou rastreamento, mas at\u00e9 o momento ningu\u00e9m foi preso.<br \/>\n<\/br><\/p>\n<h4><strong>Adolescente \u00e9 baleado no bairro Bela Vista em Tim\u00f3teo<\/strong><\/h4>\n<div id=\"fb-root\"><\/div>\n<p>\t\t\t\t<script>(function(d, s, id) {\n\t\t\t\t  var js, fjs = d.getElementsByTagName(s)[0];\n\t\t\t\t  if (d.getElementById(id)) return;\n\t\t\t\t  js = d.createElement(s); js.id = id;\n\t\t\t\t  js.src = \"\/\/connect.facebook.net\/pt_BR\/sdk.js#xfbml=1&appId=691575364226355&version=v2.0\";\n\t\t\t\t  fjs.parentNode.insertBefore(js, fjs);\n\t\t\t\t}(document, 'script', 'facebook-jssdk'));<\/script><\/p>\n<div class=\"fb-like\" data-href=\"https:\/\/www.facebook.com\/aconteceunovale\" data-layout=\"button_count\" data-action=\"like\" data-show-faces=\"true\" data-share=\"true\"><\/div>\n<p><\/br><\/p>\n<p>Um adolescente de 16 anos foi v\u00edtima de uma tentativa de homic\u00eddio da tarde de ter\u00e7a-feira, 4 de novembro, no Bairro Bela Vista, em Tim\u00f3teo, no Leste de Minas Gerais. De acordo com a Pol\u00edcia Militar, dois homens armados passaram de moto e efetuaram quatro disparos que atingiram o menor.<\/p>\n<p>Ap\u00f3s os tiros, a v\u00edtima conseguiu correr para pedir socorro e caiu em frente ao port\u00e3o de uma casa. De acordo com a PM, o menor tem passagens por porte ilegal de armas, tr\u00e1fico de drogas e assaltos. Ele foi encaminhado ao hospital Vital Brasil, onde passou por cirurgia e permanece internado. O estado de sa\u00fade \u00e9 est\u00e1vel.<br \/>\n<\/br><\/p>\n<h4><strong>Ve\u00edculo roubado \u00e9 localizado na zona rural de Jequitinhonha<\/strong><\/h4>\n<div id=\"fb-root\"><\/div>\n<p>\t\t\t\t<script>(function(d, s, id) {\n\t\t\t\t  var js, fjs = d.getElementsByTagName(s)[0];\n\t\t\t\t  if (d.getElementById(id)) return;\n\t\t\t\t  js = d.createElement(s); js.id = id;\n\t\t\t\t  js.src = \"\/\/connect.facebook.net\/pt_BR\/sdk.js#xfbml=1&appId=691575364226355&version=v2.0\";\n\t\t\t\t  fjs.parentNode.insertBefore(js, fjs);\n\t\t\t\t}(document, 'script', 'facebook-jssdk'));<\/script><\/p>\n<div class=\"fb-like\" data-href=\"https:\/\/www.facebook.com\/aconteceunovale\" data-layout=\"button_count\" data-action=\"like\" data-show-faces=\"true\" data-share=\"true\"><\/div>\n<p><\/br><\/p>\n<p>Um ve\u00edculo roubado foi localizado na tarde de ter\u00e7a-feira, 4 de novembro, na regi\u00e3o do assentamento Campo Novo, na zona rural de Jequitinhonha, no Vale do Jequitinhonha. De acordo com a Pol\u00edcia Militar, o ve\u00edculo VW Gol, de cor preta, placa GXA-8940, de Jacinto\/MG, estava em um matagal. Ainda segundo a PM, o ve\u00edculo foi roubado na Fazenda Sapucaia, no mesmo munic\u00edpio, no dia 23 de setembro.<br \/>\n<\/br><\/p>\n<h4><strong>Homem \u00e9 assassinado na cal\u00e7ada de casa em Itanhomi<\/strong><\/h4>\n<div id=\"fb-root\"><\/div>\n<p>\t\t\t\t<script>(function(d, s, id) {\n\t\t\t\t  var js, fjs = d.getElementsByTagName(s)[0];\n\t\t\t\t  if (d.getElementById(id)) return;\n\t\t\t\t  js = d.createElement(s); js.id = id;\n\t\t\t\t  js.src = \"\/\/connect.facebook.net\/pt_BR\/sdk.js#xfbml=1&appId=691575364226355&version=v2.0\";\n\t\t\t\t  fjs.parentNode.insertBefore(js, fjs);\n\t\t\t\t}(document, 'script', 'facebook-jssdk'));<\/script><\/p>\n<div class=\"fb-like\" data-href=\"https:\/\/www.facebook.com\/aconteceunovale\" data-layout=\"button_count\" data-action=\"like\" data-show-faces=\"true\" data-share=\"true\"><\/div>\n<p><\/br><\/p>\n<p>Um homem de 33 anos foi assassinado na noite desta ter\u00e7a-feira (03) no bairro Cohab em Itanhomi, no Vale do Rio Doce. Segundo a Pol\u00edcia Militar, o homem estava na cal\u00e7ada de casa, quando o suspeito chegou e perguntou se ele teria amea\u00e7ado a fam\u00edlia dele. Ele negou ter feito amea\u00e7as e foi atingido por quatro tiros.<\/p>\n<p>A mulher da v\u00edtima disse aos militares que estava na porta da casa com o marido quando o autor chegou e ordenou que ela entrasse. Minutos depois ouviu os disparos. Ao sair, j\u00e1 encontrou o marido ca\u00eddo na cal\u00e7ada.<\/p>\n<p>A per\u00edcia esteve no local e constatou que a v\u00edtima foi atingida na cabe\u00e7a e no t\u00f3rax. O corpo do homem foi encaminhado para o Instituto M\u00e9dico Legal de Governador Valadares. Segundo a PM, a v\u00edtima tinha passagens por furto e roubo. At\u00e9 o momento ningu\u00e9m foi preso.<br \/>\n<\/br><\/p>\n<h4><strong>Homem armado rende tr\u00eas motoristas para viajar de Tim\u00f3teo a Ipatinga<\/strong><\/h4>\n<div id=\"fb-root\"><\/div>\n<p>\t\t\t\t<script>(function(d, s, id) {\n\t\t\t\t  var js, fjs = d.getElementsByTagName(s)[0];\n\t\t\t\t  if (d.getElementById(id)) return;\n\t\t\t\t  js = d.createElement(s); js.id = id;\n\t\t\t\t  js.src = \"\/\/connect.facebook.net\/pt_BR\/sdk.js#xfbml=1&appId=691575364226355&version=v2.0\";\n\t\t\t\t  fjs.parentNode.insertBefore(js, fjs);\n\t\t\t\t}(document, 'script', 'facebook-jssdk'));<\/script><\/p>\n<div class=\"fb-like\" data-href=\"https:\/\/www.facebook.com\/aconteceunovale\" data-layout=\"button_count\" data-action=\"like\" data-show-faces=\"true\" data-share=\"true\"><\/div>\n<p><\/br><\/p>\n<p>Um homem de 28 anos foi preso ap\u00f3s render tr\u00eas motoristas no Leste de Minas Gerais. Segundo as v\u00edtimas ele estava armado.<\/p>\n<p>A a\u00e7\u00e3o come\u00e7ou em um ponto de motot\u00e1xi, no Centro de Tim\u00f3teo. De acordo com a Pol\u00edcia Militar, o suspeito pediu uma corrida at\u00e9 Ipatinga. No caminho, ele apontou uma arma para o mototaxista e ordenou que ele entregasse o ve\u00edculo. O criminoso tentou sair com a moto, mas n\u00e3o conseguiu. Em seguida, atirou tr\u00eas vezes contra a v\u00edtima, sem atingi-la.<\/p>\n<p>Minutos depois o assaltante rendeu um caminhoneiro que seguia sentido Ipatinga e roubou o ve\u00edculo. O suspeito atravessou o caminh\u00e3o na pista e abordou outro motorista de um carro de passeio. Segundo a PM, ele ordenou que a v\u00edtima o deixasse no Bairro Bom Retiro e em seguida fugiu.<\/p>\n<p>A PM conseguiu prender o suspeito que foi encontrado em casa no Bairro Vila Celeste em Ipatinga. No local, os policiais encontraram uma r\u00e9plica de arma de fogo e muni\u00e7\u00e3o. O homem foi encaminhado \u00e0 delegacia.<br \/>\n<\/br><\/p>\n<h4><strong>Jovem de 20 anos sofre tentativa de homic\u00eddio no bairro Macuco em Tim\u00f3teo<\/strong><\/h4>\n<div id=\"fb-root\"><\/div>\n<p>\t\t\t\t<script>(function(d, s, id) {\n\t\t\t\t  var js, fjs = d.getElementsByTagName(s)[0];\n\t\t\t\t  if (d.getElementById(id)) return;\n\t\t\t\t  js = d.createElement(s); js.id = id;\n\t\t\t\t  js.src = \"\/\/connect.facebook.net\/pt_BR\/sdk.js#xfbml=1&appId=691575364226355&version=v2.0\";\n\t\t\t\t  fjs.parentNode.insertBefore(js, fjs);\n\t\t\t\t}(document, 'script', 'facebook-jssdk'));<\/script><\/p>\n<div class=\"fb-like\" data-href=\"https:\/\/www.facebook.com\/aconteceunovale\" data-layout=\"button_count\" data-action=\"like\" data-show-faces=\"true\" data-share=\"true\"><\/div>\n<p><\/br><\/p>\n<p>Um jovem de 20 anos sofreu uma tentativa de homic\u00eddio na noite desta segunda-feira (03), no bairro Macuco, em Tim\u00f3teo (MG). A v\u00edtima estava sentada na porta de casa, quando um menor de 14 anos chegou atirando. O tiro acertou a porta de vidro de uma padaria.<\/p>\n<p>Ap\u00f3s o disparo, eles entraram em luta corporal e o rapaz de 20 anos conseguiu tomar o rev\u00f3lver do adolescente. Durante a confus\u00e3o, a arma foi acionada outras quatro vezes, mas n\u00e3o disparou.<\/p>\n<p>A v\u00edtima disse que vem tendo desentendimento com o menor h\u00e1 algum tempo, por causa de um homic\u00eddio de um amigo do adolescente, ocorrido no m\u00eas de setembro. Ele negou ter qualquer envolvimento com o crime.<\/p>\n<p>No local, a pol\u00edcia recolheu a arma que estava carregada com tr\u00eas muni\u00e7\u00f5es. O menor foi apreendido e conduzido para a delegacia.<br \/>\n<\/br><\/p>\n<h4><strong>T\u00e1tico M\u00f3vel apreende pistola na zona sul de Te\u00f3filo Otoni<\/strong><\/h4>\n<p>Durante opera\u00e7\u00e3o de desarmamento realizada na regi\u00e3o da Vila Jacar\u00e9, \u00e1rea sul da cidade, militares do GEPMOR apreenderam uma pistola, sendo que duas pessoas foram presas e encaminhadas a delegacia de Pol\u00edcia Civil acusadas de envolvimento com a arma de fogo. A ocorr\u00eancia foi registrada no in\u00edcio da tarde de ter\u00e7a-feira (04).<br \/>\n<\/br><\/p>\n<h4><strong>Pol\u00edcia Militar apreende drogas em Rubim<\/strong><\/h4>\n<p>Durante opera\u00e7\u00e3o anti-drogas nesta segunda-feira (03), um suspeito foi avistado pr\u00f3ximo a resid\u00eancia onde mora, e, ao perceber a aproxima\u00e7\u00e3o dos militares ele retirou uma sacola de perto de uma arvore e colocou dentro de um monte de entulho voltando pra dentro de sua casa de forma bem r\u00e1pida. Os policiais arrecadaram a sacola e dentro dela havia 26 buchas de maconha pesando ao todo cerca de 700 gramas. O material foi apreendido e levado a delegacia. Os trabalhos foram desenvolvidos pela equipe dos sargentos Wanderson, Washington e o soldado Rodrigo.<br \/>\n<\/br><\/p>\n<p><strong><em>(Fonte: Pol\u00edcia Militar \/ Inter TV dos Vales)<\/em><\/strong><\/p>\n","protected":false},"excerpt":{"rendered":"<p>Jovem cai de moto e \u00e9 preso com drogas em Almenara Um rapaz de 19 anos foi preso na tarde desta quarta-feira, 5 de novembro, ap\u00f3s cair de moto na Rua Bias Fortes, em Almenara, no Vale do Jequitinhonha. De acordo com a Pol\u00edcia Militar, durante patrulhamento na referida rua, o autor F.J.F.G, ao perceber [&hellip;]<\/p>\n","protected":false},"author":1,"featured_media":42404,"comment_status":"open","ping_status":"closed","sticky":false,"template":"","format":"standard","meta":{"amp_status":"","footnotes":""},"categories":[120],"tags":[22007,142,22006,22004,22014,22002,1524,21998,21999,21997,247,22012,22011,22001,201,297,391,21996,22013,22008,22009,22000,22003,22005,22015,22017,407,2101,22016,164,1105,206030,22010],"class_list":["post-44571","post","type-post","status-publish","format-standard","has-post-thumbnail","hentry","category-jequi","tag-adolescente-e-baleado-no-bairro-bela-vista-em-timoteo","tag-almenara","tag-assalto-ao-caminhao-da-mega-giro-distribuidoras-de-bebidas","tag-bandidos-armados-assaltam-caminhao-de-bebidas-e-levam-r-7500-em-santana-do-paraiso","tag-bandidos-arrombam-loja-de-motocicletas-em-coronel-fabriciano","tag-cajati","tag-coronel-fabriciano","tag-dois-jovens-sao-vitimas-de-tentativa-de-homicidio-em-teofilo-otoni","tag-douglas-pedrosa-brito","tag-frank-junio-ferreira-goncalves","tag-governador-valadares","tag-homem-armado-rende-tres-motoristas-para-viajar-de-timoteo-a-ipatinga","tag-homem-e-assassinado-na-calcada-de-casa-em-itanhomi","tag-homem-e-preso-por-receptacao-de-veiculo-em-itaobim","tag-ipatinga","tag-itanhomi","tag-itaobim","tag-jovem-cai-de-moto-e-e-preso-com-drogas-em-almenara","tag-jovem-de-20-anos-sofre-tentativa-de-homicidio-no-bairro-macuco-em-timoteo","tag-julio-cesar-elizeu-marinho","tag-lucas-epifanio-araujo","tag-luiz-felipe-pereira-lopes","tag-mauricio-costa-carvalho","tag-mega-giro-distribuidoras-de-bebidas","tag-ocorrencias-em-destaque-nos-vales-do-jequitinhonha-rio-doce-e-mucuri-05-de-novembro-de-2014","tag-policia-militar-apreende-drogas-em-rubim","tag-rubim","tag-santana-do-paraiso","tag-tatico-movel-apreende-pistola-na-zona-sul-de-teofilo-otoni","tag-teofilo-otoni","tag-timoteo","tag-jequi","tag-veiculo-furtado-e-localizado-na-zona-rural-de-jequitinhonha"],"_links":{"self":[{"href":"https:\/\/aconteceunovale.com.br\/portal\/index.php?rest_route=\/wp\/v2\/posts\/44571","targetHints":{"allow":["GET"]}}],"collection":[{"href":"https:\/\/aconteceunovale.com.br\/portal\/index.php?rest_route=\/wp\/v2\/posts"}],"about":[{"href":"https:\/\/aconteceunovale.com.br\/portal\/index.php?rest_route=\/wp\/v2\/types\/post"}],"author":[{"embeddable":true,"href":"https:\/\/aconteceunovale.com.br\/portal\/index.php?rest_route=\/wp\/v2\/users\/1"}],"replies":[{"embeddable":true,"href":"https:\/\/aconteceunovale.com.br\/portal\/index.php?rest_route=%2Fwp%2Fv2%2Fcomments&post=44571"}],"version-history":[{"count":0,"href":"https:\/\/aconteceunovale.com.br\/portal\/index.php?rest_route=\/wp\/v2\/posts\/44571\/revisions"}],"wp:featuredmedia":[{"embeddable":true,"href":"https:\/\/aconteceunovale.com.br\/portal\/index.php?rest_route=\/wp\/v2\/media\/42404"}],"wp:attachment":[{"href":"https:\/\/aconteceunovale.com.br\/portal\/index.php?rest_route=%2Fwp%2Fv2%2Fmedia&parent=44571"}],"wp:term":[{"taxonomy":"category","embeddable":true,"href":"https:\/\/aconteceunovale.com.br\/portal\/index.php?rest_route=%2Fwp%2Fv2%2Fcategories&post=44571"},{"taxonomy":"post_tag","embeddable":true,"href":"https:\/\/aconteceunovale.com.br\/portal\/index.php?rest_route=%2Fwp%2Fv2%2Ftags&post=44571"}],"curies":[{"name":"wp","href":"https:\/\/api.w.org\/{rel}","templated":true}]}}