{"id":44568,"date":"2014-11-05T18:38:38","date_gmt":"2014-11-05T21:38:38","guid":{"rendered":"http:\/\/aconteceunovale.com.br\/portal\/?p=44568"},"modified":"2014-11-05T18:38:38","modified_gmt":"2014-11-05T21:38:38","slug":"ocorrencias-em-destaque-no-norte-de-minas-gerais-05-de-novembro-de-2014","status":"publish","type":"post","link":"https:\/\/aconteceunovale.com.br\/portal\/?p=44568","title":{"rendered":"Ocorr\u00eancias em destaque no Norte de Minas Gerais \u2013 05 de novembro de 2014"},"content":{"rendered":"<h4><strong>Motocicleta furtada \u00e9 encontrada e autores presos em Montezuma<\/strong><\/h4>\n<div id=\"fb-root\"><\/div>\n<p>\t\t\t\t<script>(function(d, s, id) {\n\t\t\t\t  var js, fjs = d.getElementsByTagName(s)[0];\n\t\t\t\t  if (d.getElementById(id)) return;\n\t\t\t\t  js = d.createElement(s); js.id = id;\n\t\t\t\t  js.src = \"\/\/connect.facebook.net\/pt_BR\/sdk.js#xfbml=1&appId=691575364226355&version=v2.0\";\n\t\t\t\t  fjs.parentNode.insertBefore(js, fjs);\n\t\t\t\t}(document, 'script', 'facebook-jssdk'));<\/script><\/p>\n<div class=\"fb-like\" data-href=\"https:\/\/www.facebook.com\/aconteceunovale\" data-layout=\"button_count\" data-action=\"like\" data-show-faces=\"true\" data-share=\"true\"><\/div>\n<p><\/br><\/p>\n<p>Uma motocicleta Honda CG 150 Titan, cor preta, ano 2007, placa EIE-1092 Montezuma\/MG, chassi 9C2KC08107T190668 foi encontrada em um matagal na fazenda Jambreiros, na zona rural de Montezuma. A motocicleta havia sido furtada no dia 27 de outubro de 2014. Durante dilig\u00eancias e levantamentos pela Pol\u00edcia Militar foram identificados e conduzidos \u00e0 delegacia de Rio Pardo de Minas os autores S.A.F.D, autor do furto e L.D, autor da recepta\u00e7\u00e3o. Um outro autor, C.G.N conseguiu evadir e n\u00e3o foi localizado. A motocicleta foi removida ao p\u00e1tio credenciado de Rio Pardo de Minas.<br \/>\n<\/br><\/p>\n<h4><strong>Pol\u00edcia procura por dupla que assaltou cinco pessoas em Porteirinha e Pai Pedro<\/strong><\/h4>\n<div id=\"fb-root\"><\/div>\n<p>\t\t\t\t<script>(function(d, s, id) {\n\t\t\t\t  var js, fjs = d.getElementsByTagName(s)[0];\n\t\t\t\t  if (d.getElementById(id)) return;\n\t\t\t\t  js = d.createElement(s); js.id = id;\n\t\t\t\t  js.src = \"\/\/connect.facebook.net\/pt_BR\/sdk.js#xfbml=1&appId=691575364226355&version=v2.0\";\n\t\t\t\t  fjs.parentNode.insertBefore(js, fjs);\n\t\t\t\t}(document, 'script', 'facebook-jssdk'));<\/script><\/p>\n<div class=\"fb-like\" data-href=\"https:\/\/www.facebook.com\/aconteceunovale\" data-layout=\"button_count\" data-action=\"like\" data-show-faces=\"true\" data-share=\"true\"><\/div>\n<p><\/br><\/p>\n<p>Cinco pessoas foram roubadas por uma dupla de assaltantes nesta ter\u00e7a-feira, 4 de novembro, em Porteirinha e Pai Pedro, no Norte de Minas. Os criminosos ainda n\u00e3o foram presos.<\/p>\n<p>O primeiro roubo foi na Fazenda Furad\u00e3o. Um homem de 41 anos e a filha dele foram rendidos pelos dois homens, que chegaram armados com um rev\u00f3lver e uma espingarda. Como as v\u00edtimas n\u00e3o tinham dinheiro, os criminosos levaram um capacete e uma corneta. Eles fugiram de moto.<\/p>\n<p>Quando os policiais militares faziam rastreamento para tentar localizar os assaltantes, receberam a informa\u00e7\u00e3o de que eles haviam roubado um casal, no Distrito de Tocandira. As v\u00edtimas foram abordadas em frente de casa. Como eles disseram que n\u00e3o tinham dinheiro, um dos bandidos deu coronhada na cabe\u00e7a mulher e fugiu com o capacete do homem. <\/p>\n<p>Ap\u00f3s o segundo assalto, a dupla entrou em uma casa vizinha e roubou tr\u00eas celulares. Ainda durante as buscas, a PM foi acionada por um homem que disse que estava trabalhando em uma fazenda na comunidade de Baix\u00e3o, quando foi surpreendido por dois homens armados. Eles levaram o um rel\u00f3gio e um celular da v\u00edtima.<br \/>\n<\/br><\/p>\n<h4><strong>Cinco suspeitos de assaltos s\u00e3o detidos em Montes Claros<\/strong><\/h4>\n<div id=\"fb-root\"><\/div>\n<p>\t\t\t\t<script>(function(d, s, id) {\n\t\t\t\t  var js, fjs = d.getElementsByTagName(s)[0];\n\t\t\t\t  if (d.getElementById(id)) return;\n\t\t\t\t  js = d.createElement(s); js.id = id;\n\t\t\t\t  js.src = \"\/\/connect.facebook.net\/pt_BR\/sdk.js#xfbml=1&appId=691575364226355&version=v2.0\";\n\t\t\t\t  fjs.parentNode.insertBefore(js, fjs);\n\t\t\t\t}(document, 'script', 'facebook-jssdk'));<\/script><\/p>\n<div class=\"fb-like\" data-href=\"https:\/\/www.facebook.com\/aconteceunovale\" data-layout=\"button_count\" data-action=\"like\" data-show-faces=\"true\" data-share=\"true\"><\/div>\n<p><\/br><\/p>\n<p>A Pol\u00edcia Militar prendeu nesta ter\u00e7a-feira (4) dois homens e apreendeu tr\u00eas menores suspeitos de envolvimento em v\u00e1rios assaltos em Montes Claros (MG). Os envolvidos foram levados para a delegacia da cidade.<\/p>\n<p>Cinco mulheres, que foram roubadas, reconheceram um rapaz de 18 anos como autor dos crimes. Duas das v\u00edtimas foram assaltadas em um com\u00e9rcio na Rua Pr\u00edncipe Regente, no Bairro Santa Rita. Segundo elas, o criminoso estava armado e fugiu levando dinheiro e um tablet.<\/p>\n<p>J\u00e1 as outras tr\u00eas mulheres, todas menores de idade, tiveram as bolsas e os celulares roubados. O rapaz foi preso enquanto fugia, logo ap\u00f3s cometer esse assalto.<br \/>\n<\/br><\/p>\n<h4><strong>Dois s\u00e3o detidos ap\u00f3s assalto em \u00f4nibus na regi\u00e3o do Village do Lago em Montes Claros<\/strong><\/h4>\n<div id=\"fb-root\"><\/div>\n<p>\t\t\t\t<script>(function(d, s, id) {\n\t\t\t\t  var js, fjs = d.getElementsByTagName(s)[0];\n\t\t\t\t  if (d.getElementById(id)) return;\n\t\t\t\t  js = d.createElement(s); js.id = id;\n\t\t\t\t  js.src = \"\/\/connect.facebook.net\/pt_BR\/sdk.js#xfbml=1&appId=691575364226355&version=v2.0\";\n\t\t\t\t  fjs.parentNode.insertBefore(js, fjs);\n\t\t\t\t}(document, 'script', 'facebook-jssdk'));<\/script><\/p>\n<div class=\"fb-like\" data-href=\"https:\/\/www.facebook.com\/aconteceunovale\" data-layout=\"button_count\" data-action=\"like\" data-show-faces=\"true\" data-share=\"true\"><\/div>\n<p><\/br><\/p>\n<p>Na regi\u00e3o do Village do Lago, em Montes Claros, um homem de 22 anos e um adolescente de 16 foram detidos ap\u00f3s um assalto em \u00f4nibus coletivo. Eles deram sinal para o motorista parar, entraram e, armados com facas, anunciaram o roubo. A dupla fugiu com o dinheiro que estava no caixa e dois celulares. Eles se esconderam em um matagal, mas foram localizados pela Pol\u00edcia Militar. Um terceiro participante do crime est\u00e1 sendo procurado.<br \/>\n<\/br><\/p>\n<h4><strong>Homem com mandado de pris\u00e3o em aberto \u00e9 preso em Taiobeiras<\/strong><\/h4>\n<div id=\"fb-root\"><\/div>\n<p>\t\t\t\t<script>(function(d, s, id) {\n\t\t\t\t  var js, fjs = d.getElementsByTagName(s)[0];\n\t\t\t\t  if (d.getElementById(id)) return;\n\t\t\t\t  js = d.createElement(s); js.id = id;\n\t\t\t\t  js.src = \"\/\/connect.facebook.net\/pt_BR\/sdk.js#xfbml=1&appId=691575364226355&version=v2.0\";\n\t\t\t\t  fjs.parentNode.insertBefore(js, fjs);\n\t\t\t\t}(document, 'script', 'facebook-jssdk'));<\/script><\/p>\n<div class=\"fb-like\" data-href=\"https:\/\/www.facebook.com\/aconteceunovale\" data-layout=\"button_count\" data-action=\"like\" data-show-faces=\"true\" data-share=\"true\"><\/div>\n<p><\/br><\/p>\n<p>Na manh\u00e3 do dia primeiro de novembro uma guarni\u00e7\u00e3o da Pol\u00edcia Militar, durante patrulhamento, deparou-se com alguns indiv\u00edduos que possuem passagens policiais em frente a um ponto comercial na Avenida S\u00e3o Jo\u00e3o do Para\u00edso, bairro Vila Formosa em Taiobeiras. Foi feita abordagem em todos os indiv\u00edduos e verificou-se que contra P.J.S havia um mandado de pris\u00e3o em aberto em que a v\u00edtima era sua esposa. Diante do exposto o homem foi preso e levado \u00e0 delegacia de pol\u00edcia.<br \/>\n<\/br><\/p>\n<h4><strong>Militar de folga ajuda a apreender menor em Montes Claros<\/strong><\/h4>\n<div id=\"fb-root\"><\/div>\n<p>\t\t\t\t<script>(function(d, s, id) {\n\t\t\t\t  var js, fjs = d.getElementsByTagName(s)[0];\n\t\t\t\t  if (d.getElementById(id)) return;\n\t\t\t\t  js = d.createElement(s); js.id = id;\n\t\t\t\t  js.src = \"\/\/connect.facebook.net\/pt_BR\/sdk.js#xfbml=1&appId=691575364226355&version=v2.0\";\n\t\t\t\t  fjs.parentNode.insertBefore(js, fjs);\n\t\t\t\t}(document, 'script', 'facebook-jssdk'));<\/script><\/p>\n<div class=\"fb-like\" data-href=\"https:\/\/www.facebook.com\/aconteceunovale\" data-layout=\"button_count\" data-action=\"like\" data-show-faces=\"true\" data-share=\"true\"><\/div>\n<p><\/br><\/p>\n<p>No Bairro Edgar Pereira, um militar que estava de folga conseguiu ajudar na apreens\u00e3o de um adolescente de 16 anos, que estava armado com uma faca e foi detido quando tentava assaltar duas garotas de 12 e 13, perto de uma escola. O policial acionou outros PM&#8217;s, que perseguiram e apreenderam o menor.<br \/>\n<\/br><\/p>\n<h4><strong>Dupla assalta lojas na Avenida Cula Mangabeira em Montes Claros<\/strong><\/h4>\n<div id=\"fb-root\"><\/div>\n<p>\t\t\t\t<script>(function(d, s, id) {\n\t\t\t\t  var js, fjs = d.getElementsByTagName(s)[0];\n\t\t\t\t  if (d.getElementById(id)) return;\n\t\t\t\t  js = d.createElement(s); js.id = id;\n\t\t\t\t  js.src = \"\/\/connect.facebook.net\/pt_BR\/sdk.js#xfbml=1&appId=691575364226355&version=v2.0\";\n\t\t\t\t  fjs.parentNode.insertBefore(js, fjs);\n\t\t\t\t}(document, 'script', 'facebook-jssdk'));<\/script><\/p>\n<div class=\"fb-like\" data-href=\"https:\/\/www.facebook.com\/aconteceunovale\" data-layout=\"button_count\" data-action=\"like\" data-show-faces=\"true\" data-share=\"true\"><\/div>\n<p><\/br><\/p>\n<p>Duas lojas da Avenida Cula Mangabeira foram assaltadas por um dupla de criminosos nesta segunda-feira (3), em Montes Claros (MG). Nos dois locais o circuito interno de c\u00e2meras flagrou toda a a\u00e7\u00e3o.<\/p>\n<p>O funcion\u00e1rio de uma das lojas, que vende bicicletas, diz que o assaltante entrou, apontou uma arma e anunciou o roubo. Com medo, ele prefere n\u00e3o ser identificado.<\/p>\n<p>As imagens do circuito de seguran\u00e7a mostram o criminoso entrando de capacete e com um rev\u00f3lver no local. Ele rende funcion\u00e1rios, vai em dire\u00e7\u00e3o ao caixa e foge levando o dinheiro. Em seguida, volta para ver se consegue mais alguma quantia, mas como n\u00e3o encontra, sai do estabelecimento e foge com um comparsa que o aguardava do lado de fora. A a\u00e7\u00e3o durou cerca de um minuto. Este n\u00e3o foi o primeiro assalto no com\u00e9rcio.<\/p>\n<p>&#8220;J\u00e1 aconteceu v\u00e1rias vezes, a gente fica com a expectativa de mais seguran\u00e7a&#8221;, fala outro funcion\u00e1rio que n\u00e3o quer ser identificado.<\/p>\n<p>Ap\u00f3s o primeiro assalto, a dupla invade uma loja de materiais de constru\u00e7\u00e3o. Nas imagens das c\u00e2meras \u00e9 poss\u00edvel ver quando os dois entram no local. Um deles sai e fica vigiando a porta, ao perceber que um funcion\u00e1rio estava ao telefone, ele faz amea\u00e7as. Enquanto isso, o comparsa dele pega o dinheiro que estava no caixa. Em seguida os dois fogem.<\/p>\n<p>&#8220;Eles pediam notas de 50 e de 100. Vim trabalhar com uma situa\u00e7\u00e3o desta correndo os riscos, n\u00e3o s\u00f3 a gente, mas os clientes tamb\u00e9m&#8221;, diz um funcion\u00e1rio que n\u00e3o quer ter o nome divulgado.  <\/p>\n<p>A Pol\u00edcia Militar disse que os suspeitos foram localizados e est\u00e3o sendo procurados.<br \/>\n<\/br><\/p>\n<h4><strong>Dois s\u00e3o presos tentando jogar droga e celulares dentro de pres\u00eddio de Montes Claros<\/strong><\/h4>\n<div id=\"fb-root\"><\/div>\n<p>\t\t\t\t<script>(function(d, s, id) {\n\t\t\t\t  var js, fjs = d.getElementsByTagName(s)[0];\n\t\t\t\t  if (d.getElementById(id)) return;\n\t\t\t\t  js = d.createElement(s); js.id = id;\n\t\t\t\t  js.src = \"\/\/connect.facebook.net\/pt_BR\/sdk.js#xfbml=1&appId=691575364226355&version=v2.0\";\n\t\t\t\t  fjs.parentNode.insertBefore(js, fjs);\n\t\t\t\t}(document, 'script', 'facebook-jssdk'));<\/script><\/p>\n<div class=\"fb-like\" data-href=\"https:\/\/www.facebook.com\/aconteceunovale\" data-layout=\"button_count\" data-action=\"like\" data-show-faces=\"true\" data-share=\"true\"><\/div>\n<p><\/br><\/p>\n<p>Dois homens foram presos em Montes Claros (MG) quando tentavam jogar celulares, chips telef\u00f4nicos e maconha dentro do Pres\u00eddio Regional. A droga estava escondida em peda\u00e7os de espuma.<\/p>\n<p>Um dos presos tem 20 anos e 40 passagens pela pol\u00edcia por crimes como assalto e tr\u00e1fico de drogas. Ele cumpria pris\u00e3o domiciliar. O outro, de 31, tamb\u00e9m j\u00e1 foi preso por quatro vezes.<\/p>\n<p>O sargento Gild\u00e1sio Mon\u00e7\u00e3o, da Pol\u00edcia Militar, explica que os dois foram flagrados por agentes da unidade prisional. Ao serem abordados, eles ainda tentaram fugir de moto. Os suspeitos foram levados para a delegacia em Montes Claros.<br \/>\n<\/br><\/p>\n<h4><strong>Homens atiram em rapaz e fogem em Montes Claros<\/strong><\/h4>\n<div id=\"fb-root\"><\/div>\n<p>\t\t\t\t<script>(function(d, s, id) {\n\t\t\t\t  var js, fjs = d.getElementsByTagName(s)[0];\n\t\t\t\t  if (d.getElementById(id)) return;\n\t\t\t\t  js = d.createElement(s); js.id = id;\n\t\t\t\t  js.src = \"\/\/connect.facebook.net\/pt_BR\/sdk.js#xfbml=1&appId=691575364226355&version=v2.0\";\n\t\t\t\t  fjs.parentNode.insertBefore(js, fjs);\n\t\t\t\t}(document, 'script', 'facebook-jssdk'));<\/script><\/p>\n<div class=\"fb-like\" data-href=\"https:\/\/www.facebook.com\/aconteceunovale\" data-layout=\"button_count\" data-action=\"like\" data-show-faces=\"true\" data-share=\"true\"><\/div>\n<p><\/br><\/p>\n<p>Um homem de 22 anos levou dois tiros nas pernas nesta segunda-feira (3), no Bairro Major Prates, em Montes Claros (MG). <\/p>\n<p>A Pol\u00edcia Militar recebeu den\u00fancias de que algumas pessoas passaram atirando na Rua No\u00e9 Luiz Soares. J\u00e1 no local, encontraram a v\u00edtima ferida. O rapaz contou que andava a p\u00e9 com o irm\u00e3o, quando dois homens que estavam em um carro dispararam v\u00e1rias vezes. Em seguida, eles fugiram em alta velocidade.<\/p>\n<p>A PM conseguiu localizar o ve\u00edculo usado na fuga na Rua Francisco Coutinho, no Bairro Augusta Mota. Ao fazer uma consulta com os dados da placa, os policias confirmaram que havia um boletim de ocorr\u00eancia registrando o furto do carro. Testemunhas disseram para os militares que os atiradores fugiram em outro ve\u00edculo, logo ap\u00f3s abandonar o primeiro.<\/p>\n<p>A v\u00edtima, que foi socorrida pelo Corpo de Bombeiros, n\u00e3o soube dizer quem atirou e nem qual seria a motiva\u00e7\u00e3o do crime.<\/p>\n<p>A PM teve informa\u00e7\u00f5es de que os criminosos atingiram tamb\u00e9m o vidro de um carro, mas a v\u00edtima n\u00e3o procurou pela pol\u00edcia.<br \/>\n<\/br><\/p>\n<h4><strong>Idosa de 82 anos \u00e9 assaltada ao sair de casa lot\u00e9rica em Mato Verde<\/strong><\/h4>\n<div id=\"fb-root\"><\/div>\n<p>\t\t\t\t<script>(function(d, s, id) {\n\t\t\t\t  var js, fjs = d.getElementsByTagName(s)[0];\n\t\t\t\t  if (d.getElementById(id)) return;\n\t\t\t\t  js = d.createElement(s); js.id = id;\n\t\t\t\t  js.src = \"\/\/connect.facebook.net\/pt_BR\/sdk.js#xfbml=1&appId=691575364226355&version=v2.0\";\n\t\t\t\t  fjs.parentNode.insertBefore(js, fjs);\n\t\t\t\t}(document, 'script', 'facebook-jssdk'));<\/script><\/p>\n<div class=\"fb-like\" data-href=\"https:\/\/www.facebook.com\/aconteceunovale\" data-layout=\"button_count\" data-action=\"like\" data-show-faces=\"true\" data-share=\"true\"><\/div>\n<p><\/br><\/p>\n<p>Uma idosa de 82 anos foi assaltada quando sa\u00eda de uma casa lot\u00e9rica na Rua M\u00e1rio dos Reis Silveira, no Bairro S\u00e3o Bento, em Mato Verde (MG), nesta segunda-feira (3).<\/p>\n<p>Segundo as informa\u00e7\u00f5es da Pol\u00edcia Militar, a mulher foi abordada por dois homens de moto. Um deles a agarrou pelo bra\u00e7o e puxou a bolsa dela. Ap\u00f3s levar socos e empurr\u00f5es, a idosa soltou a bolsa. Os assaltantes fugiram levando documentos e dinheiro.<\/p>\n<p>Com a ajuda de testemunhas um dos suspeitos foi localizado. A pol\u00edcia esteve na casa dele e encontrou a bolsa e uma carteira em um lote vago, atr\u00e1s do im\u00f3vel. Ao ser questionado, o criminoso disse que foi contratado por uma pessoa para lev\u00e1-lo at\u00e9 o local do assalto. No entanto, n\u00e3o soube informar para a PM quem seria esse homem. Disse tamb\u00e9m que ele fugiu pulando o muro e deixou os objetos roubados para tr\u00e1s.<\/p>\n<p>O suspeito foi preso e levado para a delegacia da cidade.<br \/>\n<\/br><\/p>\n<h4><strong>Suspeito de matar menor em abrigo confessa crime em Montes Claros<\/strong><\/h4>\n<div id=\"fb-root\"><\/div>\n<p>\t\t\t\t<script>(function(d, s, id) {\n\t\t\t\t  var js, fjs = d.getElementsByTagName(s)[0];\n\t\t\t\t  if (d.getElementById(id)) return;\n\t\t\t\t  js = d.createElement(s); js.id = id;\n\t\t\t\t  js.src = \"\/\/connect.facebook.net\/pt_BR\/sdk.js#xfbml=1&appId=691575364226355&version=v2.0\";\n\t\t\t\t  fjs.parentNode.insertBefore(js, fjs);\n\t\t\t\t}(document, 'script', 'facebook-jssdk'));<\/script><\/p>\n<div class=\"fb-like\" data-href=\"https:\/\/www.facebook.com\/aconteceunovale\" data-layout=\"button_count\" data-action=\"like\" data-show-faces=\"true\" data-share=\"true\"><\/div>\n<p><\/br><\/p>\n<p>O principal suspeito de matar um menor de 14 anos dentro de um centro de acolhimento de menores infratores em Montes Claros, norte de Minas, confessou, em depoimento \u00e0 Pol\u00edcia Civil, ter cometido o crime no dia 27 de outubro. Ele foi preso no in\u00edcio da noite de s\u00e1bado (1\u00ba) ap\u00f3s uma tentativa de homic\u00eddio, ocorrida no bairro Independ\u00eancia.<\/p>\n<p>Carlos Alberto Ara\u00fajo Antunes, de 18 anos, estava com a v\u00edtima no momento do crime. Durante buscas no bairro, a pol\u00edcia encontrou o suspeito acompanhado de outro menor de 14 anos que foi encaminhado ao Centro S\u00f3cio-educativo Nossa Senhora Aparecida (Cesensa). \u00c0 pol\u00edcia, Carlos Alberto teria dito ainda que o menor levado ao Cesenza tamb\u00e9m participou no assassinato do adolescente dentro do abrigo Bet\u00e2nia.<\/p>\n<p>Ap\u00f3s depoimento, ele foi encaminhado ao Pres\u00eddio Regional de Montes Claros.O menor baleado, permanece internado em estado est\u00e1vel.<br \/>\n<\/br><\/p>\n<h4><strong>Rapaz e adolescente s\u00e3o detidos por assaltos em Montes Claros<\/strong><\/h4>\n<div id=\"fb-root\"><\/div>\n<p>\t\t\t\t<script>(function(d, s, id) {\n\t\t\t\t  var js, fjs = d.getElementsByTagName(s)[0];\n\t\t\t\t  if (d.getElementById(id)) return;\n\t\t\t\t  js = d.createElement(s); js.id = id;\n\t\t\t\t  js.src = \"\/\/connect.facebook.net\/pt_BR\/sdk.js#xfbml=1&appId=691575364226355&version=v2.0\";\n\t\t\t\t  fjs.parentNode.insertBefore(js, fjs);\n\t\t\t\t}(document, 'script', 'facebook-jssdk'));<\/script><\/p>\n<div class=\"fb-like\" data-href=\"https:\/\/www.facebook.com\/aconteceunovale\" data-layout=\"button_count\" data-action=\"like\" data-show-faces=\"true\" data-share=\"true\"><\/div>\n<p><\/br><\/p>\n<p>Um rapaz de 18 anos e um menor de 15 foram detidos neste domingo (2) suspeitos de cometer assaltos em Montes Claros (MG). O adolescente tamb\u00e9m foi apreendido por ato infracional an\u00e1logo ao crime de tr\u00e1fico de drogas.<\/p>\n<p>A Pol\u00edcia Militar chegou at\u00e9 os dois depois de uma den\u00fancia an\u00f4nima de que uma moto roubada, na sexta (1\u00ba), estava sendo guardada em uma casa na Rua Fidelcino Santana, Bairro Vera Cruz.  No local, uma mulher de 41 anos permitiu a entrada da PM. Em um dos quartos do im\u00f3vel os policiais encontraram uma balan\u00e7a, 36 pedras de crack e um rev\u00f3lver. O menor assumiu ser o dono do material. A moto n\u00e3o foi localizada na casa.<\/p>\n<p>Enquanto a PM fazia a apreens\u00e3o do adolescente, outra equipe encontrou a motocicleta mencionada na den\u00fancia com um homem, que tem v\u00e1rias passagens pela pol\u00edcia, na Rua Eulidson Novaes, no mesmo bairro.  Ap\u00f3s serem levados para a delegacia, ele e o menor foram reconhecidos por um frentista como autores de um roubo a um posto de combust\u00edveis no domingo. Com eles foram apreendidos R$ 168.<\/p>\n<p>No momento em que a PM registrava o boletim de ocorr\u00eancia, outra v\u00edtima de assalto afirmou que teve a moto roubada no dia 30 de outubro pelo rapaz de 18 anos.<\/p>\n<p>O maior de idade e o menor foram encaminhados para a Pol\u00edcia Civil.<br \/>\n<\/br><\/p>\n<h4><strong>Idoso de 70 anos \u00e9 agredido a pauladas por vizinho de 27 em Montes Claros<\/strong><\/h4>\n<div id=\"fb-root\"><\/div>\n<p>\t\t\t\t<script>(function(d, s, id) {\n\t\t\t\t  var js, fjs = d.getElementsByTagName(s)[0];\n\t\t\t\t  if (d.getElementById(id)) return;\n\t\t\t\t  js = d.createElement(s); js.id = id;\n\t\t\t\t  js.src = \"\/\/connect.facebook.net\/pt_BR\/sdk.js#xfbml=1&appId=691575364226355&version=v2.0\";\n\t\t\t\t  fjs.parentNode.insertBefore(js, fjs);\n\t\t\t\t}(document, 'script', 'facebook-jssdk'));<\/script><\/p>\n<div class=\"fb-like\" data-href=\"https:\/\/www.facebook.com\/aconteceunovale\" data-layout=\"button_count\" data-action=\"like\" data-show-faces=\"true\" data-share=\"true\"><\/div>\n<p><\/br><\/p>\n<p>Um idoso de 70 anos foi encontrado ferido a pauladas na Avenida Djalma de Freitas, na Vila Castelo Branco, neste domingo (2), em Montes Claros (MG). O vizinho dele, principal suspeito do crime, foi preso. A v\u00edtima apresentava nove cortes profundos, les\u00f5es, hematomas nos olhos e um corte em uma das orelhas. <\/p>\n<p>Segundo as informa\u00e7\u00f5es da filha do idoso, de 29 anos, ela foi visit\u00e1-lo e o encontrou deitado na cama e ensanguentado. Ao ser questionado, o pai disse que o vizinho dele entrou no local ap\u00f3s arrombar o port\u00e3o da casa. O idoso escutou um barulho e quando foi ver o que era, foi surpreendido pelo homem, que o agrediu com um peda\u00e7o de madeira.<\/p>\n<p>A Pol\u00edcia Militar foi acionada pela filha da v\u00edtima e encontrou o suspeito, de 27 anos, em casa, dormindo. Na casa dele a PM apreendeu um machado com o cabo sujo de sangue, al\u00e9m de um peda\u00e7o de madeira que tamb\u00e9m foi utilizado para cometer as agress\u00f5es. Ele foi encaminhado para a delegacia.<\/p>\n<p>De acordo com a PM, o homem j\u00e1 tem passagens por crimes contra o patrim\u00f4nio. Ele precisou ser retirado do local, pois os vizinhos queriam linch\u00e1-lo.<\/p>\n<p>O idoso foi socorrido por uma equipe do Samu e levado para um hospital da cidade.<br \/>\n<\/br><\/p>\n<h4><strong>Adolescente de 15 anos \u00e9 atingido por cinco tiros em Montes Claros<\/strong><\/h4>\n<div id=\"fb-root\"><\/div>\n<p>\t\t\t\t<script>(function(d, s, id) {\n\t\t\t\t  var js, fjs = d.getElementsByTagName(s)[0];\n\t\t\t\t  if (d.getElementById(id)) return;\n\t\t\t\t  js = d.createElement(s); js.id = id;\n\t\t\t\t  js.src = \"\/\/connect.facebook.net\/pt_BR\/sdk.js#xfbml=1&appId=691575364226355&version=v2.0\";\n\t\t\t\t  fjs.parentNode.insertBefore(js, fjs);\n\t\t\t\t}(document, 'script', 'facebook-jssdk'));<\/script><\/p>\n<div class=\"fb-like\" data-href=\"https:\/\/www.facebook.com\/aconteceunovale\" data-layout=\"button_count\" data-action=\"like\" data-show-faces=\"true\" data-share=\"true\"><\/div>\n<p><\/br><\/p>\n<p>Um adolescente foi v\u00edtima de uma tentativa de homic\u00eddio na noite deste s\u00e1bado (1\u00ba) em Montes Claros (MG). O crime foi na Rua Portugal, no bairro Independ\u00eancia e, segundo a Pol\u00edcia Militar, o menor de 15 anos foi atingido por cinco tiros, dois no rosto e tr\u00eas nas pernas.<\/p>\n<p>Ainda segundo a PM, a v\u00edtima relatou aos policiais que duas pessoas desconhecidas se aproximaram em uma motocicleta, efetuaram os disparos e fugiram.<\/p>\n<p>A v\u00edtima tem passagens por envolvimento com o tr\u00e1fico de drogas na regi\u00e3o. Ele foi socorrido e permanece internado em um hospital da cidade. Ningu\u00e9m foi preso at\u00e9 a manh\u00e3 deste domingo (2).<br \/>\n<\/br><\/p>\n<h4><strong>Cachorro da ra\u00e7a pitbull \u00e9 morto a tiros em Montes Claros<\/strong><\/h4>\n<div id=\"fb-root\"><\/div>\n<p>\t\t\t\t<script>(function(d, s, id) {\n\t\t\t\t  var js, fjs = d.getElementsByTagName(s)[0];\n\t\t\t\t  if (d.getElementById(id)) return;\n\t\t\t\t  js = d.createElement(s); js.id = id;\n\t\t\t\t  js.src = \"\/\/connect.facebook.net\/pt_BR\/sdk.js#xfbml=1&appId=691575364226355&version=v2.0\";\n\t\t\t\t  fjs.parentNode.insertBefore(js, fjs);\n\t\t\t\t}(document, 'script', 'facebook-jssdk'));<\/script><\/p>\n<div class=\"fb-like\" data-href=\"https:\/\/www.facebook.com\/aconteceunovale\" data-layout=\"button_count\" data-action=\"like\" data-show-faces=\"true\" data-share=\"true\"><\/div>\n<p><\/br><\/p>\n<p>Um cachorro da ra\u00e7a pitbull foi morto a tiros na noite dessa sexta-feira (31) em frente a um supermercado, na BR-135, em Montes Claros (MG). Testemunhas informaram \u00e0 pol\u00edcia que o pitbull estaria atacando um outro animal, quando um motociclista parou e atirou no cachorro. Segundo testemunhas teriam sido pelo menos cinco disparos.<\/p>\n<p>Um cliente que estava na porta do supermercado anotou a placa da motocicleta e chamou a pol\u00edcia, mas at\u00e9 o momento o autor dos disparos n\u00e3o foi localizado.<br \/>\n<\/br><\/p>\n<p><strong><em>(Fonte: Pol\u00edcia Militar \/ Inter TV Grande Minas)<\/em><\/strong><\/p>\n","protected":false},"excerpt":{"rendered":"<p>Motocicleta furtada \u00e9 encontrada e autores presos em Montezuma Uma motocicleta Honda CG 150 Titan, cor preta, ano 2007, placa EIE-1092 Montezuma\/MG, chassi 9C2KC08107T190668 foi encontrada em um matagal na fazenda Jambreiros, na zona rural de Montezuma. A motocicleta havia sido furtada no dia 27 de outubro de 2014. Durante dilig\u00eancias e levantamentos pela Pol\u00edcia [&hellip;]<\/p>\n","protected":false},"author":1,"featured_media":42404,"comment_status":"open","ping_status":"closed","sticky":false,"template":"","format":"standard","meta":{"amp_status":"","footnotes":""},"categories":[1236],"tags":[21993,21994,21983,21984,21987,21986,21980,21988,21989,21992,1195,21985,210,1009,21979,21995,3059,21981,21982,1194,21991,421,21990,419],"class_list":["post-44568","post","type-post","status-publish","format-standard","has-post-thumbnail","hentry","category-norte_de_minas","tag-adolescente-de-15-anos-e-atingido-por-cinco-tiros-em-montes-claros","tag-cachorro-da-raca-pitbull-e-morto-a-tiros-em-montes-claros","tag-cinco-suspeitos-de-assaltos-sao-detidos-em-montes-claros","tag-dois-sao-detidos-apos-assalto-em-onibus-na-regiao-do-village-do-lago-em-montes-claros","tag-dois-sao-presos-tentando-jogar-droga-e-celulares-dentro-de-presidio-de-montes-claros","tag-dupla-assalta-lojas-na-avenida-cula-mangabeira-em-montes-claros","tag-homem-com-mandado-de-prisao-em-aberto-e-preso-em-taiobeiras","tag-homens-atiram-em-rapaz-e-fogem-em-montes-claros","tag-idosa-de-82-anos-e-assaltada-ao-sair-de-casa-loterica-em-mato-verde","tag-idoso-de-70-anos-e-agredido-a-pauladas-por-vizinho-de-27-em-montes-claros","tag-mato-verde","tag-militar-de-folga-ajuda-a-apreender-menor-em-montes-claros","tag-montes-claros","tag-montezuma","tag-motocicleta-furtada-e-encontrada-e-autores-presos-em-montezuma","tag-ocorrencias-em-destaque-no-norte-de-minas-gerais-05-de-novembro-de-2014","tag-pai-pedro","tag-paulo-jose-dos-santos","tag-policia-procura-por-dupla-que-assaltou-cinco-pessoas-em-porteirinha-e-pai-pedro","tag-porteirinha","tag-rapaz-e-adolescente-sao-detidos-por-assaltos-em-montes-claros","tag-rio-pardo-de-minas","tag-suspeito-de-matar-menor-em-abrigo-confessa-crime-em-montes-claros","tag-taiobeiras"],"_links":{"self":[{"href":"https:\/\/aconteceunovale.com.br\/portal\/index.php?rest_route=\/wp\/v2\/posts\/44568","targetHints":{"allow":["GET"]}}],"collection":[{"href":"https:\/\/aconteceunovale.com.br\/portal\/index.php?rest_route=\/wp\/v2\/posts"}],"about":[{"href":"https:\/\/aconteceunovale.com.br\/portal\/index.php?rest_route=\/wp\/v2\/types\/post"}],"author":[{"embeddable":true,"href":"https:\/\/aconteceunovale.com.br\/portal\/index.php?rest_route=\/wp\/v2\/users\/1"}],"replies":[{"embeddable":true,"href":"https:\/\/aconteceunovale.com.br\/portal\/index.php?rest_route=%2Fwp%2Fv2%2Fcomments&post=44568"}],"version-history":[{"count":0,"href":"https:\/\/aconteceunovale.com.br\/portal\/index.php?rest_route=\/wp\/v2\/posts\/44568\/revisions"}],"wp:featuredmedia":[{"embeddable":true,"href":"https:\/\/aconteceunovale.com.br\/portal\/index.php?rest_route=\/wp\/v2\/media\/42404"}],"wp:attachment":[{"href":"https:\/\/aconteceunovale.com.br\/portal\/index.php?rest_route=%2Fwp%2Fv2%2Fmedia&parent=44568"}],"wp:term":[{"taxonomy":"category","embeddable":true,"href":"https:\/\/aconteceunovale.com.br\/portal\/index.php?rest_route=%2Fwp%2Fv2%2Fcategories&post=44568"},{"taxonomy":"post_tag","embeddable":true,"href":"https:\/\/aconteceunovale.com.br\/portal\/index.php?rest_route=%2Fwp%2Fv2%2Ftags&post=44568"}],"curies":[{"name":"wp","href":"https:\/\/api.w.org\/{rel}","templated":true}]}}