{"id":44559,"date":"2014-11-05T17:46:42","date_gmt":"2014-11-05T20:46:42","guid":{"rendered":"http:\/\/aconteceunovale.com.br\/portal\/?p=44559"},"modified":"2014-11-05T23:22:19","modified_gmt":"2014-11-06T02:22:19","slug":"jovem-e-morto-com-golpes-de-machado-e-carregado-em-carrinho-de-mao-pelas-ruas-de-montes-claros","status":"publish","type":"post","link":"https:\/\/aconteceunovale.com.br\/portal\/?p=44559","title":{"rendered":"Jovem \u00e9 morto com golpes de machado e carregado em carrinho de m\u00e3o pelas ruas de Montes Claros"},"content":{"rendered":"<h4><strong><em>V\u00edtima foi brutalmente assassinada com machadas e facadas. Pol\u00edcia acredita que criminosos jogariam o corpo em um c\u00f3rrego.<\/em><\/strong><\/h4>\n<div id=\"fb-root\"><\/div>\n<p>\t\t\t\t<script>(function(d, s, id) {\n\t\t\t\t  var js, fjs = d.getElementsByTagName(s)[0];\n\t\t\t\t  if (d.getElementById(id)) return;\n\t\t\t\t  js = d.createElement(s); js.id = id;\n\t\t\t\t  js.src = \"\/\/connect.facebook.net\/pt_BR\/sdk.js#xfbml=1&appId=691575364226355&version=v2.0\";\n\t\t\t\t  fjs.parentNode.insertBefore(js, fjs);\n\t\t\t\t}(document, 'script', 'facebook-jssdk'));<\/script><\/p>\n<div class=\"fb-like\" data-href=\"https:\/\/www.facebook.com\/aconteceunovale\" data-layout=\"button_count\" data-action=\"like\" data-show-faces=\"true\" data-share=\"true\"><\/div>\n<p><\/br><\/p>\n<p>[image src=&#8221;http:\/\/aconteceunovale.com.br\/portal\/wp-content\/uploads\/2014\/11\/morto_moc_5.jpg&#8221; width=&#8221;225&#8243; height=&#8221;300&#8243; lightbox=&#8221;yes&#8221; align=&#8221;left&#8221; float=&#8221;left&#8221;]Um adolescente de 17 anos foi assassinado na tarde desta quarta-feira, 5 de novembro, no bairro Major Prates em Montes Claros, no Norte de Minas Gerais. Dois jovens, um menor de 15 anos e outro de 21 anos, foram detidos carregando o corpo de Pablo Felipe Cardoso Ribeiro em um carrinho de m\u00e3o pelas ruas do bairro.<\/p>\n<p>\u201cRecebemos den\u00fancia sobre o homic\u00eddio aqui no bairro. Ao chegar na Rua 13, a viatura deparou com dois indiv\u00edduos empurrando o carrinho. Eles fugiram, mas foram detidos logo depois. Provavelmente iriam desovar o corpo pr\u00f3ximo daqui\u201d, explica o sargento Leonardo Neves Correia.<\/p>\n<p>A pol\u00edcia suspeita que o homic\u00eddio tenha liga\u00e7\u00e3o com o tr\u00e1fico de drogas na regi\u00e3o, mas ainda n\u00e3o tem informa\u00e7\u00f5es sobre o envolvimento da v\u00edtima com o com\u00e9rcio de drogas. \u201cA gente ainda n\u00e3o confirmou sobre a vida da v\u00edtima, mas sabemos que era vizinho dos autores, que alegaram n\u00e3o conhec\u00ea-lo apesar de morar uma rua de dist\u00e2ncia. Ent\u00e3o \u00e9 preciso clarear isso com mais contund\u00eancia e vamos fazer no prazo do flagrante de 10 dias\u201d, explica o delegado Bruno Rezende.<\/p>\n<p><img decoding=\"async\" alt=\"\" src=\"http:\/\/aconteceunovale.com.br\/portal\/wp-content\/uploads\/2014\/11\/crime_moc_5_1.jpg\" \/><em>Pol\u00edcia encontrou suspeitos empurrando carrinho com o corpo (Foto: Valdivan Veloso\/G1)<\/em><br \/>\n<\/br><\/p>\n<p>O Crime foi cometido na Rua 4. No local, a pol\u00edcia encontrou uma faca e um machado que foram utilizados para matar o adolescente. \u201cDurante a per\u00edcia podemos avaliar que houve uma briga dentro da resid\u00eancia e que os dois autores participaram do fato. A v\u00edtima foi golpeada por machado e faca e n\u00e3o houve possibilidade de defesa\u201d, afirma.<\/p>\n<p>De acordo com o delegado, na resid\u00eancia foram encontrados ind\u00edcios de uso de drogas. \u201cExistem estes ind\u00edcios, mas n\u00e3o podemos afirmar se hoje eles utilizaram. Por\u00e9m, o maior est\u00e1 bem alterado, nervoso e afirmou que assim que sair da cadeia vai praticar outros homic\u00eddios do tr\u00e1fico\u201d.<\/p>\n<p><img decoding=\"async\" alt=\"\" src=\"http:\/\/aconteceunovale.com.br\/portal\/wp-content\/uploads\/2014\/11\/crime_moc_5_2.jpg\" \/><em>Suspeito disse \u00e0 pol\u00edcia que vai matar outros desafetos (Foto: P\u00e1gina Eventos Moc)<\/em><br \/>\n<\/br><\/p>\n<p>Durante os trabalhos de investiga\u00e7\u00e3o, uma mulher foi detida suspeita de envolvimento no homic\u00eddio. \u201cEla afirmou que esteve no local do crime. Apesar de n\u00e3o confirmar se estava na hora do crime, o fato dela ter liga\u00e7\u00e3o com os autores, leva a crer que tenha participa\u00e7\u00e3o neste homic\u00eddio\u201d, diz o sargento Leonardo.<\/p>\n<p>Os envolvidos foram detidos em flagrante e encaminhados \u00e0 Delegacia de Pol\u00edcia para demais provid\u00eancias.<\/p>\n<p><img decoding=\"async\" alt=\"\" src=\"http:\/\/aconteceunovale.com.br\/portal\/wp-content\/uploads\/2014\/11\/crime_moc_5_3.jpg\" \/><em>Um machado e uma faca foram encontrados no local do crime (Foto: P\u00e1gina Eventos Moc)<\/em><br \/>\n<\/br><\/p>\n<p><strong><em>(Inter TV Grande Minas)<\/em><\/strong><\/p>\n","protected":false},"excerpt":{"rendered":"<p>V\u00edtima foi brutalmente assassinada com machadas e facadas. Pol\u00edcia acredita que criminosos jogariam o corpo em um c\u00f3rrego. [image src=&#8221;http:\/\/aconteceunovale.com.br\/portal\/wp-content\/uploads\/2014\/11\/morto_moc_5.jpg&#8221; width=&#8221;225&#8243; height=&#8221;300&#8243; lightbox=&#8221;yes&#8221; align=&#8221;left&#8221; float=&#8221;left&#8221;]Um adolescente de 17 anos foi assassinado na tarde desta quarta-feira, 5 de novembro, no bairro Major Prates em Montes Claros, no Norte de Minas Gerais. Dois jovens, um menor de [&hellip;]<\/p>\n","protected":false},"author":1,"featured_media":44555,"comment_status":"open","ping_status":"closed","sticky":false,"template":"","format":"standard","meta":{"amp_status":"","footnotes":""},"categories":[1236],"tags":[21968,21970,21967,21969,21966,21972,210,21971,22023],"class_list":["post-44559","post","type-post","status-publish","format-standard","has-post-thumbnail","hentry","category-norte_de_minas","tag-assassinato-montes-claros","tag-assassinato-no-bairro-major-prates-em-montes-claros","tag-homicidio-montes-claros","tag-homicidio-no-bairro-major-prates-em-montes-claros","tag-jovem-e-morto-a-machadada-e-carregado-em-carrinho-de-mao-pelas-ruas-de-montes-claros","tag-jovem-e-morto-com-golpes-de-machado-e-carregado-em-carrinho-de-mao-pelas-ruas-de-montes-claros","tag-montes-claros","tag-morte-no-bairro-major-prates-em-montes-claros","tag-pablo-felipe-cardoso-ribeiro"],"_links":{"self":[{"href":"https:\/\/aconteceunovale.com.br\/portal\/index.php?rest_route=\/wp\/v2\/posts\/44559","targetHints":{"allow":["GET"]}}],"collection":[{"href":"https:\/\/aconteceunovale.com.br\/portal\/index.php?rest_route=\/wp\/v2\/posts"}],"about":[{"href":"https:\/\/aconteceunovale.com.br\/portal\/index.php?rest_route=\/wp\/v2\/types\/post"}],"author":[{"embeddable":true,"href":"https:\/\/aconteceunovale.com.br\/portal\/index.php?rest_route=\/wp\/v2\/users\/1"}],"replies":[{"embeddable":true,"href":"https:\/\/aconteceunovale.com.br\/portal\/index.php?rest_route=%2Fwp%2Fv2%2Fcomments&post=44559"}],"version-history":[{"count":0,"href":"https:\/\/aconteceunovale.com.br\/portal\/index.php?rest_route=\/wp\/v2\/posts\/44559\/revisions"}],"wp:featuredmedia":[{"embeddable":true,"href":"https:\/\/aconteceunovale.com.br\/portal\/index.php?rest_route=\/wp\/v2\/media\/44555"}],"wp:attachment":[{"href":"https:\/\/aconteceunovale.com.br\/portal\/index.php?rest_route=%2Fwp%2Fv2%2Fmedia&parent=44559"}],"wp:term":[{"taxonomy":"category","embeddable":true,"href":"https:\/\/aconteceunovale.com.br\/portal\/index.php?rest_route=%2Fwp%2Fv2%2Fcategories&post=44559"},{"taxonomy":"post_tag","embeddable":true,"href":"https:\/\/aconteceunovale.com.br\/portal\/index.php?rest_route=%2Fwp%2Fv2%2Ftags&post=44559"}],"curies":[{"name":"wp","href":"https:\/\/api.w.org\/{rel}","templated":true}]}}