{"id":44551,"date":"2014-11-05T16:38:25","date_gmt":"2014-11-05T19:38:25","guid":{"rendered":"http:\/\/aconteceunovale.com.br\/portal\/?p=44551"},"modified":"2014-11-05T16:38:25","modified_gmt":"2014-11-05T19:38:25","slug":"encontro-da-agropecuaria-do-leste-de-minas-reune-produtores-rurais-da-regiao-em-governador-valadares","status":"publish","type":"post","link":"https:\/\/aconteceunovale.com.br\/portal\/?p=44551","title":{"rendered":"Encontro da Agropecu\u00e1ria do Leste de Minas re\u00fane produtores rurais da regi\u00e3o em Governador Valadares"},"content":{"rendered":"<h4><strong><em>Piscicultura, fruticultura e cafeicultura s\u00e3o alguns dos temas abordados. Um dos destaques ser\u00e1 a feira de comercializa\u00e7\u00e3o de touros do Pr\u00f3-Gen\u00e9tica<\/em><\/strong><\/h4>\n<div id=\"fb-root\"><\/div>\n<p>\t\t\t\t<script>(function(d, s, id) {\n\t\t\t\t  var js, fjs = d.getElementsByTagName(s)[0];\n\t\t\t\t  if (d.getElementById(id)) return;\n\t\t\t\t  js = d.createElement(s); js.id = id;\n\t\t\t\t  js.src = \"\/\/connect.facebook.net\/pt_BR\/sdk.js#xfbml=1&appId=691575364226355&version=v2.0\";\n\t\t\t\t  fjs.parentNode.insertBefore(js, fjs);\n\t\t\t\t}(document, 'script', 'facebook-jssdk'));<\/script><\/p>\n<div class=\"fb-like\" data-href=\"https:\/\/www.facebook.com\/aconteceunovale\" data-layout=\"button_count\" data-action=\"like\" data-show-faces=\"true\" data-share=\"true\"><\/div>\n<p><\/br><\/p>\n<p>O 2\u00ba Encontro da Agropecu\u00e1ria do Leste de Minas ser\u00e1 realizado em Governador Valadares, de 7 a 9 de novembro. Com palestras, exposi\u00e7\u00f5es e leil\u00f5es, o evento tem o objetivo de discutir novos rumos da agropecu\u00e1ria na regi\u00e3o e ser\u00e1 uma oportunidade de neg\u00f3cios para os produtores rurais.<\/p>\n<p>De acordo com o secret\u00e1rio de Agricultura, Pecu\u00e1ria e Abastecimento, Andr\u00e9 Merlo, o encontro vai apresentar aos produtores da regi\u00e3o novas alternativas de investimento. \u201cO Leste de Minas tem uma pecu\u00e1ria rica, tanto leiteira quanto de corte, mas pode aumentar ainda mais o campo de atua\u00e7\u00e3o estendendo a outras culturas que ser\u00e3o temas do encontro\u201d, explica Merlo.<\/p>\n<p>Piscicultura, fruticultura, cafeicultura e inova\u00e7\u00f5es ser\u00e3o alguns dos temas abordados pelo encontro. O secret\u00e1rio ressalta, ainda, que o evento ser\u00e1 interessante para os produtores que buscam fazer bons neg\u00f3cios, considerando que os parceiros financeiros facilitar\u00e3o o cr\u00e9dito para os produtores participantes.<\/p>\n<p>Um dos destaques do encontro ser\u00e1 a feira de comercializa\u00e7\u00e3o de touros do Pr\u00f3-Gen\u00e9tica, programa desenvolvido pela Secretaria de Agricultura e executado pela Emater-MG, em parceria com a Associa\u00e7\u00e3o Brasileira dos Criadores de Zebu (ABCZ). Um dos objetivos do Pr\u00f3-Gen\u00e9tica \u00e9 viabilizar a compra de touros de alto padr\u00e3o gen\u00e9tico pelos pequenos produtores, melhorando a qualidade do rebanho bovino mineiro.<\/p>\n<p>Durante a feira em Governador Valadares ser\u00e3o oferecidos touros puro de origem, com registro geneal\u00f3gico definitivo, exame androl\u00f3gico positivo e teste negativo de brucelose e tuberculose. A aquisi\u00e7\u00e3o dos animais poder\u00e1 ser feita por meio de financiamentos no Banco do Brasil, Caixa Econ\u00f4mica Federal e Sicoob.<\/p>\n<h4>Programa Minas Leite<\/h4>\n<p>Outra atra\u00e7\u00e3o do Encontro da Agropecu\u00e1ria do Leste de Minas ser\u00e1 a palestra sobre o Minas Leite, ministrada pelo coordenador do programa, Rodrigo Venturin. O Minas Leite foi criado pela Secretaria de Agricultura e suas a\u00e7\u00f5es s\u00e3o executadas pelas suas institui\u00e7\u00f5es vinculadas, Emater-MG e Epamig, com a parceria de sindicatos e associa\u00e7\u00f5es rurais. O objetivo do programa \u00e9 capacitar os produtores leiteiros sobre o uso de tecnologias que potencializam a produ\u00e7\u00e3o de leite dos animais.<\/p>\n<p>Rodrigo Venturin explica que a palestra ter\u00e1 como foco apresentar o programa aos produtores ainda n\u00e3o atendidos. O destaque da apresenta\u00e7\u00e3o ser\u00e1 o munic\u00edpio de Bom Jesus do Galho, que fica no Leste de Minas e obteve bons resultados por meio do Minas Leite. &#8220;Inicialmente, no munic\u00edpio foram atendidas apenas cinco propriedades, mas as instru\u00e7\u00f5es indicadas por esse trabalho atingiram um raio de, aproximadamente, 10 propriedades em torno das fazendas que foram assistidas. A renda do munic\u00edpio aumentou 195%. S\u00f3 nas cinco propriedades atendidas diretamente a produ\u00e7\u00e3o de leite saltou de 56 para 189 litros por dia. Em m\u00e9dia, uma vaca que produzia cerca de 5,6 litros passou a render 14\u201d, relata o coordenador.<\/p>\n<p>Atualmente o Programa Minas Leite j\u00e1 atendeu a 1.480 propriedades em todo o estado, sendo 266 localizadas na regi\u00e3o do Vale do Rio Doce. Existem ainda 150 diagn\u00f3sticos de fazendas da regi\u00e3o em processo de an\u00e1lise para avaliar a assist\u00eancia t\u00e9cnica que melhor se adapta. As informa\u00e7\u00f5es s\u00e3o da <strong>Ag\u00eancia Minas<\/strong>.<\/p>\n","protected":false},"excerpt":{"rendered":"<p>Piscicultura, fruticultura e cafeicultura s\u00e3o alguns dos temas abordados. Um dos destaques ser\u00e1 a feira de comercializa\u00e7\u00e3o de touros do Pr\u00f3-Gen\u00e9tica O 2\u00ba Encontro da Agropecu\u00e1ria do Leste de Minas ser\u00e1 realizado em Governador Valadares, de 7 a 9 de novembro. Com palestras, exposi\u00e7\u00f5es e leil\u00f5es, o evento tem o objetivo de discutir novos rumos [&hellip;]<\/p>\n","protected":false},"author":1,"featured_media":44552,"comment_status":"open","ping_status":"closed","sticky":false,"template":"","format":"standard","meta":{"amp_status":"","footnotes":""},"categories":[121],"tags":[21965,21964,21963,21962,247,9758],"class_list":["post-44551","post","type-post","status-publish","format-standard","has-post-thumbnail","hentry","category-leste","tag-2o-encontro-da-agropecuaria-do-leste-de-minas","tag-associacao-brasileira-dos-criadores-de-zebu","tag-encontro-da-agropecuaria-do-leste-de-minas","tag-encontro-da-agropecuaria-do-leste-de-minas-reune-produtores-rurais-da-regiao-em-governador-valadares","tag-governador-valadares","tag-programa-minas-leite"],"_links":{"self":[{"href":"https:\/\/aconteceunovale.com.br\/portal\/index.php?rest_route=\/wp\/v2\/posts\/44551","targetHints":{"allow":["GET"]}}],"collection":[{"href":"https:\/\/aconteceunovale.com.br\/portal\/index.php?rest_route=\/wp\/v2\/posts"}],"about":[{"href":"https:\/\/aconteceunovale.com.br\/portal\/index.php?rest_route=\/wp\/v2\/types\/post"}],"author":[{"embeddable":true,"href":"https:\/\/aconteceunovale.com.br\/portal\/index.php?rest_route=\/wp\/v2\/users\/1"}],"replies":[{"embeddable":true,"href":"https:\/\/aconteceunovale.com.br\/portal\/index.php?rest_route=%2Fwp%2Fv2%2Fcomments&post=44551"}],"version-history":[{"count":0,"href":"https:\/\/aconteceunovale.com.br\/portal\/index.php?rest_route=\/wp\/v2\/posts\/44551\/revisions"}],"wp:featuredmedia":[{"embeddable":true,"href":"https:\/\/aconteceunovale.com.br\/portal\/index.php?rest_route=\/wp\/v2\/media\/44552"}],"wp:attachment":[{"href":"https:\/\/aconteceunovale.com.br\/portal\/index.php?rest_route=%2Fwp%2Fv2%2Fmedia&parent=44551"}],"wp:term":[{"taxonomy":"category","embeddable":true,"href":"https:\/\/aconteceunovale.com.br\/portal\/index.php?rest_route=%2Fwp%2Fv2%2Fcategories&post=44551"},{"taxonomy":"post_tag","embeddable":true,"href":"https:\/\/aconteceunovale.com.br\/portal\/index.php?rest_route=%2Fwp%2Fv2%2Ftags&post=44551"}],"curies":[{"name":"wp","href":"https:\/\/api.w.org\/{rel}","templated":true}]}}