{"id":44540,"date":"2014-11-05T13:04:49","date_gmt":"2014-11-05T16:04:49","guid":{"rendered":"http:\/\/aconteceunovale.com.br\/portal\/?p=44540"},"modified":"2014-11-05T13:04:49","modified_gmt":"2014-11-05T16:04:49","slug":"apos-cinco-dias-desaparecidas-adolescentes-voltam-para-casa-dizendo-que-foram-para-uma-festa","status":"publish","type":"post","link":"https:\/\/aconteceunovale.com.br\/portal\/?p=44540","title":{"rendered":"Ap\u00f3s cinco dias desaparecidas, adolescentes voltam para casa dizendo que foram para uma festa"},"content":{"rendered":"<h4><em><strong>Jovens devem ser ouvidas ainda nesta quarta-feira (5) pela Pol\u00edcia Civil<\/strong><\/em><\/h4>\n<div id=\"fb-root\"><\/div>\n<p>\t\t\t\t<script>(function(d, s, id) {\n\t\t\t\t  var js, fjs = d.getElementsByTagName(s)[0];\n\t\t\t\t  if (d.getElementById(id)) return;\n\t\t\t\t  js = d.createElement(s); js.id = id;\n\t\t\t\t  js.src = \"\/\/connect.facebook.net\/pt_BR\/sdk.js#xfbml=1&appId=691575364226355&version=v2.0\";\n\t\t\t\t  fjs.parentNode.insertBefore(js, fjs);\n\t\t\t\t}(document, 'script', 'facebook-jssdk'));<\/script><\/p>\n<div class=\"fb-like\" data-href=\"https:\/\/www.facebook.com\/aconteceunovale\" data-layout=\"button_count\" data-action=\"like\" data-show-faces=\"true\" data-share=\"true\"><\/div>\n<p><\/br><\/p>\n<p>As adolescentes Priscila de Souza Ferreira Bento, de 12 Anos, e Larissa Silva de Oliveira, de 14, que estavam desaparecidas desde a \u00faltima quinta-feira (30), voltaram para casa na regi\u00e3o nordeste de Belo Horizonte. <\/p>\n<p><img decoding=\"async\" src=\"http:\/\/aconteceunovale.com.br\/portal\/wp-content\/uploads\/2014\/11\/desaparecidas_bh.png\" alt=\"\" \/><em>Larissa e Priscila est\u00e3o desaparecidas desde a \u00faltima quinta-feira \u2013 Foto: Divulga\u00e7\u00e3o<\/em><br \/>\n<\/br><\/p>\n<p>As duas haviam sido vistas pela \u00faltima vez pelos familiares antes de irem at\u00e9 a casa de uma amiga pegar um caderno para fazer um trabalho de escola durante a noite.<\/p>\n<p>Elas contaram que foram para uma festa no bairro Serra, na regi\u00e3o centro-sul da capital mineira mas n\u00e3o explicaram onde ficaram durante quase cinco dias. A av\u00f3 de Larissa chegou a falar com ela por telefone, pediu que elas duas voltassem, mas elas n\u00e3o deram mais not\u00edcias.<\/p>\n<p>O irm\u00e3o de Priscila, Pedro Henrique Souza, contou ainda que Larissa estaria come\u00e7ando um relacionamento com um rapaz. As jovens teriam sido vistas com ele antes de desaparecer.  &#8220;Minha irm\u00e3 foi l\u00e1 buscar o caderno com a Larissa e na volta pararam dois motoqueiros e falaram que elas iam beber e comer de gra\u00e7a. Elas n\u00e3o queriam ir, mas eles for\u00e7aram tanto que elas subiram na moto e sumiram.&#8221;<\/p>\n<p>De acordo com a Pol\u00edcia Civil, as jovens devem ser ouvidas ainda nesta quarta-feira (5). (R7)<\/p>\n","protected":false},"excerpt":{"rendered":"<p>Jovens devem ser ouvidas ainda nesta quarta-feira (5) pela Pol\u00edcia Civil As adolescentes Priscila de Souza Ferreira Bento, de 12 Anos, e Larissa Silva de Oliveira, de 14, que estavam desaparecidas desde a \u00faltima quinta-feira (30), voltaram para casa na regi\u00e3o nordeste de Belo Horizonte. Larissa e Priscila est\u00e3o desaparecidas desde a \u00faltima quinta-feira \u2013 [&hellip;]<\/p>\n","protected":false},"author":1,"featured_media":44491,"comment_status":"open","ping_status":"closed","sticky":false,"template":"","format":"standard","meta":{"amp_status":"","footnotes":""},"categories":[123],"tags":[21947,194,21880,21948,21879],"class_list":["post-44540","post","type-post","status-publish","format-standard","has-post-thumbnail","hentry","category-gerais","tag-apos-cinco-dias-desaparecidas-adolescentes-voltam-para-casa-dizendo-que-foram-para-uma-festa","tag-belo-horizonte","tag-larissa-silva-de-oliveira","tag-pedro-henrique-souza","tag-priscila-de-souza-ferreira-bento"],"_links":{"self":[{"href":"https:\/\/aconteceunovale.com.br\/portal\/index.php?rest_route=\/wp\/v2\/posts\/44540","targetHints":{"allow":["GET"]}}],"collection":[{"href":"https:\/\/aconteceunovale.com.br\/portal\/index.php?rest_route=\/wp\/v2\/posts"}],"about":[{"href":"https:\/\/aconteceunovale.com.br\/portal\/index.php?rest_route=\/wp\/v2\/types\/post"}],"author":[{"embeddable":true,"href":"https:\/\/aconteceunovale.com.br\/portal\/index.php?rest_route=\/wp\/v2\/users\/1"}],"replies":[{"embeddable":true,"href":"https:\/\/aconteceunovale.com.br\/portal\/index.php?rest_route=%2Fwp%2Fv2%2Fcomments&post=44540"}],"version-history":[{"count":0,"href":"https:\/\/aconteceunovale.com.br\/portal\/index.php?rest_route=\/wp\/v2\/posts\/44540\/revisions"}],"wp:featuredmedia":[{"embeddable":true,"href":"https:\/\/aconteceunovale.com.br\/portal\/index.php?rest_route=\/wp\/v2\/media\/44491"}],"wp:attachment":[{"href":"https:\/\/aconteceunovale.com.br\/portal\/index.php?rest_route=%2Fwp%2Fv2%2Fmedia&parent=44540"}],"wp:term":[{"taxonomy":"category","embeddable":true,"href":"https:\/\/aconteceunovale.com.br\/portal\/index.php?rest_route=%2Fwp%2Fv2%2Fcategories&post=44540"},{"taxonomy":"post_tag","embeddable":true,"href":"https:\/\/aconteceunovale.com.br\/portal\/index.php?rest_route=%2Fwp%2Fv2%2Ftags&post=44540"}],"curies":[{"name":"wp","href":"https:\/\/api.w.org\/{rel}","templated":true}]}}