{"id":44538,"date":"2014-11-05T10:52:33","date_gmt":"2014-11-05T13:52:33","guid":{"rendered":"http:\/\/aconteceunovale.com.br\/portal\/?p=44538"},"modified":"2014-11-05T10:52:33","modified_gmt":"2014-11-05T13:52:33","slug":"garota-que-ficou-ferida-em-acidente-envolvendo-motociclista-inabilitado-morre-em-montes-claros","status":"publish","type":"post","link":"https:\/\/aconteceunovale.com.br\/portal\/?p=44538","title":{"rendered":"Garota que ficou ferida em acidente envolvendo motociclista inabilitado morre em Montes Claros"},"content":{"rendered":"<h4><strong><em>Adolescente de 14 anos sofreu traumatismo craniano e morreu na Santa Casa de Montes Claros. Motociclista seguia em alta velocidade quando bateu em \u00f4nibus.<\/em><\/strong><\/h4>\n<div id=\"fb-root\"><\/div>\n<p>\t\t\t\t<script>(function(d, s, id) {\n\t\t\t\t  var js, fjs = d.getElementsByTagName(s)[0];\n\t\t\t\t  if (d.getElementById(id)) return;\n\t\t\t\t  js = d.createElement(s); js.id = id;\n\t\t\t\t  js.src = \"\/\/connect.facebook.net\/pt_BR\/sdk.js#xfbml=1&appId=691575364226355&version=v2.0\";\n\t\t\t\t  fjs.parentNode.insertBefore(js, fjs);\n\t\t\t\t}(document, 'script', 'facebook-jssdk'));<\/script><\/p>\n<div class=\"fb-like\" data-href=\"https:\/\/www.facebook.com\/aconteceunovale\" data-layout=\"button_count\" data-action=\"like\" data-show-faces=\"true\" data-share=\"true\"><\/div>\n<p><\/br><\/p>\n<p>A adolescente Helen Samara Pereira Silva, de 14 anos, que teve traumatismo craniano ap\u00f3s um acidente na tarde de ter\u00e7a-feira (4), no bairro Jardim Primavera, n\u00e3o resistiu aos ferimentos e morreu na madrugada desta quarta-feira (5), na Santa Casa de Montes Claros, no Norte de Minas. O condutor da motocicleta, J.S.M.R, de 17 anos, teve um ferimento no p\u00e9, foi atendido e liberado.<\/p>\n<p><img decoding=\"async\" src=\"http:\/\/aconteceunovale.com.br\/portal\/wp-content\/uploads\/2014\/11\/acidente_moc_4.jpg\" alt=\"\" \/><em>Jovem n\u00e3o tinha carteira de habilita\u00e7\u00e3o (Foto: Alexandre Fonseca\/G1)<\/em><br \/>\n<\/br><\/p>\n<p>O acidente ocorreu na Avenida Governador Magalh\u00e3es Pinto e envolveu uma moto e um \u00f4nibus. De acordo com informa\u00e7\u00f5es da Pol\u00edcia Rodovi\u00e1ria Federal, os dois ve\u00edculos seguiam no mesmo sentido, quando o motociclista, que n\u00e3o tem Carteira Nacional de Habilita\u00e7\u00e3o (CNH), colidiu violentamente na traseira do ve\u00edculo de transporte coletivo.<\/p>\n<p>O Servi\u00e7o de Atendimento M\u00f3vel de Urg\u00eancia foi acionado e prestou socorro as v\u00edtimas. Os dois adolescentes estavam indo para uma festa em um clube da cidade. (G1)<\/p>\n","protected":false},"excerpt":{"rendered":"<p>Adolescente de 14 anos sofreu traumatismo craniano e morreu na Santa Casa de Montes Claros. Motociclista seguia em alta velocidade quando bateu em \u00f4nibus. A adolescente Helen Samara Pereira Silva, de 14 anos, que teve traumatismo craniano ap\u00f3s um acidente na tarde de ter\u00e7a-feira (4), no bairro Jardim Primavera, n\u00e3o resistiu aos ferimentos e morreu [&hellip;]<\/p>\n","protected":false},"author":1,"featured_media":44478,"comment_status":"open","ping_status":"closed","sticky":false,"template":"","format":"standard","meta":{"amp_status":"","footnotes":""},"categories":[1236],"tags":[21944,21945,21946,210],"class_list":["post-44538","post","type-post","status-publish","format-standard","has-post-thumbnail","hentry","category-norte_de_minas","tag-garota-que-ficou-ferida-em-acidente-envolvendo-motociclista-inabilitado-morre-em-montes-claros","tag-helen-samara-pereira-silva","tag-jhonata-sergio-mendonca-rodrigues","tag-montes-claros"],"_links":{"self":[{"href":"https:\/\/aconteceunovale.com.br\/portal\/index.php?rest_route=\/wp\/v2\/posts\/44538","targetHints":{"allow":["GET"]}}],"collection":[{"href":"https:\/\/aconteceunovale.com.br\/portal\/index.php?rest_route=\/wp\/v2\/posts"}],"about":[{"href":"https:\/\/aconteceunovale.com.br\/portal\/index.php?rest_route=\/wp\/v2\/types\/post"}],"author":[{"embeddable":true,"href":"https:\/\/aconteceunovale.com.br\/portal\/index.php?rest_route=\/wp\/v2\/users\/1"}],"replies":[{"embeddable":true,"href":"https:\/\/aconteceunovale.com.br\/portal\/index.php?rest_route=%2Fwp%2Fv2%2Fcomments&post=44538"}],"version-history":[{"count":0,"href":"https:\/\/aconteceunovale.com.br\/portal\/index.php?rest_route=\/wp\/v2\/posts\/44538\/revisions"}],"wp:featuredmedia":[{"embeddable":true,"href":"https:\/\/aconteceunovale.com.br\/portal\/index.php?rest_route=\/wp\/v2\/media\/44478"}],"wp:attachment":[{"href":"https:\/\/aconteceunovale.com.br\/portal\/index.php?rest_route=%2Fwp%2Fv2%2Fmedia&parent=44538"}],"wp:term":[{"taxonomy":"category","embeddable":true,"href":"https:\/\/aconteceunovale.com.br\/portal\/index.php?rest_route=%2Fwp%2Fv2%2Fcategories&post=44538"},{"taxonomy":"post_tag","embeddable":true,"href":"https:\/\/aconteceunovale.com.br\/portal\/index.php?rest_route=%2Fwp%2Fv2%2Ftags&post=44538"}],"curies":[{"name":"wp","href":"https:\/\/api.w.org\/{rel}","templated":true}]}}