{"id":44517,"date":"2014-11-04T23:06:16","date_gmt":"2014-11-05T02:06:16","guid":{"rendered":"http:\/\/aconteceunovale.com.br\/portal\/?p=44517"},"modified":"2014-11-04T23:06:59","modified_gmt":"2014-11-05T02:06:59","slug":"governador-valadares-lidera-ranking-de-focos-do-mosquito-aedes-aegypti-no-sudeste-do-brasil","status":"publish","type":"post","link":"https:\/\/aconteceunovale.com.br\/portal\/?p=44517","title":{"rendered":"Governador Valadares lidera ranking de focos do mosquito Aedes aegypti no Sudeste do Brasil"},"content":{"rendered":"<h4><em><strong>Cidade do leste de Minas tem o maior \u00edndice de presen\u00e7a do mosquito Aedes aegypti em todo o Sudeste<\/strong><\/em><\/h4>\n<div id=\"fb-root\"><\/div>\n<p>\t\t\t\t<script>(function(d, s, id) {\n\t\t\t\t  var js, fjs = d.getElementsByTagName(s)[0];\n\t\t\t\t  if (d.getElementById(id)) return;\n\t\t\t\t  js = d.createElement(s); js.id = id;\n\t\t\t\t  js.src = \"\/\/connect.facebook.net\/pt_BR\/sdk.js#xfbml=1&appId=691575364226355&version=v2.0\";\n\t\t\t\t  fjs.parentNode.insertBefore(js, fjs);\n\t\t\t\t}(document, 'script', 'facebook-jssdk'));<\/script><\/p>\n<div class=\"fb-like\" data-href=\"https:\/\/www.facebook.com\/aconteceunovale\" data-layout=\"button_count\" data-action=\"like\" data-show-faces=\"true\" data-share=\"true\"><\/div>\n<p><\/br><\/p>\n<p>As cidades de Governador Valadares, no Rio Doce, e Dores do Indai\u00e1, no Centro-Oeste de Minas, lideram o ranking no Sudeste do Levantamento R\u00e1pido do \u00cdndice de Infesta\u00e7\u00e3o pelo Aedes aegypti (LIRAa), divulgado nesta ter\u00e7a-feira (4) pelo Minist\u00e9rio da Sa\u00fade. O estudo identifica os locais onde h\u00e1 focos do mosquito Aedes aegypti \u2013 vetor da dengue e da febre chikungunya. Segundo o levantamento, 5,2% dos im\u00f3veis de Valadares apresentam sinais do mosquito, \u00edndice considerado de alto risco de epidemia (acima de 4%). J\u00e1 Dores de Indai\u00e1 teve \u00edndice de infesta\u00e7\u00e3o de 3,2%, considerado estado de alerta (entre 1% e 3,9%). Em Belo Horizonte, o \u00edndice foi de 0,4%, considerado satisfat\u00f3rio pelo \u00f3rg\u00e3o (abaixo de 1%).<\/p>\n<p>Segundo o t\u00e9cnico superior de sa\u00fade da prefeitura de Governador Valadares, Jos\u00e9 Batista dos Anjos J\u00fanior, o munic\u00edpio tem LIRAa alto h\u00e1 cerca de cinco anos. Isso acontece, segundo ele, porque habitualmente os ralos da cidade s\u00e3o constru\u00eddos com o cano de escoamento elevado, o que favorece a presen\u00e7a de \u00e1gua parada. \u201c\u00c9 um h\u00e1bito, j\u00e1 est\u00e1 em tramita\u00e7\u00e3o uma lei para mudar isso. As constru\u00e7\u00f5es novas j\u00e1 n\u00e3o fazem mais assim\u201d, explica o t\u00e9cnico. Conforme Anjos, 48% dos focos est\u00e3o nos ralos, e \u00e9 preciso jogar \u00e1gua fervente uma vez por semana para matar as lavras.<\/p>\n<h4>Redu\u00e7\u00e3o<\/h4>\n<p>O Minist\u00e9rio da Sa\u00fade divulgou nesta ter\u00e7a-feira ainda que houve redu\u00e7\u00e3o de 86% nos casos de dengue em Minas Gerais. De 1\u00b0 de janeiro a 25 de outubro de 2013, foram registrados 413.863 casos, contra 58.051 no mesmo per\u00edodo deste ano.<\/p>\n<p>Para o professor do departamento de microbiologia da Universidade Federal de Minas Gerais (UFMG) Fl\u00e1vio Guimar\u00e3es da Fonseca, o n\u00famero de casos de dengue em 2014 caiu porque, no ano passado, houve muitas infec\u00e7\u00f5es em decorr\u00eancia do sorotipo 4 da doen\u00e7a, que, na \u00e9poca, era um v\u00edrus novo no pa\u00eds. \u201cNeste ano, as pessoas est\u00e3o imunologicamente resistentes\u201d, explica Fonseca.<\/p>\n<p>Sobre a febre chikungunya, o panorama \u00e9 outro. O especialista explicou que se trata de um v\u00edrus novo, ou seja, a popula\u00e7\u00e3o n\u00e3o tem imunidade.\u201cEle (o v\u00edrus da febre) tem condi\u00e7\u00f5es de gerar surtos importantes\u201d, afirmou. O professor reitera que a redu\u00e7\u00e3o dos casos de dengue n\u00e3o \u00e9 motivo para que a popula\u00e7\u00e3o se descuide do problema e que o risco de epidemia da chikungunya \u00e9 mais um motivo para o combate dos focos do mosquito. \u201cDepende da participa\u00e7\u00e3o da popula\u00e7\u00e3o, o poder p\u00fablico sozinho n\u00e3o d\u00e1 conta\u201d, pondera. As informa\u00e7\u00f5es s\u00e3o do <strong>Portal O Tempo Online<\/strong>.<\/p>\n","protected":false},"excerpt":{"rendered":"<p>Cidade do leste de Minas tem o maior \u00edndice de presen\u00e7a do mosquito Aedes aegypti em todo o Sudeste As cidades de Governador Valadares, no Rio Doce, e Dores do Indai\u00e1, no Centro-Oeste de Minas, lideram o ranking no Sudeste do Levantamento R\u00e1pido do \u00cdndice de Infesta\u00e7\u00e3o pelo Aedes aegypti (LIRAa), divulgado nesta ter\u00e7a-feira (4) [&hellip;]<\/p>\n","protected":false},"author":1,"featured_media":24051,"comment_status":"open","ping_status":"closed","sticky":false,"template":"","format":"standard","meta":{"amp_status":"","footnotes":""},"categories":[121],"tags":[8952,194,1344,13947,11059,21907,247,21905,21908,21832,21831,21906],"class_list":["post-44517","post","type-post","status-publish","format-standard","has-post-thumbnail","hentry","category-leste","tag-aedes-aegypti","tag-belo-horizonte","tag-dengue","tag-dores-do-indaia","tag-febre-chikungunya","tag-focos-do-mosquito-aedes-aegypti","tag-governador-valadares","tag-governador-valadares-lidera-ranking-de-focos-do-mosquito-aedes-aegypti-em-minas","tag-governador-valadares-lidera-ranking-de-focos-do-mosquito-aedes-aegypti-no-sudeste-do-brasil","tag-levantamento-rapido-do-indice-de-infestacao-pelo-aedes-aegypti","tag-liraa","tag-ranking-de-focos-do-mosquito-aedes-aegypti"],"_links":{"self":[{"href":"https:\/\/aconteceunovale.com.br\/portal\/index.php?rest_route=\/wp\/v2\/posts\/44517","targetHints":{"allow":["GET"]}}],"collection":[{"href":"https:\/\/aconteceunovale.com.br\/portal\/index.php?rest_route=\/wp\/v2\/posts"}],"about":[{"href":"https:\/\/aconteceunovale.com.br\/portal\/index.php?rest_route=\/wp\/v2\/types\/post"}],"author":[{"embeddable":true,"href":"https:\/\/aconteceunovale.com.br\/portal\/index.php?rest_route=\/wp\/v2\/users\/1"}],"replies":[{"embeddable":true,"href":"https:\/\/aconteceunovale.com.br\/portal\/index.php?rest_route=%2Fwp%2Fv2%2Fcomments&post=44517"}],"version-history":[{"count":0,"href":"https:\/\/aconteceunovale.com.br\/portal\/index.php?rest_route=\/wp\/v2\/posts\/44517\/revisions"}],"wp:featuredmedia":[{"embeddable":true,"href":"https:\/\/aconteceunovale.com.br\/portal\/index.php?rest_route=\/wp\/v2\/media\/24051"}],"wp:attachment":[{"href":"https:\/\/aconteceunovale.com.br\/portal\/index.php?rest_route=%2Fwp%2Fv2%2Fmedia&parent=44517"}],"wp:term":[{"taxonomy":"category","embeddable":true,"href":"https:\/\/aconteceunovale.com.br\/portal\/index.php?rest_route=%2Fwp%2Fv2%2Fcategories&post=44517"},{"taxonomy":"post_tag","embeddable":true,"href":"https:\/\/aconteceunovale.com.br\/portal\/index.php?rest_route=%2Fwp%2Fv2%2Ftags&post=44517"}],"curies":[{"name":"wp","href":"https:\/\/api.w.org\/{rel}","templated":true}]}}