{"id":44508,"date":"2014-11-04T22:18:59","date_gmt":"2014-11-05T01:18:59","guid":{"rendered":"http:\/\/aconteceunovale.com.br\/portal\/?p=44508"},"modified":"2014-11-04T22:18:59","modified_gmt":"2014-11-05T01:18:59","slug":"caminhoes-irregulares-sao-apreendidos-durante-operacao-em-capelinha","status":"publish","type":"post","link":"https:\/\/aconteceunovale.com.br\/portal\/?p=44508","title":{"rendered":"Caminh\u00f5es irregulares s\u00e3o apreendidos durante opera\u00e7\u00e3o em Capelinha"},"content":{"rendered":"<h4><em><strong>Opera\u00e7\u00e3o Carga Pesada foi desencadeada pela Pol\u00edcia Militar de Capelinha. Sete ve\u00edculos foram apreendidos e 17 autua\u00e7\u00f5es de tr\u00e2nsito lavradas.<\/strong><\/em><\/h4>\n<div id=\"fb-root\"><\/div>\n<p>\t\t\t\t<script>(function(d, s, id) {\n\t\t\t\t  var js, fjs = d.getElementsByTagName(s)[0];\n\t\t\t\t  if (d.getElementById(id)) return;\n\t\t\t\t  js = d.createElement(s); js.id = id;\n\t\t\t\t  js.src = \"\/\/connect.facebook.net\/pt_BR\/sdk.js#xfbml=1&appId=691575364226355&version=v2.0\";\n\t\t\t\t  fjs.parentNode.insertBefore(js, fjs);\n\t\t\t\t}(document, 'script', 'facebook-jssdk'));<\/script><\/p>\n<div class=\"fb-like\" data-href=\"https:\/\/www.facebook.com\/aconteceunovale\" data-layout=\"button_count\" data-action=\"like\" data-show-faces=\"true\" data-share=\"true\"><\/div>\n<p><\/br><\/p>\n<p>A Pol\u00edcia Militar de Capelinha, no Vale do Jequitinhonha, desencadeou nesta ter\u00e7a-feira, 4 de novembro, uma importante opera\u00e7\u00e3o para fiscalizar ve\u00edculos utilizados no transporte de carga. <\/p>\n<p>De acordo com o comandante do Pelot\u00e3o da cidade, 1\u00ba Tenente Allan Freitas, o foco principal da &#8220;Opera\u00e7\u00e3o Carga Pesada&#8221; foi junto aos motoristas de caminh\u00f5es que tem trafegado com uma s\u00e9rie de irregularidades, tanto na documenta\u00e7\u00e3o, quanto na pr\u00f3pria estrutura veicular. <\/p>\n<p><img decoding=\"async\" src=\"http:\/\/aconteceunovale.com.br\/portal\/wp-content\/uploads\/2014\/11\/operacao_carga_pesada_cap.jpg\" alt=\"\" \/><em>Opera\u00e7\u00e3o foi desencadeada nesta ter\u00e7a-feira &#8211; Foto: Pol\u00edcia Militar\/Divulga\u00e7\u00e3o<\/em><br \/>\n<\/br><\/p>\n<p>Ainda segundo o militar, por se tratar de um ve\u00edculo pesado e que pode ocasionar um dano muito expressivo caso se envolva em algum acidente, foi dada aten\u00e7\u00e3o especial ao registrador instant\u00e2neo e inalter\u00e1vel de velocidade, o cronotac\u00f3grafo, que tamb\u00e9m \u00e9 um sistema de gerenciamento de risco, que atua como uma forma preventiva, disponibilizando os recursos para reduzir os riscos da jornada e proporcionar seguran\u00e7as aos motoristas.<\/p>\n<p>Durante a opera\u00e7\u00e3o foram lavradas 17 autua\u00e7\u00f5es de tr\u00e2nsito e cinco caminh\u00f5es, um carro e uma motocicleta foram apreendidos. <\/p>\n<p>&#8220;Estaremos intensificando tamb\u00e9m a fiscaliza\u00e7\u00e3o para coibir ultrapassagens em locais proibidos, com um foco especial no Anel Rodovi\u00e1rio&#8221;, finalizou o comandante do Pelot\u00e3o de Capelinha.<\/p>\n","protected":false},"excerpt":{"rendered":"<p>Opera\u00e7\u00e3o Carga Pesada foi desencadeada pela Pol\u00edcia Militar de Capelinha. Sete ve\u00edculos foram apreendidos e 17 autua\u00e7\u00f5es de tr\u00e2nsito lavradas. A Pol\u00edcia Militar de Capelinha, no Vale do Jequitinhonha, desencadeou nesta ter\u00e7a-feira, 4 de novembro, uma importante opera\u00e7\u00e3o para fiscalizar ve\u00edculos utilizados no transporte de carga. De acordo com o comandante do Pelot\u00e3o da cidade, [&hellip;]<\/p>\n","protected":false},"author":1,"featured_media":44509,"comment_status":"open","ping_status":"closed","sticky":false,"template":"","format":"standard","meta":{"amp_status":"","footnotes":""},"categories":[120],"tags":[21897,132,21898],"class_list":["post-44508","post","type-post","status-publish","format-standard","has-post-thumbnail","hentry","category-jequi","tag-caminhoes-irregulares-sao-apreendidos-durante-operacao-em-capelinha","tag-capelinha","tag-operacao-carga-pesada"],"_links":{"self":[{"href":"https:\/\/aconteceunovale.com.br\/portal\/index.php?rest_route=\/wp\/v2\/posts\/44508","targetHints":{"allow":["GET"]}}],"collection":[{"href":"https:\/\/aconteceunovale.com.br\/portal\/index.php?rest_route=\/wp\/v2\/posts"}],"about":[{"href":"https:\/\/aconteceunovale.com.br\/portal\/index.php?rest_route=\/wp\/v2\/types\/post"}],"author":[{"embeddable":true,"href":"https:\/\/aconteceunovale.com.br\/portal\/index.php?rest_route=\/wp\/v2\/users\/1"}],"replies":[{"embeddable":true,"href":"https:\/\/aconteceunovale.com.br\/portal\/index.php?rest_route=%2Fwp%2Fv2%2Fcomments&post=44508"}],"version-history":[{"count":0,"href":"https:\/\/aconteceunovale.com.br\/portal\/index.php?rest_route=\/wp\/v2\/posts\/44508\/revisions"}],"wp:featuredmedia":[{"embeddable":true,"href":"https:\/\/aconteceunovale.com.br\/portal\/index.php?rest_route=\/wp\/v2\/media\/44509"}],"wp:attachment":[{"href":"https:\/\/aconteceunovale.com.br\/portal\/index.php?rest_route=%2Fwp%2Fv2%2Fmedia&parent=44508"}],"wp:term":[{"taxonomy":"category","embeddable":true,"href":"https:\/\/aconteceunovale.com.br\/portal\/index.php?rest_route=%2Fwp%2Fv2%2Fcategories&post=44508"},{"taxonomy":"post_tag","embeddable":true,"href":"https:\/\/aconteceunovale.com.br\/portal\/index.php?rest_route=%2Fwp%2Fv2%2Ftags&post=44508"}],"curies":[{"name":"wp","href":"https:\/\/api.w.org\/{rel}","templated":true}]}}