{"id":44483,"date":"2014-11-04T20:46:00","date_gmt":"2014-11-04T23:46:00","guid":{"rendered":"http:\/\/aconteceunovale.com.br\/portal\/?p=44483"},"modified":"2014-11-04T20:46:00","modified_gmt":"2014-11-04T23:46:00","slug":"crianca-de-7-anos-morre-apos-cirurgia-em-hospital-de-aracuai","status":"publish","type":"post","link":"https:\/\/aconteceunovale.com.br\/portal\/?p=44483","title":{"rendered":"Crian\u00e7a de 7 anos morre ap\u00f3s cirurgia em hospital de Ara\u00e7ua\u00ed"},"content":{"rendered":"<h4><strong><em>Ele sofreu uma parada card\u00edaca durante a cirurgia para colocar um pino em um dos cotovelos que estava fraturado. O garoto foi transferido para um hospital de Te\u00f3filo Otoni mas n\u00e3o resistiu e morreu durante a viagem.<\/em><\/strong><\/h4>\n<div id=\"fb-root\"><\/div>\n<p>\t\t\t\t<script>(function(d, s, id) {\n\t\t\t\t  var js, fjs = d.getElementsByTagName(s)[0];\n\t\t\t\t  if (d.getElementById(id)) return;\n\t\t\t\t  js = d.createElement(s); js.id = id;\n\t\t\t\t  js.src = \"\/\/connect.facebook.net\/pt_BR\/sdk.js#xfbml=1&appId=691575364226355&version=v2.0\";\n\t\t\t\t  fjs.parentNode.insertBefore(js, fjs);\n\t\t\t\t}(document, 'script', 'facebook-jssdk'));<\/script><\/p>\n<div class=\"fb-like\" data-href=\"https:\/\/www.facebook.com\/aconteceunovale\" data-layout=\"button_count\" data-action=\"like\" data-show-faces=\"true\" data-share=\"true\"><\/div>\n<p><\/br><\/p>\n<p>Dor, revolta, indigna\u00e7\u00e3o e tristeza, marcaram o sepultamento do pequeno Pedro Ot\u00e1vio Martins, de 7 anos, no final da manh\u00e3 desta ter\u00e7a-feira, 4 de novembro no cemit\u00e9rio de Coronel Murta, no Vale do Jequitinhonha. O garoto morreu em conseq\u00fc\u00eancia de complica\u00e7\u00f5es durante uma cirurgia para coloca\u00e7\u00e3o de um pino no cotovelo, fraturado ap\u00f3s uma queda de bicicleta, naquela cidade.<\/p>\n<p>Ele deu entrada no hospital S\u00e3o Vicente de Paulo, em Ara\u00e7ua\u00ed, no s\u00e1bado (1). Ap\u00f3s atendimento, o m\u00e9dico ortopedista Cyrus Delevidoui Coswosk, 33 anos, diagnosticou a fratura, informando aos pais que o garoto deveria ser internado para se submeter a uma cirurgia no dia seguinte, para coloca\u00e7\u00e3o de um pino.<\/p>\n<p><img decoding=\"async\" src=\"http:\/\/aconteceunovale.com.br\/portal\/wp-content\/uploads\/2014\/11\/morte_ara_cm.jpg\" alt=\"\" \/><em>Pedro Ot\u00e1vio em foto com a av\u00f3 em Coronel Murta &#8211; Foto: \u00c1lbum de fam\u00edlia<\/em><br \/>\n<\/br><\/p>\n<p>A cirurgia, com anestesia geral aplicada pelo m\u00e9dico Franklin Resende, 36 anos, foi  iniciada na manh\u00e3 de domingo (2)  e  durou cerca de 10 horas. \u201cDurante a cirurgia o menino teve uma parada card\u00edaca, mas foi feita uma manobra de ressuscita\u00e7\u00e3o cardiorrespirat\u00f3ria e tudo voltou ao normal\u201d,  afirmou o m\u00e9dico Franklin Resende.<\/p>\n<p>No entanto, ao final do procedimento, o garoto n\u00e3o reagiu ao fim da anestesia e teve de continuar entubado e mantido vivo por aparelhos.<\/p>\n<p>Uma pediatra e um cardiologista foram chamados para avaliar o quadro. Eles decidiram transferir a crian\u00e7a para uma Unidade de Terapia Intensiva (UTI) do hospital Santa Ros\u00e1lia, em Te\u00f3filo Otoni. O garoto deixou o hospital S\u00e3o Vicente por volta das 21 horas de domingo, em uma ambul\u00e2ncia do SAMU mas n\u00e3o resistiu e faleceu durante a viagem.<\/p>\n<h4>O que pode ter acontecido?<\/h4>\n<p>\u201cFoi uma fatalidade\u201d, lamentaram os m\u00e9dicos Cyrus Delividoui, diretor t\u00e9cnico do  Hospital S\u00e3o Vicente e Franklin Resende, diretor cl\u00ednico, respons\u00e1vel pela anestesia.<\/p>\n<p>Eles acreditam que o garoto possa ter sofrido um Acidente Vascular Cerebral (AVC) ou uma embolia pulmonar, durante a cirurgia.<\/p>\n<p>O corpo do menino foi periciado no Instituto M\u00e9dico  Legal de Te\u00f3filo Otoni (IML) e liberado para sepultamento. O laudo ainda n\u00e3o foi divulgado.<\/p>\n<p>Ainda de acordo com os m\u00e9dicos respons\u00e1veis pelo procedimento, o garoto n\u00e3o foi submetido a nenhum exame antes de ser operado. \u201cFizemos apenas uma an\u00e1lise pr\u00e9via com os pais e chegamos a conclus\u00e3o que o menino tinha uma boa sa\u00fade e por isso dispensava exames mais complexos\u201d, afirmaram os m\u00e9dicos.<\/p>\n<p>\u201c\u00c9 frustrante ver a morte de uma crian\u00e7a nesta idade. Estamos ansiosos para a conclus\u00e3o do laudo que apontar\u00e1 as reais causas da morte dele\u201d, finalizaram os m\u00e9dicos que pediram para n\u00e3o serem fotografados.<\/p>\n<p>Muito abalada, a fam\u00edlia ainda n\u00e3o se pronunciou sobre as medidas que ser\u00e3o tomadas. Aluno do ensino fundamental da Escola Municipal Rossana Murta, Pedro Otavio era filho \u00fanico do casal Wagner e M\u00e1rcia Soares. Ele costumava acompanhar o pai nos jogos de futebol no gin\u00e1sio poliesportivo da cidade.<\/p>\n<p><strong><em>(Gazeta de Ara\u00e7ua\u00ed \/ Rep\u00f3rter: S\u00e9rgio Vasconcelos)<\/em><\/strong><\/p>\n","protected":false},"excerpt":{"rendered":"<p>Ele sofreu uma parada card\u00edaca durante a cirurgia para colocar um pino em um dos cotovelos que estava fraturado. O garoto foi transferido para um hospital de Te\u00f3filo Otoni mas n\u00e3o resistiu e morreu durante a viagem. Dor, revolta, indigna\u00e7\u00e3o e tristeza, marcaram o sepultamento do pequeno Pedro Ot\u00e1vio Martins, de 7 anos, no final [&hellip;]<\/p>\n","protected":false},"author":1,"featured_media":44484,"comment_status":"open","ping_status":"closed","sticky":false,"template":"","format":"standard","meta":{"amp_status":"","footnotes":""},"categories":[120],"tags":[186,483,21870,1018,21871,21872,21869,164],"class_list":["post-44483","post","type-post","status-publish","format-standard","has-post-thumbnail","hentry","category-jequi","tag-aracuai","tag-coronel-murta","tag-crianca-de-7-anos-morre-apos-cirurgia-em-hospital-de-aracuai","tag-destaque","tag-hospital-sao-vicente-de-paulo","tag-hospital-sao-vicente-de-paulo-de-aracuai","tag-pedro-otavio-martins","tag-teofilo-otoni"],"_links":{"self":[{"href":"https:\/\/aconteceunovale.com.br\/portal\/index.php?rest_route=\/wp\/v2\/posts\/44483","targetHints":{"allow":["GET"]}}],"collection":[{"href":"https:\/\/aconteceunovale.com.br\/portal\/index.php?rest_route=\/wp\/v2\/posts"}],"about":[{"href":"https:\/\/aconteceunovale.com.br\/portal\/index.php?rest_route=\/wp\/v2\/types\/post"}],"author":[{"embeddable":true,"href":"https:\/\/aconteceunovale.com.br\/portal\/index.php?rest_route=\/wp\/v2\/users\/1"}],"replies":[{"embeddable":true,"href":"https:\/\/aconteceunovale.com.br\/portal\/index.php?rest_route=%2Fwp%2Fv2%2Fcomments&post=44483"}],"version-history":[{"count":0,"href":"https:\/\/aconteceunovale.com.br\/portal\/index.php?rest_route=\/wp\/v2\/posts\/44483\/revisions"}],"wp:featuredmedia":[{"embeddable":true,"href":"https:\/\/aconteceunovale.com.br\/portal\/index.php?rest_route=\/wp\/v2\/media\/44484"}],"wp:attachment":[{"href":"https:\/\/aconteceunovale.com.br\/portal\/index.php?rest_route=%2Fwp%2Fv2%2Fmedia&parent=44483"}],"wp:term":[{"taxonomy":"category","embeddable":true,"href":"https:\/\/aconteceunovale.com.br\/portal\/index.php?rest_route=%2Fwp%2Fv2%2Fcategories&post=44483"},{"taxonomy":"post_tag","embeddable":true,"href":"https:\/\/aconteceunovale.com.br\/portal\/index.php?rest_route=%2Fwp%2Fv2%2Ftags&post=44483"}],"curies":[{"name":"wp","href":"https:\/\/api.w.org\/{rel}","templated":true}]}}