{"id":44477,"date":"2014-11-04T20:25:59","date_gmt":"2014-11-04T23:25:59","guid":{"rendered":"http:\/\/aconteceunovale.com.br\/portal\/?p=44477"},"modified":"2014-11-04T20:25:59","modified_gmt":"2014-11-04T23:25:59","slug":"motociclista-inabilitado-bate-na-traseira-de-onibus-e-dois-ficam-feridos-em-montes-claros","status":"publish","type":"post","link":"https:\/\/aconteceunovale.com.br\/portal\/?p=44477","title":{"rendered":"Motociclista inabilitado bate na traseira de \u00f4nibus e dois ficam feridos em Montes Claros"},"content":{"rendered":"<h4><em><strong>Moto era conduzida por um rapaz sem carteira de habilita\u00e7\u00e3o. Uma garota de 14 anos, que estava na garupa, ficou gravemente ferida.<\/strong><\/em><\/h4>\n<div id=\"fb-root\"><\/div>\n<p>\t\t\t\t<script>(function(d, s, id) {\n\t\t\t\t  var js, fjs = d.getElementsByTagName(s)[0];\n\t\t\t\t  if (d.getElementById(id)) return;\n\t\t\t\t  js = d.createElement(s); js.id = id;\n\t\t\t\t  js.src = \"\/\/connect.facebook.net\/pt_BR\/sdk.js#xfbml=1&appId=691575364226355&version=v2.0\";\n\t\t\t\t  fjs.parentNode.insertBefore(js, fjs);\n\t\t\t\t}(document, 'script', 'facebook-jssdk'));<\/script><\/p>\n<div class=\"fb-like\" data-href=\"https:\/\/www.facebook.com\/aconteceunovale\" data-layout=\"button_count\" data-action=\"like\" data-show-faces=\"true\" data-share=\"true\"><\/div>\n<p><\/br><\/p>\n<p>Uma ultrapassagem na Avenida Magalh\u00e3es Pinto, bairro Jardim Primavera, causou um grave acidente na tarde desta ter\u00e7a-feira, 4 de novembro, em Montes Claros, no Norte de Minas Gerais. Um rapaz de 17 anos e uma adolescente de 14 anos trafegavam em uma motocicleta quando bateram na traseira de um \u00f4nibus.<\/p>\n<p>Segundo a Pol\u00edcia Rodovi\u00e1ria Federal, as v\u00edtimas estavam indo para uma festa em um clube da cidade. A motocicleta era conduzida pelo rapaz, que n\u00e3o tem Carteira Nacional de Habilita\u00e7\u00e3o (CNH). Na batida ele fraturou a perna direita.<\/p>\n<p>O Servi\u00e7o de Atendimento M\u00f3vel de Urg\u00eancia (SAMU), prestou socorro \u00e0s v\u00edtimas e informou que a adolescente teve um traumatismo craniano. Ela foi encaminhada em estado grave \u00e0 Santa Casa de Montes Claros.<\/p>\n<p><img decoding=\"async\" src=\"http:\/\/aconteceunovale.com.br\/portal\/wp-content\/uploads\/2014\/11\/acidente_moc_4.jpg\" alt=\"\" \/><em>Jovem n\u00e3o tinha carteira de habilita\u00e7\u00e3o (Foto: Alexandre Fonseca\/G1)<\/em><br \/>\n<\/br><\/p>\n<p><strong><em>(Inter TV Grande Minas)<\/em><\/strong><\/p>\n","protected":false},"excerpt":{"rendered":"<p>Moto era conduzida por um rapaz sem carteira de habilita\u00e7\u00e3o. Uma garota de 14 anos, que estava na garupa, ficou gravemente ferida. Uma ultrapassagem na Avenida Magalh\u00e3es Pinto, bairro Jardim Primavera, causou um grave acidente na tarde desta ter\u00e7a-feira, 4 de novembro, em Montes Claros, no Norte de Minas Gerais. Um rapaz de 17 anos [&hellip;]<\/p>\n","protected":false},"author":1,"featured_media":44478,"comment_status":"open","ping_status":"closed","sticky":false,"template":"","format":"standard","meta":{"amp_status":"","footnotes":""},"categories":[1236],"tags":[16673,21866,21865,1018,210,21864],"class_list":["post-44477","post","type-post","status-publish","format-standard","has-post-thumbnail","hentry","category-norte_de_minas","tag-acidente-em-montes-claros","tag-acidente-na-avenida-magalhaes-pinto","tag-acidente-no-jardim-primavera-em-montes-claros","tag-destaque","tag-montes-claros","tag-motociclista-inabilitado-bate-na-traseira-de-onibus-e-dois-ficam-feridos-em-montes-claros"],"_links":{"self":[{"href":"https:\/\/aconteceunovale.com.br\/portal\/index.php?rest_route=\/wp\/v2\/posts\/44477","targetHints":{"allow":["GET"]}}],"collection":[{"href":"https:\/\/aconteceunovale.com.br\/portal\/index.php?rest_route=\/wp\/v2\/posts"}],"about":[{"href":"https:\/\/aconteceunovale.com.br\/portal\/index.php?rest_route=\/wp\/v2\/types\/post"}],"author":[{"embeddable":true,"href":"https:\/\/aconteceunovale.com.br\/portal\/index.php?rest_route=\/wp\/v2\/users\/1"}],"replies":[{"embeddable":true,"href":"https:\/\/aconteceunovale.com.br\/portal\/index.php?rest_route=%2Fwp%2Fv2%2Fcomments&post=44477"}],"version-history":[{"count":0,"href":"https:\/\/aconteceunovale.com.br\/portal\/index.php?rest_route=\/wp\/v2\/posts\/44477\/revisions"}],"wp:featuredmedia":[{"embeddable":true,"href":"https:\/\/aconteceunovale.com.br\/portal\/index.php?rest_route=\/wp\/v2\/media\/44478"}],"wp:attachment":[{"href":"https:\/\/aconteceunovale.com.br\/portal\/index.php?rest_route=%2Fwp%2Fv2%2Fmedia&parent=44477"}],"wp:term":[{"taxonomy":"category","embeddable":true,"href":"https:\/\/aconteceunovale.com.br\/portal\/index.php?rest_route=%2Fwp%2Fv2%2Fcategories&post=44477"},{"taxonomy":"post_tag","embeddable":true,"href":"https:\/\/aconteceunovale.com.br\/portal\/index.php?rest_route=%2Fwp%2Fv2%2Ftags&post=44477"}],"curies":[{"name":"wp","href":"https:\/\/api.w.org\/{rel}","templated":true}]}}