{"id":44471,"date":"2014-11-04T20:08:57","date_gmt":"2014-11-04T23:08:57","guid":{"rendered":"http:\/\/aconteceunovale.com.br\/portal\/?p=44471"},"modified":"2014-11-04T20:08:57","modified_gmt":"2014-11-04T23:08:57","slug":"feridos-em-acidente-podem-estar-envolvidos-em-furto-de-carro-em-governador-valadares","status":"publish","type":"post","link":"https:\/\/aconteceunovale.com.br\/portal\/?p=44471","title":{"rendered":"Feridos em acidente podem estar envolvidos em furto de carro em Governador Valadares"},"content":{"rendered":"<h4><em><strong>Pol\u00edcia diz que carro batido foi furtado em Valadares na manh\u00e3 desta ter\u00e7a. Dois dos feridos foram levados em estado grave para o hospital.<\/strong><\/em><\/h4>\n<div id=\"fb-root\"><\/div>\n<p>\t\t\t\t<script>(function(d, s, id) {\n\t\t\t\t  var js, fjs = d.getElementsByTagName(s)[0];\n\t\t\t\t  if (d.getElementById(id)) return;\n\t\t\t\t  js = d.createElement(s); js.id = id;\n\t\t\t\t  js.src = \"\/\/connect.facebook.net\/pt_BR\/sdk.js#xfbml=1&appId=691575364226355&version=v2.0\";\n\t\t\t\t  fjs.parentNode.insertBefore(js, fjs);\n\t\t\t\t}(document, 'script', 'facebook-jssdk'));<\/script><\/p>\n<div class=\"fb-like\" data-href=\"https:\/\/www.facebook.com\/aconteceunovale\" data-layout=\"button_count\" data-action=\"like\" data-show-faces=\"true\" data-share=\"true\"><\/div>\n<p><\/br><\/p>\n<p>Tr\u00eas pessoas ficaram feridas em um acidente na tarde desta ter\u00e7a-feira, 4 de novembro, na BR-381, no Bairro Turmalina, em Governador Valadares, no Leste de Minas Gerais. O motorista do caminh\u00e3o disse que estava com o ve\u00edculo parado quando a pick up bateu na traseira. As causas do acidente ainda s\u00e3o investigadas, mas a suspeita \u00e9 de que o motorista tenha perdido o controle da dire\u00e7\u00e3o.<\/p>\n<p>Tr\u00eas homens estavam no carro, dois tiveram ferimentos graves, segundo o Corpo de Bombeiros. Todos foram levados para o Hospital Municipal e as identidades deles n\u00e3o foram divulgadas.<\/p>\n<p>Segundo a Pol\u00edcia Militar, o ve\u00edculo foi furtado na manh\u00e3 desta ter\u00e7a-feira, na Rua Sete de Setembro em Valadares. A pol\u00edcia vai investigar se as v\u00edtimas do acidente t\u00eam envolvimento no crime. \u201cO ve\u00edculo \u00e9 produto de um furto, se for comprovada a participa\u00e7\u00e3o do trio neste crime a pol\u00edcia vai tomar as devidas provid\u00eancias\u201d, diz o capit\u00e3o Jaques Faria.<\/p>\n<p><img decoding=\"async\" src=\"http:\/\/aconteceunovale.com.br\/portal\/wp-content\/uploads\/2014\/11\/acidente_gv_4.jpg\" alt=\"\" \/><em>Carro batido havia sido furtado no per\u00edodo da manh\u00e3 (Foto: George Gon\u00e7alves\/Inter TV dos Vales)<\/em><br \/>\n<\/br><\/p>\n<p><em><strong>(Inter TV dos Vales)<\/strong><\/em><\/p>\n","protected":false},"excerpt":{"rendered":"<p>Pol\u00edcia diz que carro batido foi furtado em Valadares na manh\u00e3 desta ter\u00e7a. Dois dos feridos foram levados em estado grave para o hospital. Tr\u00eas pessoas ficaram feridas em um acidente na tarde desta ter\u00e7a-feira, 4 de novembro, na BR-381, no Bairro Turmalina, em Governador Valadares, no Leste de Minas Gerais. O motorista do caminh\u00e3o [&hellip;]<\/p>\n","protected":false},"author":1,"featured_media":44472,"comment_status":"open","ping_status":"closed","sticky":false,"template":"","format":"standard","meta":{"amp_status":"","footnotes":""},"categories":[121],"tags":[12667,20070,20071,21860,247],"class_list":["post-44471","post","type-post","status-publish","format-standard","has-post-thumbnail","hentry","category-leste","tag-acidente-em-governador-valadares","tag-acidente-em-gv","tag-acidente-em-valadares","tag-feridos-em-acidente-podem-estar-envolvidos-em-furto-de-carro-em-governador-valadares","tag-governador-valadares"],"_links":{"self":[{"href":"https:\/\/aconteceunovale.com.br\/portal\/index.php?rest_route=\/wp\/v2\/posts\/44471","targetHints":{"allow":["GET"]}}],"collection":[{"href":"https:\/\/aconteceunovale.com.br\/portal\/index.php?rest_route=\/wp\/v2\/posts"}],"about":[{"href":"https:\/\/aconteceunovale.com.br\/portal\/index.php?rest_route=\/wp\/v2\/types\/post"}],"author":[{"embeddable":true,"href":"https:\/\/aconteceunovale.com.br\/portal\/index.php?rest_route=\/wp\/v2\/users\/1"}],"replies":[{"embeddable":true,"href":"https:\/\/aconteceunovale.com.br\/portal\/index.php?rest_route=%2Fwp%2Fv2%2Fcomments&post=44471"}],"version-history":[{"count":0,"href":"https:\/\/aconteceunovale.com.br\/portal\/index.php?rest_route=\/wp\/v2\/posts\/44471\/revisions"}],"wp:featuredmedia":[{"embeddable":true,"href":"https:\/\/aconteceunovale.com.br\/portal\/index.php?rest_route=\/wp\/v2\/media\/44472"}],"wp:attachment":[{"href":"https:\/\/aconteceunovale.com.br\/portal\/index.php?rest_route=%2Fwp%2Fv2%2Fmedia&parent=44471"}],"wp:term":[{"taxonomy":"category","embeddable":true,"href":"https:\/\/aconteceunovale.com.br\/portal\/index.php?rest_route=%2Fwp%2Fv2%2Fcategories&post=44471"},{"taxonomy":"post_tag","embeddable":true,"href":"https:\/\/aconteceunovale.com.br\/portal\/index.php?rest_route=%2Fwp%2Fv2%2Ftags&post=44471"}],"curies":[{"name":"wp","href":"https:\/\/api.w.org\/{rel}","templated":true}]}}