{"id":44468,"date":"2014-11-04T20:01:06","date_gmt":"2014-11-04T23:01:06","guid":{"rendered":"http:\/\/aconteceunovale.com.br\/portal\/?p=44468"},"modified":"2014-11-04T20:01:06","modified_gmt":"2014-11-04T23:01:06","slug":"populacao-impede-assalto-em-relojoaria-de-governador-valadares","status":"publish","type":"post","link":"https:\/\/aconteceunovale.com.br\/portal\/?p=44468","title":{"rendered":"Popula\u00e7\u00e3o impede assalto em relojoaria de Governador Valadares"},"content":{"rendered":"<h4><strong><em>Crime aconteceu na tarde desta ter\u00e7a-feira no Centro de Governador Valadares. Populares conseguiram deter o suspeito at\u00e9 a chegada da pol\u00edcia.<\/em><\/strong><\/h4>\n<div id=\"fb-root\"><\/div>\n<p>\t\t\t\t<script>(function(d, s, id) {\n\t\t\t\t  var js, fjs = d.getElementsByTagName(s)[0];\n\t\t\t\t  if (d.getElementById(id)) return;\n\t\t\t\t  js = d.createElement(s); js.id = id;\n\t\t\t\t  js.src = \"\/\/connect.facebook.net\/pt_BR\/sdk.js#xfbml=1&appId=691575364226355&version=v2.0\";\n\t\t\t\t  fjs.parentNode.insertBefore(js, fjs);\n\t\t\t\t}(document, 'script', 'facebook-jssdk'));<\/script><\/p>\n<div class=\"fb-like\" data-href=\"https:\/\/www.facebook.com\/aconteceunovale\" data-layout=\"button_count\" data-action=\"like\" data-show-faces=\"true\" data-share=\"true\"><\/div>\n<p><\/br><\/p>\n<p>Um homem de 40 anos foi preso na tarde desta ter\u00e7a-feira, 4 de novembro, durante uma tentativa de assalto a uma relojoaria de Governador Valadares, no Leste de Minas Gerais. Um segundo suspeito de envolvimento no crime tamb\u00e9m \u00e9 procurado pela pol\u00edcia.<\/p>\n<p><img decoding=\"async\" src=\"http:\/\/aconteceunovale.com.br\/portal\/wp-content\/uploads\/2014\/11\/assalto_gv_4.jpg\" alt=\"\" \/><em>Suspeito foi preso e levado para a delegacia de Valadares (Foto: Diego Souza\/G1)<\/em><br \/>\n<\/br><\/p>\n<p>A tentativa de assalto aconteceu em loja, na Rua B\u00e1rbara Heliodora, no Centro da cidade. Segundo a pol\u00edcia, populares conseguiram deter o suspeito at\u00e9 a chegada dos militares.<\/p>\n<p>\u201cQuando fomos informados do assalto e chegamos no local a comunidade que estava por l\u00e1 j\u00e1 havia dominado o suspeito. No momento que ele sacou a arma e foi impedido por populares. N\u00e3o houve disparo, mas ele estava com uma arma 765 com 10 cartuchos intactos\u201d, contou o sargento Weberson C\u00e2ndido Pereira.<\/p>\n<p>Ap\u00f3s ser preso o suspeito foi levado para a delegacia. Segundo a PM, Lindon Rodrigues de Souza j\u00e1 tem passagem pela pol\u00edcia por roubo, uso e tr\u00e1fico de drogas.<\/p>\n<p>A Pol\u00edcia Militar recomenda que em casos como este a melhor solu\u00e7\u00e3o \u00e9 n\u00e3o reagir. &#8220;Na inten\u00e7\u00e3o de segura-lo e impedi-lo de praticar o assalto os populares acabaram ferindo levemente o suspeito, mas nada de mais grave. A nossa recomenda\u00e7\u00e3o \u00e9 que ningu\u00e9m reaja a um assalto&#8221;, diz o sargento.<\/p>\n<p><em><strong>(Inter TV dos Vales)<\/strong><\/em><\/p>\n","protected":false},"excerpt":{"rendered":"<p>Crime aconteceu na tarde desta ter\u00e7a-feira no Centro de Governador Valadares. Populares conseguiram deter o suspeito at\u00e9 a chegada da pol\u00edcia. Um homem de 40 anos foi preso na tarde desta ter\u00e7a-feira, 4 de novembro, durante uma tentativa de assalto a uma relojoaria de Governador Valadares, no Leste de Minas Gerais. Um segundo suspeito de [&hellip;]<\/p>\n","protected":false},"author":1,"featured_media":44469,"comment_status":"open","ping_status":"closed","sticky":false,"template":"","format":"standard","meta":{"amp_status":"","footnotes":""},"categories":[121],"tags":[21858,247,21857,21859],"class_list":["post-44468","post","type-post","status-publish","format-standard","has-post-thumbnail","hentry","category-leste","tag-assalto-em-joalheria-de-governador-valadares","tag-governador-valadares","tag-lindon-rodrigues-de-souza","tag-populacao-impede-assalto-em-relojoaria-de-governador-valadares"],"_links":{"self":[{"href":"https:\/\/aconteceunovale.com.br\/portal\/index.php?rest_route=\/wp\/v2\/posts\/44468","targetHints":{"allow":["GET"]}}],"collection":[{"href":"https:\/\/aconteceunovale.com.br\/portal\/index.php?rest_route=\/wp\/v2\/posts"}],"about":[{"href":"https:\/\/aconteceunovale.com.br\/portal\/index.php?rest_route=\/wp\/v2\/types\/post"}],"author":[{"embeddable":true,"href":"https:\/\/aconteceunovale.com.br\/portal\/index.php?rest_route=\/wp\/v2\/users\/1"}],"replies":[{"embeddable":true,"href":"https:\/\/aconteceunovale.com.br\/portal\/index.php?rest_route=%2Fwp%2Fv2%2Fcomments&post=44468"}],"version-history":[{"count":0,"href":"https:\/\/aconteceunovale.com.br\/portal\/index.php?rest_route=\/wp\/v2\/posts\/44468\/revisions"}],"wp:featuredmedia":[{"embeddable":true,"href":"https:\/\/aconteceunovale.com.br\/portal\/index.php?rest_route=\/wp\/v2\/media\/44469"}],"wp:attachment":[{"href":"https:\/\/aconteceunovale.com.br\/portal\/index.php?rest_route=%2Fwp%2Fv2%2Fmedia&parent=44468"}],"wp:term":[{"taxonomy":"category","embeddable":true,"href":"https:\/\/aconteceunovale.com.br\/portal\/index.php?rest_route=%2Fwp%2Fv2%2Fcategories&post=44468"},{"taxonomy":"post_tag","embeddable":true,"href":"https:\/\/aconteceunovale.com.br\/portal\/index.php?rest_route=%2Fwp%2Fv2%2Ftags&post=44468"}],"curies":[{"name":"wp","href":"https:\/\/api.w.org\/{rel}","templated":true}]}}