{"id":44458,"date":"2014-11-04T13:30:53","date_gmt":"2014-11-04T16:30:53","guid":{"rendered":"http:\/\/aconteceunovale.com.br\/portal\/?p=44458"},"modified":"2014-11-04T13:30:53","modified_gmt":"2014-11-04T16:30:53","slug":"ifnmg-prorroga-inscricoes-para-processo-seletivo-e-vestibular","status":"publish","type":"post","link":"https:\/\/aconteceunovale.com.br\/portal\/?p=44458","title":{"rendered":"IFNMG prorroga inscri\u00e7\u00f5es para processo seletivo e vestibular"},"content":{"rendered":"<h4><strong><em>Prazo \u00e9 at\u00e9 quinta-feira (6) e taxa de inscri\u00e7\u00e3o pode ser paga at\u00e9 dia 7. Institui\u00e7\u00e3o oferece cursos em nove cidades do Norte de Minas.<\/em><\/strong><\/h4>\n<p>As inscri\u00e7\u00f5es para o processo seletivo e vestibular 2015 do Instituto Federal do Norte de Minas Gerais (IFNMG) foram prorrogadas at\u00e9 a pr\u00f3xima quinta-feira (6). A taxa de inscri\u00e7\u00e3o \u00e9 de R$ 15 e R$ 35 respectivamente, e pode pagar at\u00e9 sexta-feira (7).<\/p>\n<p>A institui\u00e7\u00e3o oferece ao todo 1.880 vagas para cursos t\u00e9cnicos e superiores gratuitos em nove cidades: Almenara, Ara\u00e7ua\u00ed, Arinos, Jana\u00faba, Janu\u00e1ria, Montes Claros, Pirapora, Salinas e Te\u00f3filo Otoni.<\/p>\n<p>As provas do vestibular est\u00e3o previstas para o dia 30 de novembro e do processo seletivo no dia 14 de dezembro. Outras informa\u00e7\u00f5es <a href=\"http:\/\/www.ifnmg.edu.br\/\" target=\"_blank\">atrav\u00e9s do site<\/a>.<\/p>\n","protected":false},"excerpt":{"rendered":"<p>Prazo \u00e9 at\u00e9 quinta-feira (6) e taxa de inscri\u00e7\u00e3o pode ser paga at\u00e9 dia 7. Institui\u00e7\u00e3o oferece cursos em nove cidades do Norte de Minas. As inscri\u00e7\u00f5es para o processo seletivo e vestibular 2015 do Instituto Federal do Norte de Minas Gerais (IFNMG) foram prorrogadas at\u00e9 a pr\u00f3xima quinta-feira (6). A taxa de inscri\u00e7\u00e3o \u00e9 [&hellip;]<\/p>\n","protected":false},"author":1,"featured_media":40040,"comment_status":"open","ping_status":"closed","sticky":false,"template":"","format":"standard","meta":{"amp_status":"","footnotes":""},"categories":[1236],"tags":[142,186,253,255,21845,21847,21846,204,205,210,254,190,164],"class_list":["post-44458","post","type-post","status-publish","format-standard","has-post-thumbnail","hentry","category-norte_de_minas","tag-almenara","tag-aracuai","tag-arinos","tag-ifnmg","tag-ifnmg-prorroga-inscricoes-para-processo-seletivo-e-vestibular","tag-inscricoes-para-o-processo-seletivo-e-vestibular-2015-do-ifnmg","tag-inscricoes-para-o-processo-seletivo-e-vestibular-2015-do-instituto-federal-do-norte-de-minas-gerais","tag-janauba","tag-januaria","tag-montes-claros","tag-pirapora","tag-salinas","tag-teofilo-otoni"],"_links":{"self":[{"href":"https:\/\/aconteceunovale.com.br\/portal\/index.php?rest_route=\/wp\/v2\/posts\/44458","targetHints":{"allow":["GET"]}}],"collection":[{"href":"https:\/\/aconteceunovale.com.br\/portal\/index.php?rest_route=\/wp\/v2\/posts"}],"about":[{"href":"https:\/\/aconteceunovale.com.br\/portal\/index.php?rest_route=\/wp\/v2\/types\/post"}],"author":[{"embeddable":true,"href":"https:\/\/aconteceunovale.com.br\/portal\/index.php?rest_route=\/wp\/v2\/users\/1"}],"replies":[{"embeddable":true,"href":"https:\/\/aconteceunovale.com.br\/portal\/index.php?rest_route=%2Fwp%2Fv2%2Fcomments&post=44458"}],"version-history":[{"count":0,"href":"https:\/\/aconteceunovale.com.br\/portal\/index.php?rest_route=\/wp\/v2\/posts\/44458\/revisions"}],"wp:featuredmedia":[{"embeddable":true,"href":"https:\/\/aconteceunovale.com.br\/portal\/index.php?rest_route=\/wp\/v2\/media\/40040"}],"wp:attachment":[{"href":"https:\/\/aconteceunovale.com.br\/portal\/index.php?rest_route=%2Fwp%2Fv2%2Fmedia&parent=44458"}],"wp:term":[{"taxonomy":"category","embeddable":true,"href":"https:\/\/aconteceunovale.com.br\/portal\/index.php?rest_route=%2Fwp%2Fv2%2Fcategories&post=44458"},{"taxonomy":"post_tag","embeddable":true,"href":"https:\/\/aconteceunovale.com.br\/portal\/index.php?rest_route=%2Fwp%2Fv2%2Ftags&post=44458"}],"curies":[{"name":"wp","href":"https:\/\/api.w.org\/{rel}","templated":true}]}}