{"id":44450,"date":"2014-11-04T13:12:58","date_gmt":"2014-11-04T16:12:58","guid":{"rendered":"http:\/\/aconteceunovale.com.br\/portal\/?p=44450"},"modified":"2014-11-04T13:12:58","modified_gmt":"2014-11-04T16:12:58","slug":"carro-cai-em-ribanceira-e-deixa-nove-pessoas-feridas-na-br-262","status":"publish","type":"post","link":"https:\/\/aconteceunovale.com.br\/portal\/?p=44450","title":{"rendered":"Carro cai em ribanceira e deixa nove pessoas feridas na BR-262"},"content":{"rendered":"<h4><em><strong>Suspeita \u00e9 de que o motoristas tenha dado carona para os outros ocupantes, que eram levados no ba\u00fa do ve\u00edculo<\/strong><\/em><\/h4>\n<div id=\"fb-root\"><\/div>\n<p>\t\t\t\t<script>(function(d, s, id) {\n\t\t\t\t  var js, fjs = d.getElementsByTagName(s)[0];\n\t\t\t\t  if (d.getElementById(id)) return;\n\t\t\t\t  js = d.createElement(s); js.id = id;\n\t\t\t\t  js.src = \"\/\/connect.facebook.net\/pt_BR\/sdk.js#xfbml=1&appId=691575364226355&version=v2.0\";\n\t\t\t\t  fjs.parentNode.insertBefore(js, fjs);\n\t\t\t\t}(document, 'script', 'facebook-jssdk'));<\/script><\/p>\n<div class=\"fb-like\" data-href=\"https:\/\/www.facebook.com\/aconteceunovale\" data-layout=\"button_count\" data-action=\"like\" data-show-faces=\"true\" data-share=\"true\"><\/div>\n<p><\/br><\/p>\n<p>Um acidente com uma Fiorino deixou nove pessoas feridas na manh\u00e3 desta ter\u00e7a-feira, 4 de novembro, na BR-262, perto de Par\u00e1 de Minas, na Regi\u00e3o Centro-Oeste de Minas Gerais. <\/p>\n<p>O acidente aconteceu por volta das 6h10. Segundo o Corpo de Bombeiros da cidade, a suspeita \u00e9 de que o motorista tenha dado carona para as outras pessoas, que eram levadas no ba\u00fa da Fiorino. Ao passar pelo km 420, no distrito de Torneiro, ele perdeu o controle do ve\u00edculo em uma reta, saiu da pista e caiu em uma ribanceira com oito metros de altura. <\/p>\n<p><img decoding=\"async\" src=\"http:\/\/aconteceunovale.com.br\/portal\/wp-content\/uploads\/2014\/11\/acidente_262.jpg\" alt=\"\" \/><em>Ve\u00edculo caiu em uma ribanceira com oito metros de altura &#8211; Foto: PM\/Divulga\u00e7\u00e3o<\/em><br \/>\n<\/br><\/p>\n<p>As v\u00edtimas, ainda sem identifica\u00e7\u00e3o, foram socorridas por equipes do Corpo de Bombeiros, Servi\u00e7o de Atendimento M\u00f3vel de Urg\u00eancia (Samu) e da concession\u00e1ria respons\u00e1vel pelo trecho. Elas foram levadas para hospitais de Par\u00e1 de Minas e Nova Serrana. Duas v\u00edtimas em estado grave foram conduzidas ao Hospital Jo\u00e3o XXIII, em Belo Horizonte. <\/p>\n<p>Equipes da Pol\u00edcia Rodovi\u00e1ria Federal (PRF) estiveram no local para apoiar os trabalhos. Conforme a PRF, a pista no sentido Belo Horizonte\/Tri\u00e2ngulo foi interditada por meia hora para o pouso e decolagem do helic\u00f3ptero dos bombeiros. O ve\u00edculo que se envolveu no acidente tem placas da cidade de Concei\u00e7\u00e3o do Par\u00e1, tamb\u00e9m no Centro-Oeste do estado. <\/p>\n<p>Ainda segundo policiais, as v\u00edtimas viajavam de \u00f4nibus para Belo Horizonte, onde realizariam consultas m\u00e9dicas, mas o ve\u00edculo teve problemas mec\u00e2nicos e n\u00e3o p\u00f4de seguir. Com medo de perder a consulta, elas teriam pedido carona ao motorista da Fiorino. As causas do acidente ainda s\u00e3o desconhecidas.<\/p>\n<p><em><strong>(Estado de Minas)<\/strong><\/em><\/p>\n","protected":false},"excerpt":{"rendered":"<p>Suspeita \u00e9 de que o motoristas tenha dado carona para os outros ocupantes, que eram levados no ba\u00fa do ve\u00edculo Um acidente com uma Fiorino deixou nove pessoas feridas na manh\u00e3 desta ter\u00e7a-feira, 4 de novembro, na BR-262, perto de Par\u00e1 de Minas, na Regi\u00e3o Centro-Oeste de Minas Gerais. O acidente aconteceu por volta das [&hellip;]<\/p>\n","protected":false},"author":1,"featured_media":44451,"comment_status":"open","ping_status":"closed","sticky":false,"template":"","format":"standard","meta":{"amp_status":"","footnotes":""},"categories":[123],"tags":[21838,21837,21836,21839,1018,962],"class_list":["post-44450","post","type-post","status-publish","format-standard","has-post-thumbnail","hentry","category-gerais","tag-acidente-com-fiorino-em-para-de-minas","tag-acidente-em-para-de-minas","tag-carro-cai-em-ribanceira-e-deixa-nove-pessoas-feridas-na-br-262","tag-carro-cai-em-ribanceira-em-para-de-minas","tag-destaque","tag-para-de-minas"],"_links":{"self":[{"href":"https:\/\/aconteceunovale.com.br\/portal\/index.php?rest_route=\/wp\/v2\/posts\/44450","targetHints":{"allow":["GET"]}}],"collection":[{"href":"https:\/\/aconteceunovale.com.br\/portal\/index.php?rest_route=\/wp\/v2\/posts"}],"about":[{"href":"https:\/\/aconteceunovale.com.br\/portal\/index.php?rest_route=\/wp\/v2\/types\/post"}],"author":[{"embeddable":true,"href":"https:\/\/aconteceunovale.com.br\/portal\/index.php?rest_route=\/wp\/v2\/users\/1"}],"replies":[{"embeddable":true,"href":"https:\/\/aconteceunovale.com.br\/portal\/index.php?rest_route=%2Fwp%2Fv2%2Fcomments&post=44450"}],"version-history":[{"count":0,"href":"https:\/\/aconteceunovale.com.br\/portal\/index.php?rest_route=\/wp\/v2\/posts\/44450\/revisions"}],"wp:featuredmedia":[{"embeddable":true,"href":"https:\/\/aconteceunovale.com.br\/portal\/index.php?rest_route=\/wp\/v2\/media\/44451"}],"wp:attachment":[{"href":"https:\/\/aconteceunovale.com.br\/portal\/index.php?rest_route=%2Fwp%2Fv2%2Fmedia&parent=44450"}],"wp:term":[{"taxonomy":"category","embeddable":true,"href":"https:\/\/aconteceunovale.com.br\/portal\/index.php?rest_route=%2Fwp%2Fv2%2Fcategories&post=44450"},{"taxonomy":"post_tag","embeddable":true,"href":"https:\/\/aconteceunovale.com.br\/portal\/index.php?rest_route=%2Fwp%2Fv2%2Ftags&post=44450"}],"curies":[{"name":"wp","href":"https:\/\/api.w.org\/{rel}","templated":true}]}}