{"id":44444,"date":"2014-11-04T13:00:14","date_gmt":"2014-11-04T16:00:14","guid":{"rendered":"http:\/\/aconteceunovale.com.br\/portal\/?p=44444"},"modified":"2014-11-04T13:00:54","modified_gmt":"2014-11-04T16:00:54","slug":"jose-dirceu-sera-liberado-nesta-terca-feira-para-cumprir-pena-em-casa","status":"publish","type":"post","link":"https:\/\/aconteceunovale.com.br\/portal\/?p=44444","title":{"rendered":"Jos\u00e9 Dirceu ser\u00e1 liberado nesta ter\u00e7a-feira para cumprir pena em casa"},"content":{"rendered":"<div id=\"fb-root\"><\/div>\n<p>\t\t\t\t<script>(function(d, s, id) {\n\t\t\t\t  var js, fjs = d.getElementsByTagName(s)[0];\n\t\t\t\t  if (d.getElementById(id)) return;\n\t\t\t\t  js = d.createElement(s); js.id = id;\n\t\t\t\t  js.src = \"\/\/connect.facebook.net\/pt_BR\/sdk.js#xfbml=1&appId=691575364226355&version=v2.0\";\n\t\t\t\t  fjs.parentNode.insertBefore(js, fjs);\n\t\t\t\t}(document, 'script', 'facebook-jssdk'));<\/script><\/p>\n<div class=\"fb-like\" data-href=\"https:\/\/www.facebook.com\/aconteceunovale\" data-layout=\"button_count\" data-action=\"like\" data-show-faces=\"true\" data-share=\"true\"><\/div>\n<p><\/br><\/p>\n<p>O ex-ministro Jos\u00e9 Dirceu, condenado no processo do mensal\u00e3o, deve ser liberado na tarde desta ter\u00e7a-feira, 4, para cumprir em casa o restante da pena a ele imposta por corrup\u00e7\u00e3o ativa no esquema do mensal\u00e3o. Dirceu teve a progress\u00e3o de regime autorizada na semana passada pelo ministro Lu\u00eds Roberto Barroso, do Supremo Tribunal Federal (STF), e hoje \u00e0 tarde participar\u00e1 de audi\u00eancia na Vara de Execu\u00e7\u00f5es de Penas e Medidas Alternativas (Vepema), em Bras\u00edlia, onde vai receber instru\u00e7\u00f5es sobre o regime aberto.<\/p>\n<p>Condenado a 7 anos e 11 meses de pris\u00e3o, Dirceu cumpre pena desde 15 de novembro do ano passado no regime semiaberto &#8211; no qual sai para trabalhar durante o dia e retorna ao Centro de Progress\u00e3o Penitenci\u00e1ria de Bras\u00edlia (CPP) durante \u00e0 noite. No regime aberto, Dirceu teria que cumprir a pena em casa do albergado. Como esse tipo de estabelecimento n\u00e3o existe em Bras\u00edlia, os presos s\u00e3o autorizados a cumprir o restante da san\u00e7\u00e3o em casa.<\/p>\n<p>A progress\u00e3o de regime \u00e9 prevista na legisla\u00e7\u00e3o como benef\u00edcio aos presos que j\u00e1 cumpriram um sexto da pena e t\u00eam bom comportamento. Apesar de Dirceu ter cumprido apenas cerca de 11 meses de pena, o ex-ministro teve 142 dias da pena original descontados, por ter trabalhado enquanto esteve no semiaberto. Os presos t\u00eam direito a desconto de um dia de pena para cada tr\u00eas dias trabalhados.<\/p>\n<h4>Funcionamento<\/h4>\n<p>Na Vepema, Dirceu receber\u00e1 as instru\u00e7\u00f5es sobre o regime aberto. A Lei de Execu\u00e7\u00f5es Penais prev\u00ea que o preso em regime aberto n\u00e3o pode se ausentar da cidade onde mora sem autoriza\u00e7\u00e3o judicial e determina que o condenado compare\u00e7a a ju\u00edzo quando for chamado, para informar e justificar suas atividades.<\/p>\n<p>A Justi\u00e7a do DF estabelece ainda a necessidade do condenado permanecer em casa das 21 horas \u00e0s 5 horas, a proibi\u00e7\u00e3o de frequentar bares e de realizar encontros com outros condenados que estejam cumprindo pena.<\/p>\n<p>Durante per\u00edodo determinado em audi\u00eancia pelo juiz, Dirceu deve permanecer em casa nos domingos e feriados por tempo integral, salvo autoriza\u00e7\u00e3o pr\u00e9via. Tamb\u00e9m n\u00e3o \u00e9 permitido portar armas, &#8220;usar ou portar&#8221; entorpecentes e bebidas alco\u00f3licas, frequentar locais de prostitui\u00e7\u00e3o, jogos, bares e similares.<\/p>\n<p>A manuten\u00e7\u00e3o do benef\u00edcio da pris\u00e3o domiciliar em regime aberto depende do comportamento do condenado. Caso as restri\u00e7\u00f5es n\u00e3o sejam cumpridas, Dirceu pode perder o direito \u00e0 progress\u00e3o de regime.<\/p>\n<p><strong><em>(Ag\u00eancia Estado)<\/em><\/strong><\/p>\n","protected":false},"excerpt":{"rendered":"<p>O ex-ministro Jos\u00e9 Dirceu, condenado no processo do mensal\u00e3o, deve ser liberado na tarde desta ter\u00e7a-feira, 4, para cumprir em casa o restante da pena a ele imposta por corrup\u00e7\u00e3o ativa no esquema do mensal\u00e3o. Dirceu teve a progress\u00e3o de regime autorizada na semana passada pelo ministro Lu\u00eds Roberto Barroso, do Supremo Tribunal Federal (STF), [&hellip;]<\/p>\n","protected":false},"author":1,"featured_media":43726,"comment_status":"open","ping_status":"closed","sticky":false,"template":"","format":"standard","meta":{"amp_status":"","footnotes":""},"categories":[6],"tags":[21829,21828,20932,21827,21826,20935],"class_list":["post-44444","post","type-post","status-publish","format-standard","has-post-thumbnail","hentry","category-br","tag-condenado-no-processo-do-mensalao","tag-ex-ministro-jose-dirceu","tag-jose-dirceu","tag-jose-dirceu-sera-liberado","tag-jose-dirceu-sera-liberado-nesta-terca-feira-para-cumprir-pena-em-casa","tag-mensalao"],"_links":{"self":[{"href":"https:\/\/aconteceunovale.com.br\/portal\/index.php?rest_route=\/wp\/v2\/posts\/44444","targetHints":{"allow":["GET"]}}],"collection":[{"href":"https:\/\/aconteceunovale.com.br\/portal\/index.php?rest_route=\/wp\/v2\/posts"}],"about":[{"href":"https:\/\/aconteceunovale.com.br\/portal\/index.php?rest_route=\/wp\/v2\/types\/post"}],"author":[{"embeddable":true,"href":"https:\/\/aconteceunovale.com.br\/portal\/index.php?rest_route=\/wp\/v2\/users\/1"}],"replies":[{"embeddable":true,"href":"https:\/\/aconteceunovale.com.br\/portal\/index.php?rest_route=%2Fwp%2Fv2%2Fcomments&post=44444"}],"version-history":[{"count":0,"href":"https:\/\/aconteceunovale.com.br\/portal\/index.php?rest_route=\/wp\/v2\/posts\/44444\/revisions"}],"wp:featuredmedia":[{"embeddable":true,"href":"https:\/\/aconteceunovale.com.br\/portal\/index.php?rest_route=\/wp\/v2\/media\/43726"}],"wp:attachment":[{"href":"https:\/\/aconteceunovale.com.br\/portal\/index.php?rest_route=%2Fwp%2Fv2%2Fmedia&parent=44444"}],"wp:term":[{"taxonomy":"category","embeddable":true,"href":"https:\/\/aconteceunovale.com.br\/portal\/index.php?rest_route=%2Fwp%2Fv2%2Fcategories&post=44444"},{"taxonomy":"post_tag","embeddable":true,"href":"https:\/\/aconteceunovale.com.br\/portal\/index.php?rest_route=%2Fwp%2Fv2%2Ftags&post=44444"}],"curies":[{"name":"wp","href":"https:\/\/api.w.org\/{rel}","templated":true}]}}