{"id":44434,"date":"2014-11-04T12:45:03","date_gmt":"2014-11-04T15:45:03","guid":{"rendered":"http:\/\/aconteceunovale.com.br\/portal\/?p=44434"},"modified":"2014-11-04T12:45:03","modified_gmt":"2014-11-04T15:45:03","slug":"parceria-pela-vida-o-samu-mais-perto-de-voce","status":"publish","type":"post","link":"https:\/\/aconteceunovale.com.br\/portal\/?p=44434","title":{"rendered":"Parceria pela Vida: O Samu mais perto de voc\u00ea"},"content":{"rendered":"<h4><em><strong>Samu realiza reuni\u00f5es p\u00fablicas no Norte de Minas com objetivo de orientar a popula\u00e7\u00e3o para melhor utiliza\u00e7\u00e3o do servi\u00e7o<\/strong><\/em><\/h4>\n<div id=\"fb-root\"><\/div>\n<p>\t\t\t\t<script>(function(d, s, id) {\n\t\t\t\t  var js, fjs = d.getElementsByTagName(s)[0];\n\t\t\t\t  if (d.getElementById(id)) return;\n\t\t\t\t  js = d.createElement(s); js.id = id;\n\t\t\t\t  js.src = \"\/\/connect.facebook.net\/pt_BR\/sdk.js#xfbml=1&appId=691575364226355&version=v2.0\";\n\t\t\t\t  fjs.parentNode.insertBefore(js, fjs);\n\t\t\t\t}(document, 'script', 'facebook-jssdk'));<\/script><\/p>\n<div class=\"fb-like\" data-href=\"https:\/\/www.facebook.com\/aconteceunovale\" data-layout=\"button_count\" data-action=\"like\" data-show-faces=\"true\" data-share=\"true\"><\/div>\n<p><\/br><\/p>\n<p>A partir desta quarta-feira, 05\/11, o Servi\u00e7o de Atendimento M\u00f3vel de Urg\u00eancia do Norte de Minas (Samu Macro Norte) inicia uma s\u00e9rie de reuni\u00f5es p\u00fablicas, com o tema \u201cParceria pela Vida: O Samu mais perto de voc\u00ea\u201d. As reuni\u00f5es ser\u00e3o realizadas nos munic\u00edpios sede das microrregi\u00f5es, com objetivo de promover um esfor\u00e7o de comunica\u00e7\u00e3o de car\u00e1ter educativo e social para que a popula\u00e7\u00e3o seja orientada em rela\u00e7\u00e3o \u00e0 melhor utiliza\u00e7\u00e3o do servi\u00e7o. <\/p>\n<p><img decoding=\"async\" src=\"http:\/\/aconteceunovale.com.br\/portal\/wp-content\/uploads\/2014\/11\/samu_pela_vida_nm_2.jpg\" alt=\"\" \/><em>O Samu mais perto de voc\u00ea &#8211; Foto: Divulga\u00e7\u00e3o\/Samu Macro Norte<\/em><br \/>\n<\/br> <\/p>\n<p>A primeira reuni\u00e3o ser\u00e1 realizada em Monte Azul, nesta quarta-feira, \u00e0s 15 horas, reunindo a popula\u00e7\u00e3o e representantes dos 15 munic\u00edpios da regi\u00e3o de sa\u00fade Jana\u00faba\/Monte Azul. <\/p>\n<p>Durante o encontro, ser\u00e3o apresentados os dados estat\u00edsticos dos atendimentos do Samu na microrregi\u00e3o; orienta\u00e7\u00f5es sobre a ado\u00e7\u00e3o de comportamento seguro para evitar acidentes ou situa\u00e7\u00f5es que coloquem a vida em risco; as situa\u00e7\u00f5es em que o Samu deve ser acionado pelo n\u00famero 192; e apresenta\u00e7\u00e3o dos avan\u00e7os alcan\u00e7ados pelo servi\u00e7o nos \u00faltimos cinco anos. <\/p>\n<p>O presidente do Cons\u00f3rcio Intermunicipal de Sa\u00fade da rede de Urg\u00eancia do Norte de Minas (Cisrun) e prefeito de Bocaiuva, Ricardo Afonso Veloso, destaca que em dezembro de 2014 o Samu Macro Norte completa seis anos, mas ainda registra cerca de 30% dos chamados como liga\u00e7\u00e3o de brincadeira, e \u00e9 importante que a popula\u00e7\u00e3o seja orientada para melhor utilizar o servi\u00e7o. \u201cAl\u00e9m de dificultar o atendimento a uma pessoa que realmente necessita, os trotes geram gastos de recursos com a sa\u00edda de ambul\u00e2ncias desnecessariamente\u201d, ressalta o prefeito.<\/p>\n<p>De acordo com o Minist\u00e9rio da Sa\u00fade, cada sa\u00edda de uma unidade de suporte b\u00e1sico gera gasto de R$ 1.100,00, e de uma unidade avan\u00e7ada (UTI m\u00f3vel), de R$ 2.300,00. <\/p>\n<p>O Samu Macro Norte recebe uma m\u00e9dia mensal de 45 mil chamados e, al\u00e9m dos trotes, muitos acionamentos s\u00e3o para situa\u00e7\u00f5es que n\u00e3o se configuram urg\u00eancia ou emerg\u00eancia. As estat\u00edsticas mostram que cerca de 10% dos chamados s\u00e3o resolvidos apenas com orienta\u00e7\u00e3o do m\u00e9dico regulador e 18% dos pacientes atendidos s\u00e3o liberados no local, sem necessidade de serem encaminhados ao hospital. <\/p>\n<p><img decoding=\"async\" src=\"http:\/\/aconteceunovale.com.br\/portal\/wp-content\/uploads\/2014\/11\/samu_pela_vida_nm_1.jpg\" alt=\"\" \/><em>O Samu mais perto de voc\u00ea &#8211; Foto: Divulga\u00e7\u00e3o\/Samu Macro Norte<\/em><br \/>\n<\/br> <\/p>\n<p>O m\u00e9dico coordenador, \u00canius Freire Versiani, explica que o Samu deve realizar a orienta\u00e7\u00e3o m\u00e9dica, e \u00e9 importante que a popula\u00e7\u00e3o receba essa assist\u00eancia. \u201cMas ainda temos muitos casos que realmente n\u00e3o necessitariam de deslocamento de uma unidade de emerg\u00eancia e outras situa\u00e7\u00f5es em que a pessoa deveria acionar o 192 e n\u00e3o liga, indo direto para o hospital. Ent\u00e3o, nossa proposta \u00e9 esclarecer em que situa\u00e7\u00f5es o servi\u00e7o deve ser acionado e como \u00e9 a din\u00e2mica do atendimento, para facilitar o entendimento e acesso das pessoas ao servi\u00e7o\u201d, esclarece o m\u00e9dico.<\/p>\n<p>O Samu foi implantado de forma regionalizada em 2009, a partir da organiza\u00e7\u00e3o da Rede de Urg\u00eancia e Emerg\u00eancia na regi\u00e3o, projeto piloto que serviu de modelo para organiza\u00e7\u00e3o regionalizada do servi\u00e7o nas demais regi\u00f5es do Estado de Minas Gerais, integrando 86 munic\u00edpios e beneficiando mais de um milh\u00e3o e meio de pessoas, resultado da parceria do Governo do Estado com o Governo Federal e as prefeituras. <\/p>\n<p>A Central de Regula\u00e7\u00e3o, em Montes Claros, recebe mais de 1.500 chamados por dia, e a cada doze minutos uma equipe do SAMU atende uma emerg\u00eancia em algum ponto da regi\u00e3o, salvando vidas, sem descanso. \u201cCom as reuni\u00f5es p\u00fablicas, nossa expectativa \u00e9 que o Samu possa estar cada vez mais perto da popula\u00e7\u00e3o, seja orientando na regula\u00e7\u00e3o m\u00e9dica, seja no atendimento no local, que pode ser em qualquer lugar: resid\u00eancia, local de trabalho ou vias p\u00fablicas\u201d, ressalta \u00canius Versiani.<\/p>\n<p>As reuni\u00f5es p\u00fablicas ser\u00e3o realizadas nos munic\u00edpios de Monte Azul (05\/11), S\u00e3o Francisco (11\/11), Janu\u00e1ria e Manga (12\/11), Francisco S\u00e1 (19\/11), Cora\u00e7\u00e3o de Jesus (26\/11), Bocaiuva (27\/11), Montes Claros\t(28\/11), Taiobeiras (04\/12) e Pirapora (08\/12).<\/p>\n<p>No mesmo dia, o N\u00facleo de Educa\u00e7\u00e3o Permanente do Samu realizar\u00e1 um curso de urg\u00eancia e emerg\u00eancia para os profissionais do Samu e das portas de entrada dos munic\u00edpios envolvidos no encontro.<\/p>\n<p><img decoding=\"async\" src=\"http:\/\/aconteceunovale.com.br\/portal\/wp-content\/uploads\/2014\/11\/samu_pela_vida_nm_3.jpg\" alt=\"\" \/><em>O Samu mais perto de voc\u00ea &#8211; Foto: Divulga\u00e7\u00e3o\/Samu Macro Norte<\/em><\/p>\n","protected":false},"excerpt":{"rendered":"<p>Samu realiza reuni\u00f5es p\u00fablicas no Norte de Minas com objetivo de orientar a popula\u00e7\u00e3o para melhor utiliza\u00e7\u00e3o do servi\u00e7o A partir desta quarta-feira, 05\/11, o Servi\u00e7o de Atendimento M\u00f3vel de Urg\u00eancia do Norte de Minas (Samu Macro Norte) inicia uma s\u00e9rie de reuni\u00f5es p\u00fablicas, com o tema \u201cParceria pela Vida: O Samu mais perto de [&hellip;]<\/p>\n","protected":false},"author":1,"featured_media":44436,"comment_status":"open","ping_status":"closed","sticky":false,"template":"","format":"standard","meta":{"amp_status":"","footnotes":""},"categories":[1236],"tags":[645,1801,1395,204,205,1356,1277,210,21819,21817,254,4040,21818,21820,1522,20717,419],"class_list":["post-44434","post","type-post","status-publish","format-standard","has-post-thumbnail","hentry","category-norte_de_minas","tag-bocaiuva","tag-coracao-de-jesus","tag-francisco-sa","tag-janauba","tag-januaria","tag-manga","tag-monte-azul","tag-montes-claros","tag-parceria-pela-vida","tag-parceria-pela-vida-o-samu-mais-perto-de-voce","tag-pirapora","tag-samu-macro-norte","tag-samu-mais-perto-de-voce","tag-samu-realiza-reunioes-publicas-no-norte-de-minas-com-objetivo-de-orientar-a-populacao-para-melhor-utilizacao-do-servico","tag-sao-francisco","tag-servico-de-atendimento-movel-de-urgencia-do-norte-de-minas","tag-taiobeiras"],"_links":{"self":[{"href":"https:\/\/aconteceunovale.com.br\/portal\/index.php?rest_route=\/wp\/v2\/posts\/44434","targetHints":{"allow":["GET"]}}],"collection":[{"href":"https:\/\/aconteceunovale.com.br\/portal\/index.php?rest_route=\/wp\/v2\/posts"}],"about":[{"href":"https:\/\/aconteceunovale.com.br\/portal\/index.php?rest_route=\/wp\/v2\/types\/post"}],"author":[{"embeddable":true,"href":"https:\/\/aconteceunovale.com.br\/portal\/index.php?rest_route=\/wp\/v2\/users\/1"}],"replies":[{"embeddable":true,"href":"https:\/\/aconteceunovale.com.br\/portal\/index.php?rest_route=%2Fwp%2Fv2%2Fcomments&post=44434"}],"version-history":[{"count":0,"href":"https:\/\/aconteceunovale.com.br\/portal\/index.php?rest_route=\/wp\/v2\/posts\/44434\/revisions"}],"wp:featuredmedia":[{"embeddable":true,"href":"https:\/\/aconteceunovale.com.br\/portal\/index.php?rest_route=\/wp\/v2\/media\/44436"}],"wp:attachment":[{"href":"https:\/\/aconteceunovale.com.br\/portal\/index.php?rest_route=%2Fwp%2Fv2%2Fmedia&parent=44434"}],"wp:term":[{"taxonomy":"category","embeddable":true,"href":"https:\/\/aconteceunovale.com.br\/portal\/index.php?rest_route=%2Fwp%2Fv2%2Fcategories&post=44434"},{"taxonomy":"post_tag","embeddable":true,"href":"https:\/\/aconteceunovale.com.br\/portal\/index.php?rest_route=%2Fwp%2Fv2%2Ftags&post=44434"}],"curies":[{"name":"wp","href":"https:\/\/api.w.org\/{rel}","templated":true}]}}